{"id":39546,"date":"2015-02-12T21:28:44","date_gmt":"2015-02-13T00:28:44","guid":{"rendered":"http:\/\/www.hoymercedes.com.ar\/principal\/?p=39546"},"modified":"2015-02-12T21:28:44","modified_gmt":"2015-02-13T00:28:44","slug":"dos-heridos-por-accidente-en-olivera-tras-volar-piedra","status":"publish","type":"post","link":"https:\/\/www.hoymercedes.com.ar\/principal\/2015\/02\/12\/dos-heridos-por-accidente-en-olivera-tras-volar-piedra\/","title":{"rendered":"Dos heridos por accidente en Olivera tras volar piedra"},"content":{"rendered":"<figure id=\"attachment_39547\" aria-describedby=\"caption-attachment-39547\" style=\"width: 610px\" class=\"wp-caption aligncenter\"><a href=\"https:\/\/www.hoymercedes.com.ar\/principal\/wp-content\/uploads\/2015\/02\/ruta5-3.jpg\"><img loading=\"lazy\" decoding=\"async\" data-attachment-id=\"39547\" data-permalink=\"https:\/\/www.hoymercedes.com.ar\/principal\/2015\/02\/12\/dos-heridos-por-accidente-en-olivera-tras-volar-piedra\/ruta5-3-3\/#main\" data-orig-file=\"https:\/\/www.hoymercedes.com.ar\/principal\/wp-content\/uploads\/2015\/02\/ruta5-3.jpg\" data-orig-size=\"620,223\" data-comments-opened=\"1\" data-image-meta=\"{&quot;aperture&quot;:&quot;0&quot;,&quot;credit&quot;:&quot;&quot;,&quot;camera&quot;:&quot;&quot;,&quot;caption&quot;:&quot;&quot;,&quot;created_timestamp&quot;:&quot;0&quot;,&quot;copyright&quot;:&quot;&quot;,&quot;focal_length&quot;:&quot;0&quot;,&quot;iso&quot;:&quot;0&quot;,&quot;shutter_speed&quot;:&quot;0&quot;,&quot;title&quot;:&quot;&quot;,&quot;orientation&quot;:&quot;0&quot;}\" data-image-title=\"ruta5-3\" data-image-description=\"\" data-image-caption=\"\" data-large-file=\"https:\/\/www.hoymercedes.com.ar\/principal\/wp-content\/uploads\/2015\/02\/ruta5-3.jpg\" class=\"Img2014 wp-image-39547 size-full\" src=\"https:\/\/www.hoymercedes.com.ar\/principal\/wp-content\/uploads\/2015\/02\/ruta5-3.jpg\" alt=\"ruta5-3\" width=\"620\" height=\"223\" \/><\/a><figcaption id=\"caption-attachment-39547\" class=\"wp-caption-text\">Foto: archivo | Sector de obra, puente Olivera<\/figcaption><\/figure>\n<p>&nbsp;<\/p>\n<p><em><strong>Seg\u00fan se informa durante la madrugada del martes se produjo un accidente cuando el conductor de un autom\u00f3vil perdi\u00f3 el control tras recibir un piedrazo en el parabrisas. Ven\u00edan de Gualeguaych\u00fa y se dirig\u00edan a su ciudad de origen: 9 de julio.<\/strong><\/em><\/p>\n<p>En la zona de Olivera se encuentran en estos momentos maquinarias y elementos de construcci\u00f3n dado que se est\u00e1 repavimentando un sector de la autov\u00eda nacional N\u00b05.<\/p>\n<p>Un cami\u00f3n que pasaba, supuestamente en sentido contrario, elev\u00f3 en su andar una piedra que se ubicaba en la zona en que se encuentran los tambores dividiendo la calzada y alertando la obra. Dicho elemento, con velocidad y contundencia impact\u00f3 contra el auto generando que perdiera el control e impactada fuertemente contra los mencionados tambores. Hizo estallar el parabrisas.<\/p>\n<p>El hecho fue alrededor de las 01.30am \u201cLas v\u00edctimas iban en un Falc\u00f3n modelo 1980 de color bord\u00f3\u201d informaron medios lujanenses.<\/p>\n<p>\u201cAlgunos de los tambores ten\u00edan piedras arriba haci\u00e9ndole peso. Esas piedras, algunas de tama\u00f1o considerable, se incrustaron dentro del veh\u00edculo. Una de esas piedras le peg\u00f3 en la cabeza al conductor y se le qued\u00f3 incrustada en la cabeza\u201d, explic\u00f3 al bisemanario El Civismo el subinspector V\u00edctor Rold\u00e1n, a cargo del Destacamento Policial de Olivera.<\/p>\n<p>El conductor del auto fue identificado como Norberto Amato de 59 a\u00f1os de edad fue trasladado al Hospital Municipal de Luj\u00e1n y llevado a terapia intensiva. El otro herido con un corte profundo en las cejas fue Jorge Alberto Alvet. Otros tres viajantes iban en el veh\u00edculo, todos de 9 de Julio.<\/p>\n<p>\u00abA los tambores los barri\u00f3 a todos. Hasta que lleg\u00f3 a otros tambores donde est\u00e1n unos carteles que tambi\u00e9n tienen piedras pero m\u00e1s chicas. Fue un caos. El auto quebr\u00f3 el eje delantero y rompi\u00f3 el volante\u00bb, indic\u00f3 el subinspector Rold\u00e1n al mencionado medio lujanense.<\/p>\n","protected":false},"excerpt":{"rendered":"<p>&nbsp; Seg\u00fan se informa durante la madrugada del martes se produjo un accidente cuando el conductor de un autom\u00f3vil perdi\u00f3 &#8230; <a title=\"Dos heridos por accidente en Olivera tras volar piedra\" class=\"read-more\" href=\"https:\/\/www.hoymercedes.com.ar\/principal\/2015\/02\/12\/dos-heridos-por-accidente-en-olivera-tras-volar-piedra\/\" aria-label=\"Leer m\u00e1s sobre Dos heridos por accidente en Olivera tras volar piedra\">Leer m\u00e1s<\/a><\/p>\n","protected":false},"author":1,"featured_media":0,"comment_status":"open","ping_status":"open","sticky":false,"template":"","format":"standard","meta":{"_monsterinsights_skip_tracking":false,"_monsterinsights_sitenote_active":false,"_monsterinsights_sitenote_note":"","_monsterinsights_sitenote_category":0,"jetpack_post_was_ever_published":false,"_jetpack_newsletter_access":"","_jetpack_dont_email_post_to_subs":false,"_jetpack_newsletter_tier_id":0,"_jetpack_memberships_contains_paywalled_content":false,"_jetpack_memberships_contains_paid_content":false,"footnotes":"","jetpack_publicize_message":"","jetpack_publicize_feature_enabled":true,"jetpack_social_post_already_shared":true,"jetpack_social_options":{"image_generator_settings":{"template":"highway","default_image_id":0,"font":"","enabled":false},"version":2},"_wpas_customize_per_network":false},"categories":[8],"tags":[6929,2858],"class_list":["post-39546","post","type-post","status-publish","format-standard","hentry","category-sociedad","tag-accidente-en-olivera","tag-ruta-nacional-5","generate-columns","tablet-grid-50","mobile-grid-100","grid-parent","grid-50"],"jetpack_publicize_connections":[],"jetpack_featured_media_url":"","wps_subtitle":"En ruta nacional N\u00b05","jetpack_sharing_enabled":true,"_links":{"self":[{"href":"https:\/\/www.hoymercedes.com.ar\/principal\/wp-json\/wp\/v2\/posts\/39546","targetHints":{"allow":["GET"]}}],"collection":[{"href":"https:\/\/www.hoymercedes.com.ar\/principal\/wp-json\/wp\/v2\/posts"}],"about":[{"href":"https:\/\/www.hoymercedes.com.ar\/principal\/wp-json\/wp\/v2\/types\/post"}],"author":[{"embeddable":true,"href":"https:\/\/www.hoymercedes.com.ar\/principal\/wp-json\/wp\/v2\/users\/1"}],"replies":[{"embeddable":true,"href":"https:\/\/www.hoymercedes.com.ar\/principal\/wp-json\/wp\/v2\/comments?post=39546"}],"version-history":[{"count":0,"href":"https:\/\/www.hoymercedes.com.ar\/principal\/wp-json\/wp\/v2\/posts\/39546\/revisions"}],"wp:attachment":[{"href":"https:\/\/www.hoymercedes.com.ar\/principal\/wp-json\/wp\/v2\/media?parent=39546"}],"wp:term":[{"taxonomy":"category","embeddable":true,"href":"https:\/\/www.hoymercedes.com.ar\/principal\/wp-json\/wp\/v2\/categories?post=39546"},{"taxonomy":"post_tag","embeddable":true,"href":"https:\/\/www.hoymercedes.com.ar\/principal\/wp-json\/wp\/v2\/tags?post=39546"}],"curies":[{"name":"wp","href":"https:\/\/api.w.org\/{rel}","templated":true}]}}