{"id":3956,"date":"2011-05-04T01:41:37","date_gmt":"2011-05-04T01:41:37","guid":{"rendered":"http:\/\/www.hoymercedes.com.ar\/principal\/?p=3956"},"modified":"2011-05-04T01:41:37","modified_gmt":"2011-05-04T01:41:37","slug":"el-intendente-junto-al-gobernador-scioli-firmaron-convenios","status":"publish","type":"post","link":"https:\/\/www.hoymercedes.com.ar\/principal\/2011\/05\/04\/el-intendente-junto-al-gobernador-scioli-firmaron-convenios\/","title":{"rendered":"El Intendente junto al Gobernador  Scioli firmaron convenios"},"content":{"rendered":"<p>El Intendente Municipal Carlos Selva, acompa\u00f1o en el dia de ayer al Gobernador de la Provincia de Buenos Aires Daniel Scioli, en un acto de  firma de convenios entre el gobierno provincial y los distritos de Mercedes, Adolfo Gonz\u00e1lez Ch\u00e1vez, Arrecifes, Partido de la Costa, Pehuajo y San Cayetano, por dos millones de pesos, destinados a obras de infraestructura y apoyo en el \u00e1rea de turismo. En el caso de nuestra ciudad, el subsidio estuvo orientado a darle m\u00e1s homogeneidad a los puestos de artesanos que est\u00e1n en las plazas del pueblo. Con este acto el gobernador Scioli,  ratific\u00f3 la contundencia de sus acciones a trav\u00e9s de la descentralizaci\u00f3n, el apoyo brindado a distintos municipios fortaleciendo las gestiones locales y la concreci\u00f3n de obras p\u00fablicas.<\/p>\n<p>\u201c Estamos muy contentos porque tiene que ver con un ordenamiento, con una visi\u00f3n estrat\u00e9gica de ir fortaleciendo el eje de la econom\u00eda local\u201d dijo el Intendente Selva, donde tambi\u00e9n agrego que \u201cse esta  en la etapa de pre adjudicaci\u00f3n\u201d, de una obra que vamos a financiar entre \u201cel municipio y el programa provincial de Soluciones Ya, donde se le brindar\u00e1 el pavimento para un jard\u00edn del Barrio Obrero que les permitir\u00e1 accesibilidad, y la misma obra conecta con la sala de atenci\u00f3n primaria que tiene el municipio\u201d.<\/p>\n<p>Por otra parte, el jefe comunal de nuestra ciudad indic\u00f3 que por gestiones realizadas con el presidente del Grupo Bapro, Santiago Montoya, \u201cnuestra ciudad est\u00e1 pronta a recibir a trav\u00e9s el sistema Leasing, maquinarias y prestaci\u00f3n de servicios y conectividad en algunos sectores de nuestro partido\u201d<\/p>\n<p><span style=\"color: #888888;\">Fuente: Municipio<\/span><\/p>\n","protected":false},"excerpt":{"rendered":"<p>El Intendente Municipal Carlos Selva, acompa\u00f1o en el dia de ayer al Gobernador de la Provincia de Buenos Aires Daniel &#8230; <a title=\"El Intendente junto al Gobernador  Scioli firmaron convenios\" class=\"read-more\" href=\"https:\/\/www.hoymercedes.com.ar\/principal\/2011\/05\/04\/el-intendente-junto-al-gobernador-scioli-firmaron-convenios\/\" aria-label=\"Leer m\u00e1s sobre El Intendente junto al Gobernador  Scioli firmaron convenios\">Leer m\u00e1s<\/a><\/p>\n","protected":false},"author":1,"featured_media":0,"comment_status":"open","ping_status":"open","sticky":false,"template":"","format":"standard","meta":{"_monsterinsights_skip_tracking":false,"_monsterinsights_sitenote_active":false,"_monsterinsights_sitenote_note":"","_monsterinsights_sitenote_category":0,"jetpack_post_was_ever_published":false,"_jetpack_newsletter_access":"","_jetpack_dont_email_post_to_subs":false,"_jetpack_newsletter_tier_id":0,"_jetpack_memberships_contains_paywalled_content":false,"_jetpack_memberships_contains_paid_content":false,"footnotes":"","jetpack_publicize_message":"","jetpack_publicize_feature_enabled":true,"jetpack_social_post_already_shared":false,"jetpack_social_options":{"image_generator_settings":{"template":"highway","default_image_id":0,"font":"","enabled":false},"version":2},"_wpas_customize_per_network":false},"categories":[5],"tags":[736,721,18,594],"class_list":["post-3956","post","type-post","status-publish","format-standard","hentry","category-politica","tag-melo","tag-scioli","tag-selva","tag-tomas-jofre","generate-columns","tablet-grid-50","mobile-grid-100","grid-parent","grid-50"],"jetpack_publicize_connections":[],"jetpack_featured_media_url":"","wps_subtitle":"","jetpack_sharing_enabled":true,"_links":{"self":[{"href":"https:\/\/www.hoymercedes.com.ar\/principal\/wp-json\/wp\/v2\/posts\/3956","targetHints":{"allow":["GET"]}}],"collection":[{"href":"https:\/\/www.hoymercedes.com.ar\/principal\/wp-json\/wp\/v2\/posts"}],"about":[{"href":"https:\/\/www.hoymercedes.com.ar\/principal\/wp-json\/wp\/v2\/types\/post"}],"author":[{"embeddable":true,"href":"https:\/\/www.hoymercedes.com.ar\/principal\/wp-json\/wp\/v2\/users\/1"}],"replies":[{"embeddable":true,"href":"https:\/\/www.hoymercedes.com.ar\/principal\/wp-json\/wp\/v2\/comments?post=3956"}],"version-history":[{"count":0,"href":"https:\/\/www.hoymercedes.com.ar\/principal\/wp-json\/wp\/v2\/posts\/3956\/revisions"}],"wp:attachment":[{"href":"https:\/\/www.hoymercedes.com.ar\/principal\/wp-json\/wp\/v2\/media?parent=3956"}],"wp:term":[{"taxonomy":"category","embeddable":true,"href":"https:\/\/www.hoymercedes.com.ar\/principal\/wp-json\/wp\/v2\/categories?post=3956"},{"taxonomy":"post_tag","embeddable":true,"href":"https:\/\/www.hoymercedes.com.ar\/principal\/wp-json\/wp\/v2\/tags?post=3956"}],"curies":[{"name":"wp","href":"https:\/\/api.w.org\/{rel}","templated":true}]}}