{"id":39588,"date":"2015-02-14T21:35:29","date_gmt":"2015-02-15T00:35:29","guid":{"rendered":"http:\/\/www.hoymercedes.com.ar\/principal\/?p=39588"},"modified":"2015-02-14T21:40:19","modified_gmt":"2015-02-15T00:40:19","slug":"39588","status":"publish","type":"post","link":"https:\/\/www.hoymercedes.com.ar\/principal\/2015\/02\/14\/39588\/","title":{"rendered":"Albini y la visita de Scioli: \u00abhemos vuelto a ver el atropello a las instituciones\u00bb"},"content":{"rendered":"<p><a href=\"https:\/\/www.hoymercedes.com.ar\/principal\/wp-content\/uploads\/2014\/11\/OscarAlbini-UCR.jpg\"><img loading=\"lazy\" decoding=\"async\" data-attachment-id=\"37618\" data-permalink=\"https:\/\/www.hoymercedes.com.ar\/principal\/2014\/11\/09\/ucr-cuantos-anos-hace-que-no-se-ve-una-cuadrilla-de-zanjeo-por-los-barrios\/oscaralbini-ucr\/#main\" data-orig-file=\"https:\/\/www.hoymercedes.com.ar\/principal\/wp-content\/uploads\/2014\/11\/OscarAlbini-UCR.jpg\" data-orig-size=\"620,367\" data-comments-opened=\"1\" data-image-meta=\"{&quot;aperture&quot;:&quot;0&quot;,&quot;credit&quot;:&quot;&quot;,&quot;camera&quot;:&quot;&quot;,&quot;caption&quot;:&quot;&quot;,&quot;created_timestamp&quot;:&quot;0&quot;,&quot;copyright&quot;:&quot;&quot;,&quot;focal_length&quot;:&quot;0&quot;,&quot;iso&quot;:&quot;0&quot;,&quot;shutter_speed&quot;:&quot;0&quot;,&quot;title&quot;:&quot;&quot;,&quot;orientation&quot;:&quot;0&quot;}\" data-image-title=\"OscarAlbini-UCR\" data-image-description=\"\" data-image-caption=\"\" data-large-file=\"https:\/\/www.hoymercedes.com.ar\/principal\/wp-content\/uploads\/2014\/11\/OscarAlbini-UCR.jpg\" class=\"Img2014 aligncenter wp-image-37618 size-full\" title=\"Oscar Albini, Uni\u00f3n C\u00edvica Radical\" src=\"https:\/\/www.hoymercedes.com.ar\/principal\/wp-content\/uploads\/2014\/11\/OscarAlbini-UCR.jpg\" alt=\"OscarAlbini-UCR\" width=\"620\" height=\"367\" \/><\/a><\/p>\n<p>&nbsp;<\/p>\n<p><em><strong>En estos d\u00edas \u00a0hemos vuelto, los ciudadanos mercedinos a ver el atropello a las Instituciones. Y como lo venimos sosteniendo desde la Uni\u00f3n C\u00edvica Radical, la interna del peronismo juega en detrimento de toda nuestra comunidad y la visita del Gobernador Daniel Scioli a nuestra ciudad ha reflejado una vez mas que no nos equivocamos.<\/strong><\/em><br \/>\nEste \u00a0gobierno Provincial vuelve a desconocer a las autoridades, con quienes podremos coincidir o no, pero son quienes est\u00e1n al frente de la gesti\u00f3n y representan a todos los mercedinos, nos guste o no nos guste y la Institucionalidad est\u00e1 por sobre todas las cosas.<br \/>\nCelebramos que se hayan entregado mas de cien escrituras, ya que son muchas las familias que necesitaban de esta regularizaci\u00f3n dominial, pero el gobierno de Scioli no ha reconocido a los empleados municipales que desde hace mucho tiempo vienen trabajando para esto.<\/p>\n<p>&nbsp;<\/p>\n<p>Desde la Uni\u00f3n C\u00edvica Radical nos preguntamos \u00bfvolveremos a repetir lo sucedido en los \u00faltimos a\u00f1os con respecto a la Institucionalidad ?, \u00a0\u00bf es muy dif\u00edcil que el Intendente Carlos Selva, representante m\u00e1ximo de nuestra ciudad y Juan Ustarroz dirigente del frente mercedino con llegada al poder provincial y nacional se sienten de manera sincera y no solo para la foto, con el fin de solucionar y trabajar mancomunadamente para todos los mercedinos?<\/p>\n<p>&nbsp;<\/p>\n<p>Hay toda una comunidad que espera soluciones de viviendas, salud, obras p\u00fablicas y sin embrago solo recibe discusiones y chicanas pol\u00edticas que llevan al desanimo y la confrontaci\u00f3n.<\/p>\n<p>&nbsp;<\/p>\n<p>&nbsp;<\/p>\n<p>&nbsp;<\/p>\n","protected":false},"excerpt":{"rendered":"<p>&nbsp; En estos d\u00edas \u00a0hemos vuelto, los ciudadanos mercedinos a ver el atropello a las Instituciones. Y como lo venimos &#8230; <a title=\"Albini y la visita de Scioli: \u00abhemos vuelto a ver el atropello a las instituciones\u00bb\" class=\"read-more\" href=\"https:\/\/www.hoymercedes.com.ar\/principal\/2015\/02\/14\/39588\/\" aria-label=\"Leer m\u00e1s sobre Albini y la visita de Scioli: \u00abhemos vuelto a ver el atropello a las instituciones\u00bb\">Leer m\u00e1s<\/a><\/p>\n","protected":false},"author":1,"featured_media":0,"comment_status":"open","ping_status":"open","sticky":false,"template":"","format":"standard","meta":{"_monsterinsights_skip_tracking":false,"_monsterinsights_sitenote_active":false,"_monsterinsights_sitenote_note":"","_monsterinsights_sitenote_category":0,"jetpack_post_was_ever_published":false,"_jetpack_newsletter_access":"","_jetpack_dont_email_post_to_subs":false,"_jetpack_newsletter_tier_id":0,"_jetpack_memberships_contains_paywalled_content":false,"_jetpack_memberships_contains_paid_content":false,"footnotes":"","jetpack_publicize_message":"","jetpack_publicize_feature_enabled":true,"jetpack_social_post_already_shared":true,"jetpack_social_options":{"image_generator_settings":{"template":"highway","default_image_id":0,"font":"","enabled":false},"version":2},"_wpas_customize_per_network":false},"categories":[5],"tags":[2834,2814],"class_list":["post-39588","post","type-post","status-publish","format-standard","hentry","category-politica","tag-oscar-albini","tag-union-civica-radical","generate-columns","tablet-grid-50","mobile-grid-100","grid-parent","grid-50"],"jetpack_publicize_connections":[],"jetpack_featured_media_url":"","wps_subtitle":"Desde UCR Mercedes","jetpack_sharing_enabled":true,"jetpack-related-posts":[{"id":35680,"url":"https:\/\/www.hoymercedes.com.ar\/principal\/2014\/09\/02\/albini-comento-el-encuentro-con-daniel-scioli\/","url_meta":{"origin":39588,"position":0},"title":"Albini coment\u00f3 el encuentro con Daniel Scioli","author":"hoymercedes","date":"2 septiembre, 2014","format":false,"excerpt":"El Presidente del Partido Radical de nuestra ciudad, Oscar Albini, coment\u00f3 detalles de la visita del Gobernador Daniel Scioli a qui\u00e9n le hicieron llegar diversas cartas, desde diversos espacios, siendo uno de ellos el de la Uni\u00f3n de Usuarios Viales que recibe el apoyo de la UCR. Oscar Albini coment\u00f3:\u2026","rel":"","context":"En \u00abPol\u00edtica\u00bb","block_context":{"text":"Pol\u00edtica","link":"https:\/\/www.hoymercedes.com.ar\/principal\/category\/politica\/"},"img":{"alt_text":"Albini-UCR","src":"https:\/\/i0.wp.com\/www.hoymercedes.com.ar\/principal\/wp-content\/uploads\/2014\/09\/Albini-UCR.jpg?resize=350%2C200","width":350,"height":200,"srcset":"https:\/\/i0.wp.com\/www.hoymercedes.com.ar\/principal\/wp-content\/uploads\/2014\/09\/Albini-UCR.jpg?resize=350%2C200 1x, https:\/\/i0.wp.com\/www.hoymercedes.com.ar\/principal\/wp-content\/uploads\/2014\/09\/Albini-UCR.jpg?resize=525%2C300 1.5x"},"classes":[]},{"id":37917,"url":"https:\/\/www.hoymercedes.com.ar\/principal\/2014\/11\/22\/albini-expresa-la-posicion-de-urc-local-ante-unen\/","url_meta":{"origin":39588,"position":1},"title":"Albini expresa la posici\u00f3n de UCR local ante UNEN","author":"hoymercedes","date":"22 noviembre, 2014","format":false,"excerpt":"- Por Oscar Albini - Con motivo de lo que ha venido sucediendo dentro del espacio UNEN en los \u00faltimos d\u00edas y ante el encuentro de los m\u00e1ximos dirigentes de la Uni\u00f3n C\u00edvica Radical en la localidad de San Fernando desde este comit\u00e9 reivindico la decisi\u00f3n del radicalismo de permanecer\u2026","rel":"","context":"En \u00abOpini\u00f3n\u00bb","block_context":{"text":"Opini\u00f3n","link":"https:\/\/www.hoymercedes.com.ar\/principal\/category\/opinion\/"},"img":{"alt_text":"OscarAlbini-UCR","src":"https:\/\/i0.wp.com\/www.hoymercedes.com.ar\/principal\/wp-content\/uploads\/2014\/11\/OscarAlbini-UCR.jpg?resize=350%2C200","width":350,"height":200,"srcset":"https:\/\/i0.wp.com\/www.hoymercedes.com.ar\/principal\/wp-content\/uploads\/2014\/11\/OscarAlbini-UCR.jpg?resize=350%2C200 1x, https:\/\/i0.wp.com\/www.hoymercedes.com.ar\/principal\/wp-content\/uploads\/2014\/11\/OscarAlbini-UCR.jpg?resize=525%2C300 1.5x"},"classes":[]},{"id":39038,"url":"https:\/\/www.hoymercedes.com.ar\/principal\/2015\/01\/15\/albini-critico-a-selva-y-scioli-diciendo-que-van-de-la-mano-a-la-hora-de-gestionar\/","url_meta":{"origin":39588,"position":2},"title":"Albini critic\u00f3 a Selva y Scioli diciendo que: \u00abvan de la mano\u00bb a la hora de gestionar","author":"hoymercedes","date":"15 enero, 2015","format":false,"excerpt":"El gobierno de Daniel Scioli y el de Carlos Selva van de la mano, los dos tienen \u00a0puntos en com\u00fan en la forma de gobernar y es la ineficacia; y esto lo percibimos en varios temas, como por ejemplo en el mantenimiento de rutas provinciales, caminos rurales y calles de\u2026","rel":"","context":"En \u00abSociedad\u00bb","block_context":{"text":"Sociedad","link":"https:\/\/www.hoymercedes.com.ar\/principal\/category\/sociedad\/"},"img":{"alt_text":"OscarAlbini","src":"https:\/\/i0.wp.com\/www.hoymercedes.com.ar\/principal\/wp-content\/uploads\/2015\/01\/OscarAlbini.jpg?resize=350%2C200","width":350,"height":200,"srcset":"https:\/\/i0.wp.com\/www.hoymercedes.com.ar\/principal\/wp-content\/uploads\/2015\/01\/OscarAlbini.jpg?resize=350%2C200 1x, https:\/\/i0.wp.com\/www.hoymercedes.com.ar\/principal\/wp-content\/uploads\/2015\/01\/OscarAlbini.jpg?resize=525%2C300 1.5x"},"classes":[]},{"id":43546,"url":"https:\/\/www.hoymercedes.com.ar\/principal\/2015\/07\/31\/oscar-albini-estamos-preparados-con-lucas-para-gobernar-la-ciudad\/","url_meta":{"origin":39588,"position":3},"title":"Oscar Albini: \u201cEstamos\u00a0 preparados\u00a0 con Lucas para gobernar la ciudad\u201d","author":"hoymercedes","date":"31 julio, 2015","format":false,"excerpt":"El candidato a concejal por el Frente Cambiemos,\u00a0 lo manifest\u00f3 e hizo una evaluaci\u00f3n de todo su trabajo al frente de la Uni\u00f3n C\u00edvica Radical, donde lleva dos periodos como Presidente del comit\u00e9 distrital. En medio de la campa\u00f1a electoral el \u201cFlaco\u201d Albini, se tom\u00f3 un minuto para reflexionar acerca\u2026","rel":"","context":"En \u00abPol\u00edtica\u00bb","block_context":{"text":"Pol\u00edtica","link":"https:\/\/www.hoymercedes.com.ar\/principal\/category\/politica\/"},"img":{"alt_text":"","src":"https:\/\/i0.wp.com\/www.hoymercedes.com.ar\/principal\/wp-content\/uploads\/2015\/07\/Albini-Fal.jpg?resize=350%2C200&ssl=1","width":350,"height":200,"srcset":"https:\/\/i0.wp.com\/www.hoymercedes.com.ar\/principal\/wp-content\/uploads\/2015\/07\/Albini-Fal.jpg?resize=350%2C200&ssl=1 1x, https:\/\/i0.wp.com\/www.hoymercedes.com.ar\/principal\/wp-content\/uploads\/2015\/07\/Albini-Fal.jpg?resize=525%2C300&ssl=1 1.5x"},"classes":[]},{"id":108732,"url":"https:\/\/www.hoymercedes.com.ar\/principal\/2020\/03\/31\/a-alfonsin-hoy-lo-homenajeamos-desde-casa\/","url_meta":{"origin":39588,"position":4},"title":"\u00abA Alfons\u00edn, hoy lo homenajeamos desde casa\u00bb","author":"hoymercedes","date":"31 marzo, 2020","format":false,"excerpt":"Pro Oscar Albini - Se cumple hoy un nuevo aniversario de su partida f\u00edsica, ya 11 a\u00f1os que nos falta su palabra y su consejo. Pero nos qued\u00f3 algo muy importante que es su legado. Estoy convencido que el mejor homenaje que le podemos realizar es seguir en la lucha\u2026","rel":"","context":"En \u00abPol\u00edtica\u00bb","block_context":{"text":"Pol\u00edtica","link":"https:\/\/www.hoymercedes.com.ar\/principal\/category\/politica\/"},"img":{"alt_text":"","src":"https:\/\/i0.wp.com\/www.hoymercedes.com.ar\/principal\/wp-content\/uploads\/2017\/03\/31-Alfonsin-2.jpg?resize=350%2C200&ssl=1","width":350,"height":200,"srcset":"https:\/\/i0.wp.com\/www.hoymercedes.com.ar\/principal\/wp-content\/uploads\/2017\/03\/31-Alfonsin-2.jpg?resize=350%2C200&ssl=1 1x, https:\/\/i0.wp.com\/www.hoymercedes.com.ar\/principal\/wp-content\/uploads\/2017\/03\/31-Alfonsin-2.jpg?resize=525%2C300&ssl=1 1.5x"},"classes":[]},{"id":40198,"url":"https:\/\/www.hoymercedes.com.ar\/principal\/2015\/03\/18\/ucr-local-critica-a-ustarroz-y-anuncia-acompanara-acuerdo-ucr-pro\/","url_meta":{"origin":39588,"position":5},"title":"UCR local critica a Ustarroz y anuncia acompa\u00f1ar\u00e1 acuerdo UCR-PRO","author":"hoymercedes","date":"18 marzo, 2015","format":false,"excerpt":"El pasado s\u00e1bado 14 de marzo en la ciudad de Gualeguaych\u00fa (ER) la Uni\u00f3n C\u00edvica Radical a trav\u00e9s de su Convenci\u00f3n Nacional dio un claro ejemplo de lo que es la vida Institucional de un partido pol\u00edtico, sobre un total de 337 participaron 330 convencionales y estaban representando a las\u2026","rel":"","context":"En \u00abOpini\u00f3n\u00bb","block_context":{"text":"Opini\u00f3n","link":"https:\/\/www.hoymercedes.com.ar\/principal\/category\/opinion\/"},"img":{"alt_text":"Albini-UCR","src":"https:\/\/i0.wp.com\/www.hoymercedes.com.ar\/principal\/wp-content\/uploads\/2014\/09\/Albini-UCR.jpg?resize=350%2C200","width":350,"height":200,"srcset":"https:\/\/i0.wp.com\/www.hoymercedes.com.ar\/principal\/wp-content\/uploads\/2014\/09\/Albini-UCR.jpg?resize=350%2C200 1x, https:\/\/i0.wp.com\/www.hoymercedes.com.ar\/principal\/wp-content\/uploads\/2014\/09\/Albini-UCR.jpg?resize=525%2C300 1.5x"},"classes":[]}],"_links":{"self":[{"href":"https:\/\/www.hoymercedes.com.ar\/principal\/wp-json\/wp\/v2\/posts\/39588","targetHints":{"allow":["GET"]}}],"collection":[{"href":"https:\/\/www.hoymercedes.com.ar\/principal\/wp-json\/wp\/v2\/posts"}],"about":[{"href":"https:\/\/www.hoymercedes.com.ar\/principal\/wp-json\/wp\/v2\/types\/post"}],"author":[{"embeddable":true,"href":"https:\/\/www.hoymercedes.com.ar\/principal\/wp-json\/wp\/v2\/users\/1"}],"replies":[{"embeddable":true,"href":"https:\/\/www.hoymercedes.com.ar\/principal\/wp-json\/wp\/v2\/comments?post=39588"}],"version-history":[{"count":0,"href":"https:\/\/www.hoymercedes.com.ar\/principal\/wp-json\/wp\/v2\/posts\/39588\/revisions"}],"wp:attachment":[{"href":"https:\/\/www.hoymercedes.com.ar\/principal\/wp-json\/wp\/v2\/media?parent=39588"}],"wp:term":[{"taxonomy":"category","embeddable":true,"href":"https:\/\/www.hoymercedes.com.ar\/principal\/wp-json\/wp\/v2\/categories?post=39588"},{"taxonomy":"post_tag","embeddable":true,"href":"https:\/\/www.hoymercedes.com.ar\/principal\/wp-json\/wp\/v2\/tags?post=39588"}],"curies":[{"name":"wp","href":"https:\/\/api.w.org\/{rel}","templated":true}]}}