{"id":39632,"date":"2015-02-17T15:47:20","date_gmt":"2015-02-17T18:47:20","guid":{"rendered":"http:\/\/www.hoymercedes.com.ar\/principal\/?p=39632"},"modified":"2015-02-17T15:58:55","modified_gmt":"2015-02-17T18:58:55","slug":"dematei-los-elogios-de-scioli-a-juani-son-absolutamente-merecidos","status":"publish","type":"post","link":"https:\/\/www.hoymercedes.com.ar\/principal\/2015\/02\/17\/dematei-los-elogios-de-scioli-a-juani-son-absolutamente-merecidos\/","title":{"rendered":"Dematei: \u201cLos elogios de Scioli a Juani son absolutamente merecidos\u201d"},"content":{"rendered":"<p>&nbsp;<\/p>\n<p><em><strong><a href=\"https:\/\/www.hoymercedes.com.ar\/principal\/wp-content\/uploads\/2015\/02\/ustarroz-scioli-dematei.jpg\"><img loading=\"lazy\" decoding=\"async\" data-attachment-id=\"39633\" data-permalink=\"https:\/\/www.hoymercedes.com.ar\/principal\/2015\/02\/17\/dematei-los-elogios-de-scioli-a-juani-son-absolutamente-merecidos\/ustarroz-scioli-dematei\/#main\" data-orig-file=\"https:\/\/www.hoymercedes.com.ar\/principal\/wp-content\/uploads\/2015\/02\/ustarroz-scioli-dematei.jpg\" data-orig-size=\"620,431\" data-comments-opened=\"1\" data-image-meta=\"{&quot;aperture&quot;:&quot;0&quot;,&quot;credit&quot;:&quot;&quot;,&quot;camera&quot;:&quot;&quot;,&quot;caption&quot;:&quot;&quot;,&quot;created_timestamp&quot;:&quot;0&quot;,&quot;copyright&quot;:&quot;&quot;,&quot;focal_length&quot;:&quot;0&quot;,&quot;iso&quot;:&quot;0&quot;,&quot;shutter_speed&quot;:&quot;0&quot;,&quot;title&quot;:&quot;&quot;,&quot;orientation&quot;:&quot;0&quot;}\" data-image-title=\"ustarroz-scioli-dematei\" data-image-description=\"\" data-image-caption=\"\" data-large-file=\"https:\/\/www.hoymercedes.com.ar\/principal\/wp-content\/uploads\/2015\/02\/ustarroz-scioli-dematei.jpg\" class=\"Img2014 aligncenter wp-image-39633 size-full\" title=\"Daniel Scioli, Juan Ustarroz, Mat\u00edas Dematei\" src=\"https:\/\/www.hoymercedes.com.ar\/principal\/wp-content\/uploads\/2015\/02\/ustarroz-scioli-dematei.jpg\" alt=\"ustarroz-scioli-dematei\" width=\"620\" height=\"431\" \/><\/a>El concejal del Frente Mercedino para la Victoria Mat\u00edas Dematei expres\u00f3 su \u201ccompletacoincidencia\u201d con los elogios que, la semana pasada, el gobernador bonaerense Daniel Scioli le dedic\u00f3 a Juan Ignacio Ustarroz, principal referente de la agrupaci\u00f3n y de quien resalt\u00f3 adem\u00e1s su \u201ccapacidad de trabajo y compromiso hacia todos los vecinos\u201d.<\/strong><\/em><\/p>\n<p>\u201cMe pusieron muy contento las palabras que el gobernador le dedic\u00f3 a Juani, pero no me sorprendieron porque yo coincido completamente \u2013enfatiz\u00f3 Dematei-. Los elogios que le hizo son absolutamente merecidos. La capacidad de trabajo, la disponibilidad y el compromiso que tiene hacia todos los vecinos no las he visto en ninguna otra persona\u201d.<\/p>\n<p>\u201cAdem\u00e1s, a todos eso se suma el profundo cari\u00f1o que Juani le tiene a nuestra ciudad \u2013agreg\u00f3-. Es l\u00f3gico que cualquier pol\u00edtico con compromiso respalde de forma tan contundente a alguien que, sabe, lo va a representar como ning\u00fan otro\u201d.<\/p>\n<p>La semana pasada, en su visita a Mercedes (donde recorri\u00f3 las obras del nuevo edificio del Centro de Formaci\u00f3n Laboral n\u00famero 1, inaugur\u00f3 las nuevas oficinas del Instituto de Previsi\u00f3n Social \u2013IPS-, entreg\u00f3 m\u00e1s de 170 escrituras del programa Familia Propietaria y, con el ministro de Justicia de la Naci\u00f3n, Julio Alak, anunci\u00f3 el traslado de la c\u00e1rcel de Mercedes al nuevo complejo penitenciario que se edificar\u00e1 en la localidad de Agote), el primer mandatario provincial realiz\u00f3 un encendido apoyo a la figura de Ustarroz.<\/p>\n<p>\u201cEl empuje que tiene Juani es algo extraordinario \u2013dijo Scioli en la sede de la Sociedad Italiana, escenario del acto central de su visita-. Y si tiene todo este empuje y consigue tantas cosas para su ciudad siendo concejal, \u00a1todo lo que har\u00e1 cuando sea intendente!\u201d.<\/p>\n<p>Dematei tambi\u00e9n coincidi\u00f3 en ese deseo puntual de Scioli de que Ustarroz se convierta en el pr\u00f3ximo intendente de Mercedes, \u201cporque se viene preparando desde hace tiempo y re\u00fane todas las cualidades y condiciones para serlo\u201d.<\/p>\n<p>\u201cYo no conozco a ning\u00fan otro que trabaje tanto y se preocupe realmente por la gente como lo hace \u00e9l\u201d, enfatiz\u00f3.<\/p>\n<p>El concejal del Frente Mercedino, finalmente, agradeci\u00f3 los elogios que recibe por su gesti\u00f3n al frente de la sede local del PAMI. \u201cPero tambi\u00e9n vale aclarar \u2013dijo- que si yo hoy ocupo este lugar es porque el propio Juani confi\u00f3 en m\u00ed. Eso representa otra virtud: saber elegir a la gente que lo rodea, formar sus equipos con gente que trabaje como \u00e9l\u201d.<\/p>\n<p>\u201cLa prioridad que nos marca es, justamente, estar al servicio de los vecinos, tratar de resolverles los problemas, facilitarles las cosas. En mi caso tanto al frente del PAMI como en mi funci\u00f3n de concejal del Frente Mercedino \u2013concluy\u00f3-. Somos un equipo con mucha gente capacitada, voluntad de trabajo y que piensa, siempre, primero en Mercedes\u201d.<\/p>\n<p>&nbsp;<\/p>\n<p>&nbsp;<\/p>\n","protected":false},"excerpt":{"rendered":"<p>&nbsp; El concejal del Frente Mercedino para la Victoria Mat\u00edas Dematei expres\u00f3 su \u201ccompletacoincidencia\u201d con los elogios que, la semana &#8230; <a title=\"Dematei: \u201cLos elogios de Scioli a Juani son absolutamente merecidos\u201d\" class=\"read-more\" href=\"https:\/\/www.hoymercedes.com.ar\/principal\/2015\/02\/17\/dematei-los-elogios-de-scioli-a-juani-son-absolutamente-merecidos\/\" aria-label=\"Leer m\u00e1s sobre Dematei: \u201cLos elogios de Scioli a Juani son absolutamente merecidos\u201d\">Leer m\u00e1s<\/a><\/p>\n","protected":false},"author":1,"featured_media":0,"comment_status":"open","ping_status":"open","sticky":false,"template":"","format":"standard","meta":{"_monsterinsights_skip_tracking":false,"_monsterinsights_sitenote_active":false,"_monsterinsights_sitenote_note":"","_monsterinsights_sitenote_category":0,"jetpack_post_was_ever_published":false,"_jetpack_newsletter_access":"","_jetpack_dont_email_post_to_subs":false,"_jetpack_newsletter_tier_id":0,"_jetpack_memberships_contains_paywalled_content":false,"_jetpack_memberships_contains_paid_content":false,"footnotes":"","jetpack_publicize_message":"","jetpack_publicize_feature_enabled":true,"jetpack_social_post_already_shared":true,"jetpack_social_options":{"image_generator_settings":{"template":"highway","default_image_id":0,"font":"","enabled":false},"version":2},"_wpas_customize_per_network":false},"categories":[5],"tags":[2204,585,3810],"class_list":["post-39632","post","type-post","status-publish","format-standard","hentry","category-politica","tag-daniel-scioli","tag-juan-ustarroz","tag-matias-dematei","generate-columns","tablet-grid-50","mobile-grid-100","grid-parent","grid-50"],"jetpack_publicize_connections":[],"jetpack_featured_media_url":"","wps_subtitle":"Tras visita del gobernador  ","jetpack_sharing_enabled":true,"jetpack-related-posts":[{"id":142495,"url":"https:\/\/www.hoymercedes.com.ar\/principal\/2022\/01\/10\/matias-dematei-asume-como-intendente-interino\/","url_meta":{"origin":39632,"position":0},"title":"Mat\u00edas Dematei asume como intendente interino","author":"hoymercedes","date":"10 enero, 2022","format":false,"excerpt":"El actual jefe de gabinete, Mat\u00edas Dematie, asumir\u00e1 como intendente interino desde este lunes. Ser\u00e1 en remplazo por licencia anual aprobada por el Concejo para el jefe comunal Ustarroz. Se espera una agenda nutrida de gesti\u00f3n, tal como viene siendo hasta ahora, afirmaron desde el oficialismo. \u201cEs un gran orgullo\u2026","rel":"","context":"En \u00abSociedad\u00bb","block_context":{"text":"Sociedad","link":"https:\/\/www.hoymercedes.com.ar\/principal\/category\/sociedad\/"},"img":{"alt_text":"","src":"https:\/\/i0.wp.com\/www.hoymercedes.com.ar\/principal\/wp-content\/uploads\/2022\/01\/MatiasDematei-IntendenteInterino2022.jpeg?resize=350%2C200&ssl=1","width":350,"height":200,"srcset":"https:\/\/i0.wp.com\/www.hoymercedes.com.ar\/principal\/wp-content\/uploads\/2022\/01\/MatiasDematei-IntendenteInterino2022.jpeg?resize=350%2C200&ssl=1 1x, https:\/\/i0.wp.com\/www.hoymercedes.com.ar\/principal\/wp-content\/uploads\/2022\/01\/MatiasDematei-IntendenteInterino2022.jpeg?resize=525%2C300&ssl=1 1.5x, https:\/\/i0.wp.com\/www.hoymercedes.com.ar\/principal\/wp-content\/uploads\/2022\/01\/MatiasDematei-IntendenteInterino2022.jpeg?resize=700%2C400&ssl=1 2x, https:\/\/i0.wp.com\/www.hoymercedes.com.ar\/principal\/wp-content\/uploads\/2022\/01\/MatiasDematei-IntendenteInterino2022.jpeg?resize=1050%2C600&ssl=1 3x"},"classes":[]},{"id":132547,"url":"https:\/\/www.hoymercedes.com.ar\/principal\/2021\/06\/28\/matias-dematei-mercedes-esta-ante-una-oportunidad-historica-y-todos-tenemos-que-entender-eso\/","url_meta":{"origin":39632,"position":1},"title":"Mat\u00edas Dematei: \u201cMercedes est\u00e1 ante una oportunidad hist\u00f3rica y todos tenemos que entender eso\u201d","author":"hoymercedes","date":"28 junio, 2021","format":false,"excerpt":"El presidente del Concejo Deliberante Mat\u00edas Dematei se expres\u00f3 a favor de las buenas vinculaciones que se generaron en los bloques de concejales con la aprobaci\u00f3n de la compra del predio de la ex Du Pont por parte de la gesti\u00f3n de Juan Ustarroz. \u201cLa \u00fanica manera de salir adelante\u2026","rel":"","context":"En \u00abPol\u00edtica\u00bb","block_context":{"text":"Pol\u00edtica","link":"https:\/\/www.hoymercedes.com.ar\/principal\/category\/politica\/"},"img":{"alt_text":"","src":"https:\/\/i0.wp.com\/www.hoymercedes.com.ar\/principal\/wp-content\/uploads\/2020\/08\/MatiasDematei.jpg?resize=350%2C200&ssl=1","width":350,"height":200,"srcset":"https:\/\/i0.wp.com\/www.hoymercedes.com.ar\/principal\/wp-content\/uploads\/2020\/08\/MatiasDematei.jpg?resize=350%2C200&ssl=1 1x, https:\/\/i0.wp.com\/www.hoymercedes.com.ar\/principal\/wp-content\/uploads\/2020\/08\/MatiasDematei.jpg?resize=525%2C300&ssl=1 1.5x, https:\/\/i0.wp.com\/www.hoymercedes.com.ar\/principal\/wp-content\/uploads\/2020\/08\/MatiasDematei.jpg?resize=700%2C400&ssl=1 2x"},"classes":[]},{"id":163353,"url":"https:\/\/www.hoymercedes.com.ar\/principal\/2023\/06\/15\/dematei-la-mejor-opcion-dentro-de-su-espacio-sigue-siendo-la-continuidad-de-ustarroz\/","url_meta":{"origin":39632,"position":2},"title":"Dematei: \u201cLa mejor opci\u00f3n dentro de su espacio sigue siendo la continuidad de Ustarroz\u201d","author":"hoymercedes","date":"15 junio, 2023","format":false,"excerpt":"El ex concejal y actual jefe de Gabinete,\u00a0Mat\u00edas Dematei,\u00a0respondi\u00f3 a comentarios medi\u00e1ticos que han circulado en los \u00faltimos d\u00edas. En una reciente nota publicada, se plantea la pregunta de si Dematei podr\u00eda presentarse como candidato a intendente en caso de que la Corte le impida a Juan Ignacio Ustarroz presentarse\u2026","rel":"","context":"En \u00abPol\u00edtica\u00bb","block_context":{"text":"Pol\u00edtica","link":"https:\/\/www.hoymercedes.com.ar\/principal\/category\/politica\/"},"img":{"alt_text":"","src":"https:\/\/i0.wp.com\/www.hoymercedes.com.ar\/principal\/wp-content\/uploads\/2021\/11\/dematei-votacion.jpg?resize=350%2C200&ssl=1","width":350,"height":200,"srcset":"https:\/\/i0.wp.com\/www.hoymercedes.com.ar\/principal\/wp-content\/uploads\/2021\/11\/dematei-votacion.jpg?resize=350%2C200&ssl=1 1x, https:\/\/i0.wp.com\/www.hoymercedes.com.ar\/principal\/wp-content\/uploads\/2021\/11\/dematei-votacion.jpg?resize=525%2C300&ssl=1 1.5x, https:\/\/i0.wp.com\/www.hoymercedes.com.ar\/principal\/wp-content\/uploads\/2021\/11\/dematei-votacion.jpg?resize=700%2C400&ssl=1 2x, https:\/\/i0.wp.com\/www.hoymercedes.com.ar\/principal\/wp-content\/uploads\/2021\/11\/dematei-votacion.jpg?resize=1050%2C600&ssl=1 3x"},"classes":[]},{"id":144045,"url":"https:\/\/www.hoymercedes.com.ar\/principal\/2022\/02\/17\/all-boys-solidario-y-municipio-continuan-proyectando-actividades\/","url_meta":{"origin":39632,"position":3},"title":"All Boys Solidario y Municipio contin\u00faan proyectando actividades \u00a0","author":"hoymercedes","date":"17 febrero, 2022","format":false,"excerpt":"El jefe comunal, Dr. Juan I. Ustarroz, mantuvo una reuni\u00f3n con los referentes de All Boys Solidario de Mercedes, Omar \u201cPelusa\u201d Gonz\u00e1lez y Malena Del Giudice. La agenda de trabajo incluy\u00f3 el presente y futuro de intervenciones solidarias, como as\u00ed tambi\u00e9n intervenciones en materia deportivas. Fue parte del encuentro tambi\u00e9n\u2026","rel":"","context":"En \u00abMunicipio\u00bb","block_context":{"text":"Municipio","link":"https:\/\/www.hoymercedes.com.ar\/principal\/category\/municipio\/"},"img":{"alt_text":"","src":"https:\/\/i0.wp.com\/www.hoymercedes.com.ar\/principal\/wp-content\/uploads\/2022\/02\/reunionallboysmunicipio.jpg?resize=350%2C200&ssl=1","width":350,"height":200,"srcset":"https:\/\/i0.wp.com\/www.hoymercedes.com.ar\/principal\/wp-content\/uploads\/2022\/02\/reunionallboysmunicipio.jpg?resize=350%2C200&ssl=1 1x, https:\/\/i0.wp.com\/www.hoymercedes.com.ar\/principal\/wp-content\/uploads\/2022\/02\/reunionallboysmunicipio.jpg?resize=525%2C300&ssl=1 1.5x, https:\/\/i0.wp.com\/www.hoymercedes.com.ar\/principal\/wp-content\/uploads\/2022\/02\/reunionallboysmunicipio.jpg?resize=700%2C400&ssl=1 2x"},"classes":[]},{"id":123029,"url":"https:\/\/www.hoymercedes.com.ar\/principal\/2021\/01\/08\/confirman-licencia-de-ustarroz-asume-dematei\/","url_meta":{"origin":39632,"position":4},"title":"Confirman licencia de Ustarroz, asume Dematei","author":"hoymercedes","date":"8 enero, 2021","format":false,"excerpt":"Tal como se inform\u00f3 previamente, en la ma\u00f1ana de este viernes, el cuerpo deliberativo llev\u00f3 adelante una sesi\u00f3n extraordinaria con el \u00fanico objetivo de tratar el pedido de licencia de dos semanas (entre el 18 y 31 de enero) del Jefe Comunal Juan Ignacio Ustarroz y en consecuencia, la licencia\u2026","rel":"","context":"En \u00abPol\u00edtica\u00bb","block_context":{"text":"Pol\u00edtica","link":"https:\/\/www.hoymercedes.com.ar\/principal\/category\/politica\/"},"img":{"alt_text":"","src":"https:\/\/i0.wp.com\/www.hoymercedes.com.ar\/principal\/wp-content\/uploads\/2021\/01\/08-sesion-hcd.jpg?resize=350%2C200&ssl=1","width":350,"height":200,"srcset":"https:\/\/i0.wp.com\/www.hoymercedes.com.ar\/principal\/wp-content\/uploads\/2021\/01\/08-sesion-hcd.jpg?resize=350%2C200&ssl=1 1x, https:\/\/i0.wp.com\/www.hoymercedes.com.ar\/principal\/wp-content\/uploads\/2021\/01\/08-sesion-hcd.jpg?resize=525%2C300&ssl=1 1.5x, https:\/\/i0.wp.com\/www.hoymercedes.com.ar\/principal\/wp-content\/uploads\/2021\/01\/08-sesion-hcd.jpg?resize=700%2C400&ssl=1 2x"},"classes":[]},{"id":123933,"url":"https:\/\/www.hoymercedes.com.ar\/principal\/2021\/01\/27\/dematei-participo-de-reunion-con-el-gobernador-kicillof\/","url_meta":{"origin":39632,"position":5},"title":"Dematei particip\u00f3 de reuni\u00f3n con el gobernador Kicillof","author":"hoymercedes","date":"27 enero, 2021","format":false,"excerpt":"Con el objetivo de seguir trabajando en torno a los cuidados y aplicaci\u00f3n de medidas de prevenci\u00f3n y control del covid-19 se llev\u00f3 a cabo una nueva reuni\u00f3n de la mesa de gesti\u00f3n provincial con la presencia del Gobernador Axel Kicillof. El intendente interino, Mat\u00edas Dematei, estuvo presente planteando la\u2026","rel":"","context":"En \u00abSociedad\u00bb","block_context":{"text":"Sociedad","link":"https:\/\/www.hoymercedes.com.ar\/principal\/category\/sociedad\/"},"img":{"alt_text":"","src":"https:\/\/i0.wp.com\/www.hoymercedes.com.ar\/principal\/wp-content\/uploads\/2021\/01\/DSC03568.jpg?resize=350%2C200&ssl=1","width":350,"height":200,"srcset":"https:\/\/i0.wp.com\/www.hoymercedes.com.ar\/principal\/wp-content\/uploads\/2021\/01\/DSC03568.jpg?resize=350%2C200&ssl=1 1x, https:\/\/i0.wp.com\/www.hoymercedes.com.ar\/principal\/wp-content\/uploads\/2021\/01\/DSC03568.jpg?resize=525%2C300&ssl=1 1.5x, https:\/\/i0.wp.com\/www.hoymercedes.com.ar\/principal\/wp-content\/uploads\/2021\/01\/DSC03568.jpg?resize=700%2C400&ssl=1 2x"},"classes":[]}],"_links":{"self":[{"href":"https:\/\/www.hoymercedes.com.ar\/principal\/wp-json\/wp\/v2\/posts\/39632","targetHints":{"allow":["GET"]}}],"collection":[{"href":"https:\/\/www.hoymercedes.com.ar\/principal\/wp-json\/wp\/v2\/posts"}],"about":[{"href":"https:\/\/www.hoymercedes.com.ar\/principal\/wp-json\/wp\/v2\/types\/post"}],"author":[{"embeddable":true,"href":"https:\/\/www.hoymercedes.com.ar\/principal\/wp-json\/wp\/v2\/users\/1"}],"replies":[{"embeddable":true,"href":"https:\/\/www.hoymercedes.com.ar\/principal\/wp-json\/wp\/v2\/comments?post=39632"}],"version-history":[{"count":0,"href":"https:\/\/www.hoymercedes.com.ar\/principal\/wp-json\/wp\/v2\/posts\/39632\/revisions"}],"wp:attachment":[{"href":"https:\/\/www.hoymercedes.com.ar\/principal\/wp-json\/wp\/v2\/media?parent=39632"}],"wp:term":[{"taxonomy":"category","embeddable":true,"href":"https:\/\/www.hoymercedes.com.ar\/principal\/wp-json\/wp\/v2\/categories?post=39632"},{"taxonomy":"post_tag","embeddable":true,"href":"https:\/\/www.hoymercedes.com.ar\/principal\/wp-json\/wp\/v2\/tags?post=39632"}],"curies":[{"name":"wp","href":"https:\/\/api.w.org\/{rel}","templated":true}]}}