{"id":39638,"date":"2015-02-17T22:17:25","date_gmt":"2015-02-18T01:17:25","guid":{"rendered":"http:\/\/www.hoymercedes.com.ar\/principal\/?p=39638"},"modified":"2015-02-17T22:17:25","modified_gmt":"2015-02-18T01:17:25","slug":"selva-se-reunio-con-massa-e-intendentes-en-malvinas-argentinas","status":"publish","type":"post","link":"https:\/\/www.hoymercedes.com.ar\/principal\/2015\/02\/17\/selva-se-reunio-con-massa-e-intendentes-en-malvinas-argentinas\/","title":{"rendered":"Selva se reuni\u00f3 con Massa e intendentes en Malvinas Argentinas"},"content":{"rendered":"<p>&nbsp;<\/p>\n<p><a href=\"https:\/\/www.hoymercedes.com.ar\/principal\/wp-content\/uploads\/2015\/02\/selva-massa.jpg\"><img loading=\"lazy\" decoding=\"async\" data-attachment-id=\"39639\" data-permalink=\"https:\/\/www.hoymercedes.com.ar\/principal\/2015\/02\/17\/selva-se-reunio-con-massa-e-intendentes-en-malvinas-argentinas\/selva-massa-13\/#main\" data-orig-file=\"https:\/\/www.hoymercedes.com.ar\/principal\/wp-content\/uploads\/2015\/02\/selva-massa.jpg\" data-orig-size=\"620,413\" data-comments-opened=\"1\" data-image-meta=\"{&quot;aperture&quot;:&quot;0&quot;,&quot;credit&quot;:&quot;&quot;,&quot;camera&quot;:&quot;&quot;,&quot;caption&quot;:&quot;&quot;,&quot;created_timestamp&quot;:&quot;0&quot;,&quot;copyright&quot;:&quot;&quot;,&quot;focal_length&quot;:&quot;0&quot;,&quot;iso&quot;:&quot;0&quot;,&quot;shutter_speed&quot;:&quot;0&quot;,&quot;title&quot;:&quot;&quot;,&quot;orientation&quot;:&quot;0&quot;}\" data-image-title=\"selva-massa\" data-image-description=\"\" data-image-caption=\"\" data-large-file=\"https:\/\/www.hoymercedes.com.ar\/principal\/wp-content\/uploads\/2015\/02\/selva-massa.jpg\" class=\"Img2014 aligncenter wp-image-39639 size-full\" title=\"Selva junto a Massa\" src=\"https:\/\/www.hoymercedes.com.ar\/principal\/wp-content\/uploads\/2015\/02\/selva-massa.jpg\" alt=\"selva-massa\" width=\"620\" height=\"413\" \/><\/a><\/p>\n<p><em><strong>El primer mandatario mercedino particip\u00f3 de importante c\u00f3nclave. Analizaron la convocatoria a la manifestaci\u00f3n de ma\u00f1ana en homenaje a Nisman. Adem\u00e1s confirmaron un aporte econ\u00f3mico para municipales en el inicio de clases.<\/strong><\/em><\/p>\n<p>El intendente Carlos Selva comparti\u00f3 un encuentro de trabajo junto a m\u00e1s de veinte intendentes del Frente Renovador y el l\u00edder del partido Sergio Massa.<\/p>\n<p>El diputado nacional por el Frente Renovador, Sergio Massa, mantuvo un encuentro con m\u00e1s de veinte intendentes pertenecientes al espacio. Los ejes de la reuni\u00f3n fueron la implementaci\u00f3n de un esquema complementario para reforzar la ayuda escolar, la marcha del \u201c18F\u201d a un mes de la muerte de Nisman y tambi\u00e9n descartaron cualquier acuerdo pol\u00edtico con Scioli.<\/p>\n<p>Tras el encuentro llevado a cabo en el predio municipal del municipio bonaerense de Malvinas Argentinas, el intendente local, Jes\u00fas Cariglino explic\u00f3: \u201cCreemos que es importante establecer una asignaci\u00f3n escolar por hijo para brindar una ayuda extra por sobre los $700 del Gobierno, ya que este n\u00famero nos parece poco debido a la alta inflaci\u00f3n y el gran desempleo. Los intendentes queremos ayudar y eso podemos hacerlo desde los Municipios de Frente Renovador inyectando m\u00e1s presupuesto en materia de educaci\u00f3n de cara al inicio del ciclo lectivo de los chicos\u201d.<\/p>\n<p>Consultados sobre la marcha que se realizar\u00e1 en el d\u00eda de ma\u00f1ana a un mes de la muerte del fiscal Alberto Nisman, Gabriel Katopodis, intendente de San Mart\u00edn, manifest\u00f3: \u201cHay una demanda del conjunto de la ciudadan\u00eda para homenajear a Nisman y a su familia, pero tambi\u00e9n un reclamo de esclarecimiento sobre qu\u00e9 pas\u00f3. La gente se va a manifestar ma\u00f1ana de manera silenciosa, pero potente, para saber qu\u00e9 ocurri\u00f3 en este hecho, en el atentado a la AMIA y en la denuncia propia relazada por Nisman sobre funcionarios del gobierno. Esta dirigencia pol\u00edtica del Frente Renovador decidi\u00f3 acompa\u00f1ar en silencio a la familia y a la ciudadan\u00eda, ya que no se trata de una marcha pol\u00edtica, porque las familias van a ocupar el espacio pol\u00edtico espont\u00e1neamente\u201d.<\/p>\n<p>Adem\u00e1s, estuvieron presentes Julio Zamora (Tigre), Humberto Z\u00faccaro (Pilar), Carlos Acu\u00f1a (Hurlingham), Marcela Passo (General Lavalle), Carlos Puglielli (San Andr\u00e9s de Giles), Horacio Pascual (General Villegas), Fernando Carballo (Magdalena), Daniel Bolettieri (Almirante Brown), Ra\u00fal Feito (Trenque Lauquen), Luis Andreotti (San Fernando), Joaqu\u00edn De la Torre (San Miguel), Jos\u00e9 Eseverri (Olavarr\u00eda), Gustavo Bevilacqua (Bah\u00eda Blanca), Daniel Bolinaga (Arrecifes), Sandro Guzm\u00e1n (Escobar),\u00a0 Javier Mignaquy (General Viamonte), el diputado bonaerense Ramiro Guti\u00e9rrez, el senador bonaerense Jorge D\u2019Onofrio y la secretaria de Pol\u00edticas Sanitarias y Desarrollo Humano de Tigre, Malena Galmarini, entre otros.<\/p>\n","protected":false},"excerpt":{"rendered":"<p>&nbsp; El primer mandatario mercedino particip\u00f3 de importante c\u00f3nclave. Analizaron la convocatoria a la manifestaci\u00f3n de ma\u00f1ana en homenaje a &#8230; <a title=\"Selva se reuni\u00f3 con Massa e intendentes en Malvinas Argentinas\" class=\"read-more\" href=\"https:\/\/www.hoymercedes.com.ar\/principal\/2015\/02\/17\/selva-se-reunio-con-massa-e-intendentes-en-malvinas-argentinas\/\" aria-label=\"Leer m\u00e1s sobre Selva se reuni\u00f3 con Massa e intendentes en Malvinas Argentinas\">Leer m\u00e1s<\/a><\/p>\n","protected":false},"author":1,"featured_media":0,"comment_status":"open","ping_status":"open","sticky":false,"template":"","format":"standard","meta":{"_monsterinsights_skip_tracking":false,"_monsterinsights_sitenote_active":false,"_monsterinsights_sitenote_note":"","_monsterinsights_sitenote_category":0,"jetpack_post_was_ever_published":false,"_jetpack_newsletter_access":"","_jetpack_dont_email_post_to_subs":false,"_jetpack_newsletter_tier_id":0,"_jetpack_memberships_contains_paywalled_content":false,"_jetpack_memberships_contains_paid_content":false,"footnotes":"","jetpack_publicize_message":"","jetpack_publicize_feature_enabled":true,"jetpack_social_post_already_shared":true,"jetpack_social_options":{"image_generator_settings":{"template":"highway","default_image_id":0,"font":"","enabled":false},"version":2},"_wpas_customize_per_network":false},"categories":[5],"tags":[3226,18],"class_list":["post-39638","post","type-post","status-publish","format-standard","hentry","category-politica","tag-massa","tag-selva","generate-columns","tablet-grid-50","mobile-grid-100","grid-parent","grid-50"],"jetpack_publicize_connections":[],"jetpack_featured_media_url":"","wps_subtitle":"Importante encuentro en semana clave","jetpack_sharing_enabled":true,"jetpack-related-posts":[{"id":141081,"url":"https:\/\/www.hoymercedes.com.ar\/principal\/2021\/12\/06\/selva-fue-parte-del-encuentro-del-frente-renovador\/","url_meta":{"origin":39638,"position":0},"title":"Selva fue parte del encuentro del Frente Renovador","author":"hoymercedes","date":"6 diciembre, 2021","format":false,"excerpt":"El Frente Renovador que comanda\u00a0Sergio Massa\u00a0reuni\u00f3 a su mesa provincial de intendentes y diputados, y entre los convocados estuvo el mercedino\u00a0Carlos Selva. El \"c\u00f3nclave\" tuvo lugar este fin de semana. El l\u00edder del espacio, Sergio Massa, convoc\u00f3 a sus referentes bonaerenses con el objetivo de sentar posiciones para los pr\u00f3ximos\u2026","rel":"","context":"En \u00abPol\u00edtica\u00bb","block_context":{"text":"Pol\u00edtica","link":"https:\/\/www.hoymercedes.com.ar\/principal\/category\/politica\/"},"img":{"alt_text":"","src":"https:\/\/i0.wp.com\/www.hoymercedes.com.ar\/principal\/wp-content\/uploads\/2021\/12\/selva-en-FR.jpg?resize=350%2C200&ssl=1","width":350,"height":200,"srcset":"https:\/\/i0.wp.com\/www.hoymercedes.com.ar\/principal\/wp-content\/uploads\/2021\/12\/selva-en-FR.jpg?resize=350%2C200&ssl=1 1x, https:\/\/i0.wp.com\/www.hoymercedes.com.ar\/principal\/wp-content\/uploads\/2021\/12\/selva-en-FR.jpg?resize=525%2C300&ssl=1 1.5x, https:\/\/i0.wp.com\/www.hoymercedes.com.ar\/principal\/wp-content\/uploads\/2021\/12\/selva-en-FR.jpg?resize=700%2C400&ssl=1 2x"},"classes":[]},{"id":32463,"url":"https:\/\/www.hoymercedes.com.ar\/principal\/2014\/04\/30\/selva-massa-y-todo-el-frente-renovador-se-reunieron-con-granados\/","url_meta":{"origin":39638,"position":1},"title":"Selva, Massa y todo el Frente Renovador se reunieron con Granados","author":"hoymercedes","date":"30 abril, 2014","format":false,"excerpt":"El intendente Carlos Selva particip\u00f3 de un importante encuentro junto a Sergio Massa con el ministro de Seguridad Alejandro Granados en la localidad de Pilar. En el marco de un encuentro llevado a cabo en la localidad de Pilar centrado en la necesidad de mejorar la seguridad, contar con mayor\u2026","rel":"","context":"En \u00abSociedad\u00bb","block_context":{"text":"Sociedad","link":"https:\/\/www.hoymercedes.com.ar\/principal\/category\/sociedad\/"},"img":{"alt_text":"massa-granados","src":"https:\/\/i0.wp.com\/www.hoymercedes.com.ar\/principal\/wp-content\/uploads\/2014\/04\/massa-granados.jpg?resize=350%2C200","width":350,"height":200,"srcset":"https:\/\/i0.wp.com\/www.hoymercedes.com.ar\/principal\/wp-content\/uploads\/2014\/04\/massa-granados.jpg?resize=350%2C200 1x, https:\/\/i0.wp.com\/www.hoymercedes.com.ar\/principal\/wp-content\/uploads\/2014\/04\/massa-granados.jpg?resize=525%2C300 1.5x"},"classes":[]},{"id":36618,"url":"https:\/\/www.hoymercedes.com.ar\/principal\/2014\/10\/03\/selva-en-reunion-de-intendentes-con-massa-en-san-isidro\/","url_meta":{"origin":39638,"position":2},"title":"Selva, en reuni\u00f3n de intendentes con Massa en San Isidro","author":"hoymercedes","date":"3 octubre, 2014","format":false,"excerpt":"El intendente Carlos Selva particip\u00f3 este jueves de una reuni\u00f3n con intendentes del Frente Renovador que fue presidida por el diputado nacional Sergio Massa. El primer mandatario mercedino particip\u00f3 en la ciudad de San Isidro de un importante encuentro de intendentes, diputados y dirigentes del Frente Renovador donde se trataron\u2026","rel":"","context":"En \u00abPol\u00edtica\u00bb","block_context":{"text":"Pol\u00edtica","link":"https:\/\/www.hoymercedes.com.ar\/principal\/category\/politica\/"},"img":{"alt_text":"Selva-Massa","src":"https:\/\/i0.wp.com\/www.hoymercedes.com.ar\/principal\/wp-content\/uploads\/2014\/09\/Selva-Massa.jpg?resize=350%2C200","width":350,"height":200,"srcset":"https:\/\/i0.wp.com\/www.hoymercedes.com.ar\/principal\/wp-content\/uploads\/2014\/09\/Selva-Massa.jpg?resize=350%2C200 1x, https:\/\/i0.wp.com\/www.hoymercedes.com.ar\/principal\/wp-content\/uploads\/2014\/09\/Selva-Massa.jpg?resize=525%2C300 1.5x"},"classes":[]},{"id":105577,"url":"https:\/\/www.hoymercedes.com.ar\/principal\/2020\/01\/23\/selva-junto-a-intendentes-de-corrientes\/","url_meta":{"origin":39638,"position":3},"title":"Selva junto a Intendentes de Corrientes","author":"hoymercedes","date":"23 enero, 2020","format":false,"excerpt":"El presidente de la C\u00e1mara de Diputados, Sergio Massa, junto a su par Carlos Selva, recibi\u00f3 este martes a jefes comunales de la provincia de Corrientes, con los que comparti\u00f3 inquietudes respecto a la situaci\u00f3n actual que atraviesan en sus municipios. Durante el almuerzo, los intendentes destacaron \u00abla necesidad de\u2026","rel":"","context":"En \u00abPol\u00edtica Nacional\u00bb","block_context":{"text":"Pol\u00edtica Nacional","link":"https:\/\/www.hoymercedes.com.ar\/principal\/category\/politica-nacional\/"},"img":{"alt_text":"","src":"https:\/\/i0.wp.com\/www.hoymercedes.com.ar\/principal\/wp-content\/uploads\/2020\/01\/23-selva-1.jpg?resize=350%2C200&ssl=1","width":350,"height":200,"srcset":"https:\/\/i0.wp.com\/www.hoymercedes.com.ar\/principal\/wp-content\/uploads\/2020\/01\/23-selva-1.jpg?resize=350%2C200&ssl=1 1x, https:\/\/i0.wp.com\/www.hoymercedes.com.ar\/principal\/wp-content\/uploads\/2020\/01\/23-selva-1.jpg?resize=525%2C300&ssl=1 1.5x, https:\/\/i0.wp.com\/www.hoymercedes.com.ar\/principal\/wp-content\/uploads\/2020\/01\/23-selva-1.jpg?resize=700%2C400&ssl=1 2x"},"classes":[]},{"id":27884,"url":"https:\/\/www.hoymercedes.com.ar\/principal\/2013\/11\/29\/selva-en-reunion-de-legisladores-e-intendentes-del-frente-renovador\/","url_meta":{"origin":39638,"position":4},"title":"Selva en reuni\u00f3n de legisladores e intendentes del Frente Renovador","author":"hoymercedes","date":"29 noviembre, 2013","format":false,"excerpt":"(FR) El intendente Carlos Selva particip\u00f3 este mi\u00e9rcoles por la noche en la ciudad de La Plata de una mesa de trabajo junto a intendentes y legisladores provinciales del Frente Renovador que est\u00e1n trabajando en el presupuesto de la provincia de Buenos Aires. El encuentro fue presidido por Sergio Massa.\u2026","rel":"","context":"En \u00abPol\u00edtica\u00bb","block_context":{"text":"Pol\u00edtica","link":"https:\/\/www.hoymercedes.com.ar\/principal\/category\/politica\/"},"img":{"alt_text":"","src":"","width":0,"height":0},"classes":[]},{"id":30699,"url":"https:\/\/www.hoymercedes.com.ar\/principal\/2014\/03\/13\/selva-junto-a-massa-en-reunion-de-trabajo-por-temas-judiciales\/","url_meta":{"origin":39638,"position":5},"title":"Selva junto a Massa en reuni\u00f3n de trabajo por temas judiciales","author":"hoymercedes","date":"13 marzo, 2014","format":false,"excerpt":"El intendente Carlos Selva particip\u00f3 durante la ma\u00f1ana de \u00e9ste mi\u00e9rcoles de una mesa de trabajo junto a Sergio Massa, en lo que fue la presentaci\u00f3n oficial de la campa\u00f1a de 5 millones de firmas contra la no reforma del c\u00f3digo penal. El intendente mercedino fue parte de este encuentro\u2026","rel":"","context":"En \u00abSociedad\u00bb","block_context":{"text":"Sociedad","link":"https:\/\/www.hoymercedes.com.ar\/principal\/category\/sociedad\/"},"img":{"alt_text":"selva-massa","src":"https:\/\/i0.wp.com\/www.hoymercedes.com.ar\/principal\/wp-content\/uploads\/2014\/03\/selva-massa.jpg?resize=350%2C200","width":350,"height":200,"srcset":"https:\/\/i0.wp.com\/www.hoymercedes.com.ar\/principal\/wp-content\/uploads\/2014\/03\/selva-massa.jpg?resize=350%2C200 1x, https:\/\/i0.wp.com\/www.hoymercedes.com.ar\/principal\/wp-content\/uploads\/2014\/03\/selva-massa.jpg?resize=525%2C300 1.5x"},"classes":[]}],"_links":{"self":[{"href":"https:\/\/www.hoymercedes.com.ar\/principal\/wp-json\/wp\/v2\/posts\/39638","targetHints":{"allow":["GET"]}}],"collection":[{"href":"https:\/\/www.hoymercedes.com.ar\/principal\/wp-json\/wp\/v2\/posts"}],"about":[{"href":"https:\/\/www.hoymercedes.com.ar\/principal\/wp-json\/wp\/v2\/types\/post"}],"author":[{"embeddable":true,"href":"https:\/\/www.hoymercedes.com.ar\/principal\/wp-json\/wp\/v2\/users\/1"}],"replies":[{"embeddable":true,"href":"https:\/\/www.hoymercedes.com.ar\/principal\/wp-json\/wp\/v2\/comments?post=39638"}],"version-history":[{"count":0,"href":"https:\/\/www.hoymercedes.com.ar\/principal\/wp-json\/wp\/v2\/posts\/39638\/revisions"}],"wp:attachment":[{"href":"https:\/\/www.hoymercedes.com.ar\/principal\/wp-json\/wp\/v2\/media?parent=39638"}],"wp:term":[{"taxonomy":"category","embeddable":true,"href":"https:\/\/www.hoymercedes.com.ar\/principal\/wp-json\/wp\/v2\/categories?post=39638"},{"taxonomy":"post_tag","embeddable":true,"href":"https:\/\/www.hoymercedes.com.ar\/principal\/wp-json\/wp\/v2\/tags?post=39638"}],"curies":[{"name":"wp","href":"https:\/\/api.w.org\/{rel}","templated":true}]}}