{"id":39658,"date":"2015-02-19T21:44:10","date_gmt":"2015-02-20T00:44:10","guid":{"rendered":"http:\/\/www.hoymercedes.com.ar\/principal\/?p=39658"},"modified":"2015-03-16T12:56:25","modified_gmt":"2015-03-16T15:56:25","slug":"cestari-y-badano-continuan-recorriendo-los-barrios","status":"publish","type":"post","link":"https:\/\/www.hoymercedes.com.ar\/principal\/2015\/02\/19\/cestari-y-badano-continuan-recorriendo-los-barrios\/","title":{"rendered":"Cestari y Badano contin\u00faan recorriendo los barrios"},"content":{"rendered":"<p><a href=\"https:\/\/www.hoymercedes.com.ar\/principal\/wp-content\/uploads\/2015\/02\/cestari.barrios.necesidadobras.jpg\"><img loading=\"lazy\" decoding=\"async\" data-attachment-id=\"39659\" data-permalink=\"https:\/\/www.hoymercedes.com.ar\/principal\/2015\/02\/19\/cestari-y-badano-continuan-recorriendo-los-barrios\/cestari-barrios-necesidadobras\/#main\" data-orig-file=\"https:\/\/www.hoymercedes.com.ar\/principal\/wp-content\/uploads\/2015\/02\/cestari.barrios.necesidadobras.jpg\" data-orig-size=\"602,500\" data-comments-opened=\"1\" data-image-meta=\"{&quot;aperture&quot;:&quot;0&quot;,&quot;credit&quot;:&quot;&quot;,&quot;camera&quot;:&quot;&quot;,&quot;caption&quot;:&quot;&quot;,&quot;created_timestamp&quot;:&quot;0&quot;,&quot;copyright&quot;:&quot;&quot;,&quot;focal_length&quot;:&quot;0&quot;,&quot;iso&quot;:&quot;0&quot;,&quot;shutter_speed&quot;:&quot;0&quot;,&quot;title&quot;:&quot;&quot;,&quot;orientation&quot;:&quot;0&quot;}\" data-image-title=\"cestari.barrios.necesidadobras\" data-image-description=\"\" data-image-caption=\"\" data-large-file=\"https:\/\/www.hoymercedes.com.ar\/principal\/wp-content\/uploads\/2015\/02\/cestari.barrios.necesidadobras.jpg\" class=\"Img2014 aligncenter wp-image-39659 size-full\" title=\"Barrios mercedes \" src=\"https:\/\/www.hoymercedes.com.ar\/principal\/wp-content\/uploads\/2015\/02\/cestari.barrios.necesidadobras.jpg\" alt=\"cestari.barrios.necesidadobras\" width=\"602\" height=\"500\" \/><\/a><\/p>\n<p><em><strong>Desde el espacio que conduce Jos\u00e9 Cestari manifiestan una vez m\u00e1s la necesidad de estar cerca de la poblaci\u00f3n local que habita los barrios. Es por ello que contin\u00faan recorri\u00e9ndolos y efectuando un punteo de las principales necesidades de cada lugar.<\/strong><\/em><\/p>\n<p>Al respecto manifestaron:<\/p>\n<p><span style=\"color: #000000;\">Los concejales del MIC, Jos\u00e9 Cestari y Juan Carlos Badano, siguen recorriendo los Barrios Mercedinos.<\/span><\/p>\n<p><span style=\"color: #000000;\">Primero visitaron a los vecinos de la Avenida 1 entre Avenida 2 y calle 6.<\/span><\/p>\n<p><span style=\"color: #000000;\">A pesar que este lugar quiso mejorarse por la Doble Bragado y la Fiesta del Durazno, observaron que:<\/span><\/p>\n<ol>\n<li>Una gran cantidad de tierra entre el cord\u00f3n y parte de la calzada, de ambos lados de la Avenida 1, esto se debe a que una de las barredoras pasa, genera una gran polvareda y la tierra queda depositada. \u00bfel mecanismo de absorci\u00f3n de la tierra funcionar\u00e1? \u00bflos cepillos no estar\u00e1n gastados? \u00bfno se gastan horas de trabajo y combustible para no obtener los resultados deseados?<\/li>\n<li>La tierra depositada queda aleda\u00f1a a las bocas de tormenta, cuando llueve \u00bfel barro no obstaculizar\u00e1 los desag\u00fces pluviales?<\/li>\n<li>La falta de poda y el crecimiento excesivo de los pastizales dificulta el tr\u00e1nsito peatonal sobre el sector oeste de la vereda de la Avenida 1, desde el Club V\u00e9lez y la Avenida 2.<\/li>\n<\/ol>\n<p><span style=\"color: #000000;\">Luego fueron al Barrio San Antonio donde visualizaron que la m\u00e1quina niveladora de calzada (champion) pas\u00f3 por la 109 entre 24 y 22 bis, dejando un gran desnivel en la calle 22, donde todav\u00eda no se realizaron los cruces de calle que fueron aprobados por resoluci\u00f3n en el HCD (por unanimidad). Esto provoc\u00f3 que la calle 22 se convierta en un gran cauce con la probabilidad de inundarse ante una eventual precipitaci\u00f3n importante. \u00bfQui\u00e9n supervisa est\u00e1s obras? <\/span><span style=\"color: #000000;\">\u00a0\u00a0<\/span><\/p>\n<p><span style=\"color: #000000;\">\u00a0<\/span><\/p>\n","protected":false},"excerpt":{"rendered":"<p>Desde el espacio que conduce Jos\u00e9 Cestari manifiestan una vez m\u00e1s la necesidad de estar cerca de la poblaci\u00f3n local &#8230; <a title=\"Cestari y Badano contin\u00faan recorriendo los barrios\" class=\"read-more\" href=\"https:\/\/www.hoymercedes.com.ar\/principal\/2015\/02\/19\/cestari-y-badano-continuan-recorriendo-los-barrios\/\" aria-label=\"Leer m\u00e1s sobre Cestari y Badano contin\u00faan recorriendo los barrios\">Leer m\u00e1s<\/a><\/p>\n","protected":false},"author":1,"featured_media":0,"comment_status":"open","ping_status":"open","sticky":false,"template":"","format":"standard","meta":{"_monsterinsights_skip_tracking":false,"_monsterinsights_sitenote_active":false,"_monsterinsights_sitenote_note":"","_monsterinsights_sitenote_category":0,"jetpack_post_was_ever_published":false,"_jetpack_newsletter_access":"","_jetpack_dont_email_post_to_subs":false,"_jetpack_newsletter_tier_id":0,"_jetpack_memberships_contains_paywalled_content":false,"_jetpack_memberships_contains_paid_content":false,"footnotes":"","jetpack_publicize_message":"","jetpack_publicize_feature_enabled":true,"jetpack_social_post_already_shared":true,"jetpack_social_options":{"image_generator_settings":{"template":"highway","default_image_id":0,"font":"","enabled":false},"version":2},"_wpas_customize_per_network":false},"categories":[5],"tags":[321,4098,1972],"class_list":["post-39658","post","type-post","status-publish","format-standard","hentry","category-politica","tag-jose-cestari","tag-juan-carlos-badano","tag-mic","generate-columns","tablet-grid-50","mobile-grid-100","grid-parent","grid-50"],"jetpack_publicize_connections":[],"jetpack_featured_media_url":"","wps_subtitle":"Buscando conocer necesidades ","jetpack_sharing_enabled":true,"jetpack-related-posts":[{"id":37708,"url":"https:\/\/www.hoymercedes.com.ar\/principal\/2014\/11\/12\/desde-el-mic-continuan-sus-recorridas-barriales\/","url_meta":{"origin":39658,"position":0},"title":"Desde el MIC contin\u00faan sus recorridas barriales","author":"hoymercedes","date":"12 noviembre, 2014","format":false,"excerpt":"Los concejales del MIC, Jos\u00e9 Cestari y Juan Carlos Badano, siguen trabajando\u00a0a trav\u00e9s de la metodolog\u00eda que les permite conocer la realidad y las problem\u00e1ticas de los mercedinos, esto es visitar a familias de diferentes barrios, escuchar a la gente, recorrer el territorio, presentar proyectos en el HCD y no\u2026","rel":"","context":"En \u00abPol\u00edtica\u00bb","block_context":{"text":"Pol\u00edtica","link":"https:\/\/www.hoymercedes.com.ar\/principal\/category\/politica\/"},"img":{"alt_text":"","src":"","width":0,"height":0},"classes":[]},{"id":36998,"url":"https:\/\/www.hoymercedes.com.ar\/principal\/2014\/10\/20\/mic-continua-dialogando-con-los-vecinos-e-invitando-a-participar\/","url_meta":{"origin":39658,"position":1},"title":"MIC contin\u00faa dialogando con los vecinos e invitando a participar","author":"hoymercedes","date":"20 octubre, 2014","format":false,"excerpt":"Despu\u00e9s de un extensa Sesi\u00f3n Ordinaria en el Honorable Concejo Deliberante, que termin\u00f3 el viernes 17 de octubre a las 23.30 hs, en la que se aprobaron varios proyectos presentados por el Bloque del MIC y otros pasaron a Comisiones para su tratamiento, el Concejal Jos\u00e9 Cestari, junto a varios\u2026","rel":"","context":"En \u00abPol\u00edtica\u00bb","block_context":{"text":"Pol\u00edtica","link":"https:\/\/www.hoymercedes.com.ar\/principal\/category\/politica\/"},"img":{"alt_text":"josecestario-mic-pro-vecinos","src":"https:\/\/i0.wp.com\/www.hoymercedes.com.ar\/principal\/wp-content\/uploads\/2014\/10\/josecestario-mic-pro-vecinos.jpg?resize=350%2C200","width":350,"height":200,"srcset":"https:\/\/i0.wp.com\/www.hoymercedes.com.ar\/principal\/wp-content\/uploads\/2014\/10\/josecestario-mic-pro-vecinos.jpg?resize=350%2C200 1x, https:\/\/i0.wp.com\/www.hoymercedes.com.ar\/principal\/wp-content\/uploads\/2014\/10\/josecestario-mic-pro-vecinos.jpg?resize=525%2C300 1.5x"},"classes":[]},{"id":45783,"url":"https:\/\/www.hoymercedes.com.ar\/principal\/2015\/11\/09\/mic-solicita-badano-y-cestari-devuelvan-las-bancas-del-h-c-d\/","url_meta":{"origin":39658,"position":2},"title":"MIC solicita Badano y Cestari devuelvan las bancas del H.C.D","author":"hoymercedes","date":"9 noviembre, 2015","format":false,"excerpt":"Piden que Jos\u00e9 Cestari y Carlos Badano devuelvan las bancas de concejal al MIC.\u00a0El debate tras las elecciones sigue abierto. En esta caso el presidente y vice del MIC, Nicol\u00e1s Quiroga y Cristian Torne encabezan la nota en que le piden a Jos\u00e9 Cestari y Carlos Badano devuelvan las bancas\u2026","rel":"","context":"En \u00abPol\u00edtica\u00bb","block_context":{"text":"Pol\u00edtica","link":"https:\/\/www.hoymercedes.com.ar\/principal\/category\/politica\/"},"img":{"alt_text":"","src":"https:\/\/i0.wp.com\/www.hoymercedes.com.ar\/principal\/wp-content\/uploads\/2014\/07\/Cestari-Badano.jpg?resize=350%2C200&ssl=1","width":350,"height":200,"srcset":"https:\/\/i0.wp.com\/www.hoymercedes.com.ar\/principal\/wp-content\/uploads\/2014\/07\/Cestari-Badano.jpg?resize=350%2C200&ssl=1 1x, https:\/\/i0.wp.com\/www.hoymercedes.com.ar\/principal\/wp-content\/uploads\/2014\/07\/Cestari-Badano.jpg?resize=525%2C300&ssl=1 1.5x"},"classes":[]},{"id":30074,"url":"https:\/\/www.hoymercedes.com.ar\/principal\/2014\/02\/20\/mic-mercedes-el-balneario-carlos-americo\/","url_meta":{"origin":39658,"position":3},"title":"MIC Mercedes: El balneario Carlos Am\u00e9rico","author":"hoymercedes","date":"20 febrero, 2014","format":false,"excerpt":"Por MIC Mercedes \/\/ \u00bfPor qu\u00e9 no se mejoran los escurrimientos de desag\u00fces pluviales en algunos lugares de Mercedes? Los concejales del MIC (Mercedes Independiente Comunal) Jos\u00e9 Cestari y Juan Carlos Badano, junto a los militantes de la joven Agrupaci\u00f3n Vecinal siguieron trabajando arduamente durante los meses de enero y\u2026","rel":"","context":"En \u00abPol\u00edtica\u00bb","block_context":{"text":"Pol\u00edtica","link":"https:\/\/www.hoymercedes.com.ar\/principal\/category\/politica\/"},"img":{"alt_text":"Foto: Mic Mercedes ","src":"https:\/\/i0.wp.com\/www.hoymercedes.com.ar\/principal\/wp-content\/uploads\/2014\/02\/balneariocarlosamerico.jpg?resize=350%2C200","width":350,"height":200,"srcset":"https:\/\/i0.wp.com\/www.hoymercedes.com.ar\/principal\/wp-content\/uploads\/2014\/02\/balneariocarlosamerico.jpg?resize=350%2C200 1x, https:\/\/i0.wp.com\/www.hoymercedes.com.ar\/principal\/wp-content\/uploads\/2014\/02\/balneariocarlosamerico.jpg?resize=525%2C300 1.5x"},"classes":[]},{"id":42051,"url":"https:\/\/www.hoymercedes.com.ar\/principal\/2015\/05\/30\/maraton-mauricio-2015-desde-el-mic-pro-siguiendo-la-actividad-a-nivel-nacional\/","url_meta":{"origin":39658,"position":4},"title":"\u00abMarat\u00f3n Mauricio 2015\u00bb, desde el MIC-PRO, siguiendo la actividad a nivel nacional","author":"hoymercedes","date":"30 mayo, 2015","format":false,"excerpt":"En correlaci\u00f3n con lo efectuado a nivel nacional el MIC de Mercedes en la l\u00ednea de Jos\u00e9 Cestari y Carlos Badano llev\u00f3 adelante la campa\u00f1a \u201cMarat\u00f3n Mauricio 2015\u201d donde colocaron mesas en distintos espacios de la ciudad y tocaron timbre en las casas de los mercedinos para hacerles llegar informaci\u00f3n\u2026","rel":"","context":"En \u00abSociedad\u00bb","block_context":{"text":"Sociedad","link":"https:\/\/www.hoymercedes.com.ar\/principal\/category\/sociedad\/"},"img":{"alt_text":"","src":"https:\/\/i0.wp.com\/www.hoymercedes.com.ar\/principal\/wp-content\/uploads\/2015\/05\/mic-pro-cestari-campa%C3%B1a2015.jpg?resize=350%2C200&ssl=1","width":350,"height":200,"srcset":"https:\/\/i0.wp.com\/www.hoymercedes.com.ar\/principal\/wp-content\/uploads\/2015\/05\/mic-pro-cestari-campa%C3%B1a2015.jpg?resize=350%2C200&ssl=1 1x, https:\/\/i0.wp.com\/www.hoymercedes.com.ar\/principal\/wp-content\/uploads\/2015\/05\/mic-pro-cestari-campa%C3%B1a2015.jpg?resize=525%2C300&ssl=1 1.5x"},"classes":[]},{"id":36406,"url":"https:\/\/www.hoymercedes.com.ar\/principal\/2014\/09\/25\/abren-calle-a-pedido-del-mic-en-29-entre-110-y-112\/","url_meta":{"origin":39658,"position":5},"title":"Abren calle a pedido del MIC en 29 entre 110 y 112","author":"hoymercedes","date":"25 septiembre, 2014","format":false,"excerpt":"Los vecinos de Villa Industrial Este han empezado a ver c\u00f3mo se est\u00e1 ejecutando un proyecto presentado en el Concejo Deliberante por Jos\u00e9 Cestari y Juan Carlos Badano, del Mercedes Independiente Comunal.\u00a0El proyecto prev\u00e9 que se abra la calle 29 entre 110 y 112 con las respectivas mejoras. Desde MIC\u2026","rel":"","context":"En \u00abPol\u00edtica\u00bb","block_context":{"text":"Pol\u00edtica","link":"https:\/\/www.hoymercedes.com.ar\/principal\/category\/politica\/"},"img":{"alt_text":"calleabiertamic","src":"https:\/\/i0.wp.com\/www.hoymercedes.com.ar\/principal\/wp-content\/uploads\/2014\/09\/calleabiertamic.jpg?resize=350%2C200","width":350,"height":200,"srcset":"https:\/\/i0.wp.com\/www.hoymercedes.com.ar\/principal\/wp-content\/uploads\/2014\/09\/calleabiertamic.jpg?resize=350%2C200 1x, https:\/\/i0.wp.com\/www.hoymercedes.com.ar\/principal\/wp-content\/uploads\/2014\/09\/calleabiertamic.jpg?resize=525%2C300 1.5x"},"classes":[]}],"_links":{"self":[{"href":"https:\/\/www.hoymercedes.com.ar\/principal\/wp-json\/wp\/v2\/posts\/39658","targetHints":{"allow":["GET"]}}],"collection":[{"href":"https:\/\/www.hoymercedes.com.ar\/principal\/wp-json\/wp\/v2\/posts"}],"about":[{"href":"https:\/\/www.hoymercedes.com.ar\/principal\/wp-json\/wp\/v2\/types\/post"}],"author":[{"embeddable":true,"href":"https:\/\/www.hoymercedes.com.ar\/principal\/wp-json\/wp\/v2\/users\/1"}],"replies":[{"embeddable":true,"href":"https:\/\/www.hoymercedes.com.ar\/principal\/wp-json\/wp\/v2\/comments?post=39658"}],"version-history":[{"count":0,"href":"https:\/\/www.hoymercedes.com.ar\/principal\/wp-json\/wp\/v2\/posts\/39658\/revisions"}],"wp:attachment":[{"href":"https:\/\/www.hoymercedes.com.ar\/principal\/wp-json\/wp\/v2\/media?parent=39658"}],"wp:term":[{"taxonomy":"category","embeddable":true,"href":"https:\/\/www.hoymercedes.com.ar\/principal\/wp-json\/wp\/v2\/categories?post=39658"},{"taxonomy":"post_tag","embeddable":true,"href":"https:\/\/www.hoymercedes.com.ar\/principal\/wp-json\/wp\/v2\/tags?post=39658"}],"curies":[{"name":"wp","href":"https:\/\/api.w.org\/{rel}","templated":true}]}}