{"id":39661,"date":"2015-02-19T23:13:56","date_gmt":"2015-02-20T02:13:56","guid":{"rendered":"http:\/\/www.hoymercedes.com.ar\/principal\/?p=39661"},"modified":"2015-02-19T23:13:56","modified_gmt":"2015-02-20T02:13:56","slug":"pablo-vera-y-el-premio-abelito-lamento-que-el-hecho-se-haya-politizado","status":"publish","type":"post","link":"https:\/\/www.hoymercedes.com.ar\/principal\/2015\/02\/19\/pablo-vera-y-el-premio-abelito-lamento-que-el-hecho-se-haya-politizado\/","title":{"rendered":"Pablo Vera y el premio Abelito:\u00a0\u201cLamento que el hecho se haya politizado\u201d"},"content":{"rendered":"<p><a href=\"https:\/\/www.hoymercedes.com.ar\/principal\/wp-content\/uploads\/2015\/02\/pabloveradebinis-directordeprensamercedes.jpg\"><img loading=\"lazy\" decoding=\"async\" data-attachment-id=\"39662\" data-permalink=\"https:\/\/www.hoymercedes.com.ar\/principal\/2015\/02\/19\/pablo-vera-y-el-premio-abelito-lamento-que-el-hecho-se-haya-politizado\/pabloveradebinis-directordeprensamercedes\/#main\" data-orig-file=\"https:\/\/www.hoymercedes.com.ar\/principal\/wp-content\/uploads\/2015\/02\/pabloveradebinis-directordeprensamercedes.jpg\" data-orig-size=\"620,474\" data-comments-opened=\"1\" data-image-meta=\"{&quot;aperture&quot;:&quot;0&quot;,&quot;credit&quot;:&quot;&quot;,&quot;camera&quot;:&quot;&quot;,&quot;caption&quot;:&quot;&quot;,&quot;created_timestamp&quot;:&quot;0&quot;,&quot;copyright&quot;:&quot;&quot;,&quot;focal_length&quot;:&quot;0&quot;,&quot;iso&quot;:&quot;0&quot;,&quot;shutter_speed&quot;:&quot;0&quot;,&quot;title&quot;:&quot;&quot;,&quot;orientation&quot;:&quot;0&quot;}\" data-image-title=\"pabloveradebinis-directordeprensamercedes\" data-image-description=\"\" data-image-caption=\"\" data-large-file=\"https:\/\/www.hoymercedes.com.ar\/principal\/wp-content\/uploads\/2015\/02\/pabloveradebinis-directordeprensamercedes.jpg\" class=\"Img2014 aligncenter wp-image-39662 size-full\" title=\"Pablo Vera de Bonis, Diego Mar\u00fa, Premio Abelito Mercedes\" src=\"https:\/\/www.hoymercedes.com.ar\/principal\/wp-content\/uploads\/2015\/02\/pabloveradebinis-directordeprensamercedes.jpg\" alt=\"pabloveradebinis-directordeprensamercedes\" width=\"620\" height=\"474\" \/><\/a><\/p>\n<p><em><strong>(CA) Durante la ma\u00f1ana de \u00e9ste jueves el Director de Prensa, Pablo Vera de Bonis, dialog\u00f3 con los medios de comunicaci\u00f3n ratificando que el premio \u201cAbelito\u201d 2015 es para \u201cIlusiones\u201d, tal como vot\u00f3 el jurado durante las noches del \u00faltimo corso. Sostuvo que: \u201cLamento que el hecho se haya politizado\u201d en relaci\u00f3n a la trascendencia que tom\u00f3 el anunciarse un ganador distinto al que efectivamente fue votado por el jurado integrado por representantes de medios de comunicaci\u00f3n.<\/strong><\/em><\/p>\n<p><em>\u201cComo ustedes saben, hasta hace unos d\u00edas se llevaron adelante los corsos mercedinos. Con una organizaci\u00f3n que mostr\u00f3 la jerarquizaci\u00f3n que se les da a los eventos populares. La organizaci\u00f3n y lo prolijo que es en todo sus hechos. En ese sentido, sabido es que hay un premio que impuso esta gesti\u00f3n que tiene que ver con el premio Abelito. Un premio que est\u00e1 nominado por un grupo de periodistas que se va seleccionando de acuerdo a las responsabilidades que tienen los periodistas en el carnaval. Se busca que quienes est\u00e9n en el jurado est\u00e9n ligados a la organizaci\u00f3n del corso. Por eso buscamos a periodistas que vayan alguna noche y que no est\u00e9n vinculados con previas\u201d,<\/em> dijo el Director de Prensa de la Municipalidad de Mercedes Pablo Vera de Bonis en una conferencia de prensa.<\/p>\n<p>\u201cEs de p\u00fablico conocimiento qui\u00e9nes integran el jurado. Pido las disculpas del caso a los miembros del jurado porque se vieron involucrados, lamentablemente, en un hecho que no nos gusta a ninguno de los aqu\u00ed presentes\u201d, dijo para luego buscar aclarar c\u00f3mo funcionaba cada uno de los tres jurados que actuaron en los \u00faltimos corsos: el especializado en murga, el de las atracciones restantes, estos dos propuestos por la Direcci\u00f3n de Cultura, y el del premio Abelito, propuestos por Prensa. Aunque la aclaraci\u00f3n termina mezclando las responsabilidades de cada una de las Direcciones que manejan los resultados de los cert\u00e1menes. Retomando la explicaci\u00f3n del esp\u00edritu del Premio Abelito, Vera de Bonis dijo que el objetivo \u201ces remarcar y reconocer algo del carnaval\u201d. Una distinci\u00f3n diferente a la que otorga el jurado especializado.<\/p>\n<p><em>\u201cQuiero hacerme cargo en lo que a m\u00ed respecta, en lo que tiene que ver con el \u00e1rea de Prensa, Protocolo y Ceremonial de la Municipalidad de Mercedes. Mi funci\u00f3n es hacer un trabajo y, constantemente, ir delegando en un equipo de trabajo. Ese equipo de trabajo est\u00e1 formado por muchos hombres y mujeres que forman parte de la Direcci\u00f3n, de la Radio P\u00fablica y de lo que concierne a la direcci\u00f3n puntualmente\u201d, <\/em>dijo Vera de Bonis.<\/p>\n<p><em>\u201cRecay\u00f3 en una persona puntual el trabajo de la recolecci\u00f3n, el an\u00e1lisis, y posteriormente esa informaci\u00f3n, as\u00ed como el Intendente no recibe los votos, yo tampoco recibo los votos de los Premios Abelito. Me entero del Premio Abelito cuando estoy en el lugar. Se delega en un agente municipal, que hace muchos a\u00f1os trabaja en la funci\u00f3n. No es el primer premio Abelito que organiza. Uno conf\u00eda en esa persona. Lamentablemente, el agente municipal, creemos que involuntariamente, ocasion\u00f3 una confusi\u00f3n muy clara en lo que tiene que ver con la votaci\u00f3n del Premio Abelito\u201d<\/em>, agreg\u00f3 el Director de Prensa.<\/p>\n<p>Seguidamente har\u00eda un \u201cracconto\u201d de los hechos recordando que la votaci\u00f3n fue el viernes, el s\u00e1bado y el domingo para el lunes dar a conocer el ganador. Pero luego, el martes, un medio da a conocer \u201cun disgusto\u201d por parte del jurado. <em>\u201cAutom\u00e1ticamente como Director del \u00e1rea me pongo en contacto con la persona que estuvo a cargo de esta tarea. Me confirma con su palabra c\u00f3mo fueron los votos. Los cuales por negligencia de la misma persona, no est\u00e1n los votos en papel para hoy yo poder mostrarlos\u201d,<\/em> agreg\u00f3 y luego cont\u00f3 que el mi\u00e9rcoles a la ma\u00f1ana se reuni\u00f3 con los integrantes del jurado que horas m\u00e1s tarde ratificaron su voto.<\/p>\n<p><em>\u201cEsto tiende a ensuciar un evento popular. Lamento que el hecho se haya politizado. Lamento que un medio de la ciudad, puntualmente AM, est\u00e9 haciendo una jugada pol\u00edtica de un hecho que, a mi criterio, no lo amerita. A criterio del propio jurado, no lo amerita. Me reun\u00ed con los miembros del jurado para conocer cu\u00e1l era la decisi\u00f3n de cada uno y hablar del planteo p\u00fablico del resultado del carnaval. Ellos dieron su postura sobre lo que podr\u00eda realizarse. Pero la organizaci\u00f3n en esto fue clara. Hay un Premio Abelito. Y por lo tanto, los periodistas ratificaron su voto y han determinado que el ganador es Renovando Ilusiones. Raz\u00f3n por la cual, confirmo que ellos son los ganadores\u201d,<\/em> resalt\u00f3 Pablo Vera de Bonis.<\/p>\n<p>Pablo Vera de Bonis dej\u00f3 en claro que Selva no interviene en ning\u00fan momento del proceso, que no elige a los medios, que no entrega los elementos de emisi\u00f3n de votos, que no cuenta y da los resultados, que \u201cSelva se entera en el mismo moemento que la gente, mantiene la expectativa como todos\u201d.<\/p>\n<p>Asimismo, el Director de Prensa resalt\u00f3 que \u201cla Municipalidad tom\u00f3 las medidas necesarias con el agente municipal en cuanto a sanciones y las dem\u00e1s medidas internas pertinentes\u201d. Se sabe que al agente se lo sumari\u00f3. \u201cConfiamos en que no fue intencional sino un mal desempe\u00f1o y como mal desempe\u00f1o merece una sanci\u00f3n\u201d, agreg\u00f3 Vera de Bonis.<\/p>\n<p><strong>Producci\u00f3n period\u00edstica: Clarisa Altieri<\/strong><\/p>\n<p>&nbsp;<\/p>\n<p>&nbsp;<\/p>\n<p>&nbsp;<\/p>\n","protected":false},"excerpt":{"rendered":"<p>(CA) Durante la ma\u00f1ana de \u00e9ste jueves el Director de Prensa, Pablo Vera de Bonis, dialog\u00f3 con los medios de &#8230; <a title=\"Pablo Vera y el premio Abelito:\u00a0\u201cLamento que el hecho se haya politizado\u201d\" class=\"read-more\" href=\"https:\/\/www.hoymercedes.com.ar\/principal\/2015\/02\/19\/pablo-vera-y-el-premio-abelito-lamento-que-el-hecho-se-haya-politizado\/\" aria-label=\"Leer m\u00e1s sobre Pablo Vera y el premio Abelito:\u00a0\u201cLamento que el hecho se haya politizado\u201d\">Leer m\u00e1s<\/a><\/p>\n","protected":false},"author":1,"featured_media":0,"comment_status":"open","ping_status":"open","sticky":false,"template":"","format":"standard","meta":{"_monsterinsights_skip_tracking":false,"_monsterinsights_sitenote_active":false,"_monsterinsights_sitenote_note":"","_monsterinsights_sitenote_category":0,"jetpack_post_was_ever_published":false,"_jetpack_newsletter_access":"","_jetpack_dont_email_post_to_subs":false,"_jetpack_newsletter_tier_id":0,"_jetpack_memberships_contains_paywalled_content":false,"_jetpack_memberships_contains_paid_content":false,"footnotes":"","jetpack_publicize_message":"","jetpack_publicize_feature_enabled":true,"jetpack_social_post_already_shared":true,"jetpack_social_options":{"image_generator_settings":{"template":"highway","default_image_id":0,"font":"","enabled":false},"version":2},"_wpas_customize_per_network":false},"categories":[30],"tags":[3198,1417,2862,6953,6954],"class_list":["post-39661","post","type-post","status-publish","format-standard","hentry","category-municipio","tag-corsos-mercedes","tag-diego-maru","tag-pablo-vera-de-bonis","tag-premio-abelito","tag-premio-abelito-mercedes","generate-columns","tablet-grid-50","mobile-grid-100","grid-parent","grid-50"],"jetpack_publicize_connections":[],"jetpack_featured_media_url":"","wps_subtitle":"Corsos 2015","jetpack_sharing_enabled":true,"_links":{"self":[{"href":"https:\/\/www.hoymercedes.com.ar\/principal\/wp-json\/wp\/v2\/posts\/39661","targetHints":{"allow":["GET"]}}],"collection":[{"href":"https:\/\/www.hoymercedes.com.ar\/principal\/wp-json\/wp\/v2\/posts"}],"about":[{"href":"https:\/\/www.hoymercedes.com.ar\/principal\/wp-json\/wp\/v2\/types\/post"}],"author":[{"embeddable":true,"href":"https:\/\/www.hoymercedes.com.ar\/principal\/wp-json\/wp\/v2\/users\/1"}],"replies":[{"embeddable":true,"href":"https:\/\/www.hoymercedes.com.ar\/principal\/wp-json\/wp\/v2\/comments?post=39661"}],"version-history":[{"count":0,"href":"https:\/\/www.hoymercedes.com.ar\/principal\/wp-json\/wp\/v2\/posts\/39661\/revisions"}],"wp:attachment":[{"href":"https:\/\/www.hoymercedes.com.ar\/principal\/wp-json\/wp\/v2\/media?parent=39661"}],"wp:term":[{"taxonomy":"category","embeddable":true,"href":"https:\/\/www.hoymercedes.com.ar\/principal\/wp-json\/wp\/v2\/categories?post=39661"},{"taxonomy":"post_tag","embeddable":true,"href":"https:\/\/www.hoymercedes.com.ar\/principal\/wp-json\/wp\/v2\/tags?post=39661"}],"curies":[{"name":"wp","href":"https:\/\/api.w.org\/{rel}","templated":true}]}}