{"id":39664,"date":"2015-02-19T23:21:18","date_gmt":"2015-02-20T02:21:18","guid":{"rendered":"http:\/\/www.hoymercedes.com.ar\/principal\/?p=39664"},"modified":"2015-02-19T23:21:18","modified_gmt":"2015-02-20T02:21:18","slug":"salomone-no-somos-una-maquina-de-impedir-como-se-dijo-en-algun-medio-o-la-ciudad-del-no","status":"publish","type":"post","link":"https:\/\/www.hoymercedes.com.ar\/principal\/2015\/02\/19\/salomone-no-somos-una-maquina-de-impedir-como-se-dijo-en-algun-medio-o-la-ciudad-del-no\/","title":{"rendered":"Salomone: \u201cno somos una m\u00e1quina de impedir, como se dijo en alg\u00fan medio, o la ciudad del no\u201d"},"content":{"rendered":"<p><a href=\"https:\/\/www.hoymercedes.com.ar\/principal\/wp-content\/uploads\/2015\/02\/Salomone-Gustavo1.jpg\"><img loading=\"lazy\" decoding=\"async\" data-attachment-id=\"39665\" data-permalink=\"https:\/\/www.hoymercedes.com.ar\/principal\/2015\/02\/19\/salomone-no-somos-una-maquina-de-impedir-como-se-dijo-en-algun-medio-o-la-ciudad-del-no\/sanyo-digital-camera-30\/#main\" data-orig-file=\"https:\/\/www.hoymercedes.com.ar\/principal\/wp-content\/uploads\/2015\/02\/Salomone-Gustavo1.jpg\" data-orig-size=\"620,216\" data-comments-opened=\"1\" data-image-meta=\"{&quot;aperture&quot;:&quot;2.8&quot;,&quot;credit&quot;:&quot;&quot;,&quot;camera&quot;:&quot;S770&quot;,&quot;caption&quot;:&quot;&quot;,&quot;created_timestamp&quot;:&quot;1202949894&quot;,&quot;copyright&quot;:&quot;&quot;,&quot;focal_length&quot;:&quot;5.8&quot;,&quot;iso&quot;:&quot;200&quot;,&quot;shutter_speed&quot;:&quot;0.025&quot;,&quot;title&quot;:&quot;SANYO DIGITAL CAMERA&quot;,&quot;orientation&quot;:&quot;0&quot;}\" data-image-title=\"SANYO DIGITAL CAMERA\" data-image-description=\"\" data-image-caption=\"\" data-large-file=\"https:\/\/www.hoymercedes.com.ar\/principal\/wp-content\/uploads\/2015\/02\/Salomone-Gustavo1.jpg\" class=\"Img2014 aligncenter wp-image-39665 size-full\" title=\"Gustavo Salomone, plan procrear mercedes\" src=\"https:\/\/www.hoymercedes.com.ar\/principal\/wp-content\/uploads\/2015\/02\/Salomone-Gustavo1.jpg\" alt=\"SANYO DIGITAL CAMERA\" width=\"620\" height=\"216\" \/><\/a><\/p>\n<p><em><strong>El Secretario\u00a0 de Obras de la Municipalidad, Gustavo Salomone, se manifest\u00f3 nuevamente a la situaci\u00f3n de la construcci\u00f3n de viviendas en nuestra ciudad, un tema m\u00e1s que candente en los d\u00edas que corren. Afirm\u00f3 que: \u201cEl municipio de mercedes est\u00e1 a favor de cualquier plan de viviendas que se pueda desarrollar como lo es el barrio Rene Favaloro\u201d, tras una nueva pol\u00e9mica encendida especialmente desde los medios de comunicaci\u00f3n, comentaron desde la Comuna.<\/strong><\/em><\/p>\n<p>El Secretario de Obras P\u00fablicas expres\u00f3: \u201cEl municipio de Mercedes est\u00e1 a favor de cualquier plan de viviendas que se pueda desarrollar como lo es el barrio Rene Favaloro que despu\u00e9s de pasar por miles de avatares pol\u00edticos hoy est\u00e1 en plena culminaci\u00f3n. Ya cuenta adem\u00e1s con agua corriente, cuya obra est\u00e1 termin\u00e1ndose por acceso Manuel San Martin entre 110 y 132, como lo fue el Plan Federal 1 efectuado en el a\u00f1o 2005 en tierras municipales y como lo es el plan Compartir efectuado en 20 lotes de vecinos particulares\u201d sostuvo el hombre encargado de las obras p\u00fablicas de nuestra comunidad desde hace largo tiempo, a la vez que remarc\u00f3: \u201cLa complejidad del Plan Procrear, a desarrollarse en un predio del Estado Nacional perteneciente a la red ferroviaria nacional, es motivada por la falta de inter\u00e9s del Plan Procrear en presentar al municipio la documentaci\u00f3n que debe presentarse para avanzar con las tramitaciones.\u201d Afirm\u00f3 contundentemente.<\/p>\n<p>El Ingeniero Gustavo Salomone tambi\u00e9n expres\u00f3: \u201cDesde la sanci\u00f3n y promulgaci\u00f3n de la ordenanza del Procrear (julio del 2013) y a la fecha, el municipio no est\u00e1 en condiciones de continuar con las gestiones ante los entes provinciales de tierras y urbanismo para que se convalide la misma, ya que este ente provincial ha observado 3 cuestiones bien marcadas como son: a) las sesiones de espacios verdes y comunitarios que deben cumplir cualquier proyecto integral urban\u00edstico (art 52 de ley 8912\/77) como se hizo en el plan de viviendas del barrio San Martin, como lo fue en el loteo del barrio Rene Favaloro, en el Fonavi (17 y 2), barrio Esperanza y\u00a0 en barrio Eva Duarte. ((A la fecha no ha ingresado ning\u00fan plano de loteo del predio)). b) otra cuesti\u00f3n es las factibilidades de los servicios esenciales, como lo dicta el art\u00edculo 4 de la ordenanza que se pretende convalidar (a la fecha no ha ingresado al municipio ninguno de los proyectos de agua, ni cloacas, ni luz, ni gas, pavimentos, desag\u00fces) por lo que es imposible obtener las factibilidades de los servicios,\u00a0 y c) la provincia ha solicitado es la titularidad del bien y la desafectaci\u00f3n del uso ferroviario ( no ha ingresado al municipio ninguna documentaci\u00f3n al respecto)\u201d, sostuvo el funcionario selvista volviendo a hacer un repaso del estado de situaci\u00f3n.<\/p>\n<p>Las adelante y en clave m\u00e1s \u201cPol\u00edtica\u201d que de \u201cgestor\u201d remarc\u00f3: <em>\u201cCon esto queremos decir que no somos una m\u00e1quina de impedir, como se dijo en alg\u00fan medio, o la ciudad del no! como dijo alg\u00fan periodista. Simplemente el Estado Nacional debe someterse a las ordenanzas locales y las\u00a0 leyes\u00a0 provinciales. La tardanza por parte del municipio en elevar\u00a0 la ordenanza sancionada en julio del 2013 al organismo provincial competente, se debi\u00f3 a que no se cont\u00f3 ni se cuenta al d\u00eda de hoy con la documentaci\u00f3n que hay que satisfacer para que el \u00f3rgano provincial pueda evaluar la misma.\u00a0 Dicha documentaci\u00f3n ha sido solicitada directamente a Diego Bossio del Procrear y hasta que este ente no aporte la misma, el municipio no puede devolver el expediente a la provincia.\u201d <\/em>Afirm\u00f3 el funcionario que desde hace un tiempo ocupa las primeras planas y requerimientos period\u00edsticos dado el \u00e1mbito que controla y que se encuentra vinculado a las obras que se proyectan en la localidad.<\/p>\n<p>&nbsp;<\/p>\n<p>&nbsp;<\/p>\n<p>&nbsp;<\/p>\n","protected":false},"excerpt":{"rendered":"<p>El Secretario\u00a0 de Obras de la Municipalidad, Gustavo Salomone, se manifest\u00f3 nuevamente a la situaci\u00f3n de la construcci\u00f3n de viviendas &#8230; <a title=\"Salomone: \u201cno somos una m\u00e1quina de impedir, como se dijo en alg\u00fan medio, o la ciudad del no\u201d\" class=\"read-more\" href=\"https:\/\/www.hoymercedes.com.ar\/principal\/2015\/02\/19\/salomone-no-somos-una-maquina-de-impedir-como-se-dijo-en-algun-medio-o-la-ciudad-del-no\/\" aria-label=\"Leer m\u00e1s sobre Salomone: \u201cno somos una m\u00e1quina de impedir, como se dijo en alg\u00fan medio, o la ciudad del no\u201d\">Leer m\u00e1s<\/a><\/p>\n","protected":false},"author":1,"featured_media":0,"comment_status":"open","ping_status":"open","sticky":false,"template":"","format":"standard","meta":{"_monsterinsights_skip_tracking":false,"_monsterinsights_sitenote_active":false,"_monsterinsights_sitenote_note":"","_monsterinsights_sitenote_category":0,"jetpack_post_was_ever_published":false,"_jetpack_newsletter_access":"","_jetpack_dont_email_post_to_subs":false,"_jetpack_newsletter_tier_id":0,"_jetpack_memberships_contains_paywalled_content":false,"_jetpack_memberships_contains_paid_content":false,"footnotes":"","jetpack_publicize_message":"","jetpack_publicize_feature_enabled":true,"jetpack_social_post_already_shared":true,"jetpack_social_options":{"image_generator_settings":{"template":"highway","default_image_id":0,"font":"","enabled":false},"version":2},"_wpas_customize_per_network":false},"categories":[5],"tags":[229,2226,3392],"class_list":["post-39664","post","type-post","status-publish","format-standard","hentry","category-politica","tag-gustavo-salomone","tag-obras-publicas-mercedes","tag-procrear-mercedes","generate-columns","tablet-grid-50","mobile-grid-100","grid-parent","grid-50"],"jetpack_publicize_connections":[],"jetpack_featured_media_url":"","wps_subtitle":"Pol\u00e9mica PROCREAR ","jetpack_sharing_enabled":true,"_links":{"self":[{"href":"https:\/\/www.hoymercedes.com.ar\/principal\/wp-json\/wp\/v2\/posts\/39664","targetHints":{"allow":["GET"]}}],"collection":[{"href":"https:\/\/www.hoymercedes.com.ar\/principal\/wp-json\/wp\/v2\/posts"}],"about":[{"href":"https:\/\/www.hoymercedes.com.ar\/principal\/wp-json\/wp\/v2\/types\/post"}],"author":[{"embeddable":true,"href":"https:\/\/www.hoymercedes.com.ar\/principal\/wp-json\/wp\/v2\/users\/1"}],"replies":[{"embeddable":true,"href":"https:\/\/www.hoymercedes.com.ar\/principal\/wp-json\/wp\/v2\/comments?post=39664"}],"version-history":[{"count":0,"href":"https:\/\/www.hoymercedes.com.ar\/principal\/wp-json\/wp\/v2\/posts\/39664\/revisions"}],"wp:attachment":[{"href":"https:\/\/www.hoymercedes.com.ar\/principal\/wp-json\/wp\/v2\/media?parent=39664"}],"wp:term":[{"taxonomy":"category","embeddable":true,"href":"https:\/\/www.hoymercedes.com.ar\/principal\/wp-json\/wp\/v2\/categories?post=39664"},{"taxonomy":"post_tag","embeddable":true,"href":"https:\/\/www.hoymercedes.com.ar\/principal\/wp-json\/wp\/v2\/tags?post=39664"}],"curies":[{"name":"wp","href":"https:\/\/api.w.org\/{rel}","templated":true}]}}