{"id":39670,"date":"2015-02-20T10:50:37","date_gmt":"2015-02-20T13:50:37","guid":{"rendered":"http:\/\/www.hoymercedes.com.ar\/principal\/?p=39670"},"modified":"2015-03-16T12:55:43","modified_gmt":"2015-03-16T15:55:43","slug":"que-eso-no-se-dice-que-eso-no-se-hace-que-eso-no-se-toca-opina-josefina-iglesias-berrondo","status":"publish","type":"post","link":"https:\/\/www.hoymercedes.com.ar\/principal\/2015\/02\/20\/que-eso-no-se-dice-que-eso-no-se-hace-que-eso-no-se-toca-opina-josefina-iglesias-berrondo\/","title":{"rendered":"\u201cQue eso no se dice, que eso no se hace, que eso no se toca\u2026\u201d, opina Josefina Iglesias Berrondo"},"content":{"rendered":"<p><strong><span style=\"color: #000000;\">La frase de Serrat define la agenda que pretende marcar el oficialismo. El kirchnerismo nos ha querido imponer una sola forma de ver la pol\u00edtica, y se ha transformado en una sola forma de ver la realidad.<\/span><\/strong><\/p>\n<p><em><strong><span style=\"color: #000000;\">Dra. Josefina Iglesias Berrondo *<\/span><\/strong><\/em><\/p>\n<p><span style=\"color: #000000;\">\u201cQue eso no se dice, que eso no se hace, que eso no se toca\u2026\u201d. Pareciera que esta estrofa de la preciosa canci\u00f3n de Joan Manuel Serrat define de alguna manera la agenda que pretende marcar el oficialismo nacional.<\/span><\/p>\n<p><span style=\"color: #000000;\">Todos hemos escuchado alguna vez que el kirchnerismo nos devolvi\u00f3 la pol\u00edtica, o que se volvi\u00f3 a hablar de pol\u00edtica gracias a N\u00e9stor y Cristina. Me permito discrepar con esta afirmaci\u00f3n que se ha convertido en un mito, que como tal, est\u00e1 formado por un relato imaginario.<\/span><\/p>\n<p><span style=\"color: #000000;\">Cuando se habla de pol\u00edtica, f\u00fatbol o religi\u00f3n hay tantas opiniones como personas que integren el di\u00e1logo, y siempre hay distintas formas de pensar o sentir que se exponen, se discuten, se intercambian, que enriquecen a quienes queremos compartir en esas charlas nuestros puntos de vista.<\/span><\/p>\n<p><span style=\"color: #000000;\">El kirchnerismo nos ha querido imponer una sola forma de ver la pol\u00edtica, y con el tiempo se ha transformado en una sola forma de ver la realidad. Tanto se ha querido imponer una \u00fanica forma de pensamiento que ya no se habla de ello.<\/span><\/p>\n<p><span style=\"color: #000000;\">Quienes honramos como valor la familia o la amistad en nuestra vida, en una enorme mayor\u00eda elegimos no hablar de pol\u00edtica con quienes militan en el kirchnerismo, porque pensar distinto nos transforma en enemigos, en golpistas, en gorilas, o cualquier calificativo peyorativo de moda.<\/span><\/p>\n<p><span style=\"color: #000000;\">El mi\u00e9rcoles 18 en las calles del pa\u00eds nos expresamos a trav\u00e9s del silencio. Tan grande es el da\u00f1o institucional que a los argentinos nos uni\u00f3 bajo la lluvia en varios lugares, el mismo silencio. Como sucede entre nuestros amigos o familiares que no pueden aceptar que pensemos distinto, elegimos no discutir de pol\u00edtica, tambi\u00e9n la gran mayor\u00eda de argentinos que el mi\u00e9rcoles camin\u00f3 por los espacios p\u00fablicos de sus localidades eligi\u00f3 no pedirle m\u00e1s a un gobierno que no quiere escuchar que pensamos distinto. Que no quiere que opinemos o que nuestros representantes en el Congreso opinen por nosotros, o que no quiera que un fiscal acuse, o un juez investigue\u2026<\/span><\/p>\n<p><span style=\"color: #000000;\">Lo que pas\u00f3 el 18 de febrero de 2015 en la Argentina fue un acto masivo de madurez, entendimos que el gobierno de Cristina Kirchner solamente se ocupa de los temas que importan a quienes la votaron, pero tambi\u00e9n entendimos que si queremos una Argentina en la que el debate, el di\u00e1logo, las discusiones enriquecedoras y porque no, las negociaciones vuelvan a ser parte de nuestra vida privada y ciudadana, tenemos que participar activamente y cambiar la realidad.<\/span><\/p>\n<p><span style=\"color: #000000;\">Se viene un a\u00f1o electoral intenso, en el que vamos a poder ejercer un derecho constitucional sagrado como el voto, quiz\u00e1s quienes hicieron silencio ayer, hablen en las urnas para recuperar finalmente la rep\u00fablica que merecemos.<\/span><\/p>\n<p><em><span style=\"color: #000000;\">* Josefina Iglesias Berrondo es mercedina, abogada, integrante del \u00e1rea de Construcci\u00f3n Ciudadana y Cambio Cultural de la Jefatura de Gabinete del Gobierno de la Ciudad de Buenos Aires. En Mercedes apoya y acompa\u00f1a la precandidatura a Intendente del Profesor Jos\u00e9 Cestari del MIC.<\/span><\/em><\/p>\n<p>&nbsp;<\/p>\n<p>&nbsp;<\/p>\n<p>&nbsp;<\/p>\n","protected":false},"excerpt":{"rendered":"<p>La frase de Serrat define la agenda que pretende marcar el oficialismo. El kirchnerismo nos ha querido imponer una sola &#8230; <a title=\"\u201cQue eso no se dice, que eso no se hace, que eso no se toca\u2026\u201d, opina Josefina Iglesias Berrondo\" class=\"read-more\" href=\"https:\/\/www.hoymercedes.com.ar\/principal\/2015\/02\/20\/que-eso-no-se-dice-que-eso-no-se-hace-que-eso-no-se-toca-opina-josefina-iglesias-berrondo\/\" aria-label=\"Leer m\u00e1s sobre \u201cQue eso no se dice, que eso no se hace, que eso no se toca\u2026\u201d, opina Josefina Iglesias Berrondo\">Leer m\u00e1s<\/a><\/p>\n","protected":false},"author":1,"featured_media":0,"comment_status":"open","ping_status":"open","sticky":false,"template":"","format":"standard","meta":{"_monsterinsights_skip_tracking":false,"_monsterinsights_sitenote_active":false,"_monsterinsights_sitenote_note":"","_monsterinsights_sitenote_category":0,"jetpack_post_was_ever_published":false,"_jetpack_newsletter_access":"","_jetpack_dont_email_post_to_subs":false,"_jetpack_newsletter_tier_id":0,"_jetpack_memberships_contains_paywalled_content":false,"_jetpack_memberships_contains_paid_content":false,"footnotes":"","jetpack_publicize_message":"","jetpack_publicize_feature_enabled":true,"jetpack_social_post_already_shared":true,"jetpack_social_options":{"image_generator_settings":{"template":"highway","default_image_id":0,"font":"","enabled":false},"version":2},"_wpas_customize_per_network":false},"categories":[5],"tags":[6956],"class_list":["post-39670","post","type-post","status-publish","format-standard","hentry","category-politica","tag-josefina-iglesias-berrondo","generate-columns","tablet-grid-50","mobile-grid-100","grid-parent","grid-50"],"jetpack_publicize_connections":[],"jetpack_featured_media_url":"","wps_subtitle":"\u00c1mbito pol\u00edtico","jetpack_sharing_enabled":true,"jetpack-related-posts":[{"id":38317,"url":"https:\/\/www.hoymercedes.com.ar\/principal\/2014\/12\/10\/josefina-bustos-berrondo-desde-mic-propone-hora-gratis-y-bicicletas-publicas-ante-estacionamiento-medido\/","url_meta":{"origin":39670,"position":0},"title":"Josefina Iglesias Berrondo, desde MIC, propone \u00abHora gratis\u00bb y \u00abBicicletas p\u00fablicas\u00bb ante estacionamiento medido","author":"hoymercedes","date":"10 diciembre, 2014","format":false,"excerpt":"La abogada mercedina Josefina Iglesias Berrondo, que trabaja con el MIC en Mercedes particip\u00f3 en la Audiencia P\u00fablica del Estacionamiento Medido llevada a cabo el martes 9 de diciembre a partir de la hora 20. \u201cQuise sumarme a este debate como mercedina y como asesora del Gobierno de la Ciudad\u2026","rel":"","context":"En \u00abPol\u00edtica\u00bb","block_context":{"text":"Pol\u00edtica","link":"https:\/\/www.hoymercedes.com.ar\/principal\/category\/politica\/"},"img":{"alt_text":"bustosberrondo","src":"https:\/\/i0.wp.com\/www.hoymercedes.com.ar\/principal\/wp-content\/uploads\/2014\/12\/bustosberrondo.jpg?resize=350%2C200","width":350,"height":200,"srcset":"https:\/\/i0.wp.com\/www.hoymercedes.com.ar\/principal\/wp-content\/uploads\/2014\/12\/bustosberrondo.jpg?resize=350%2C200 1x, https:\/\/i0.wp.com\/www.hoymercedes.com.ar\/principal\/wp-content\/uploads\/2014\/12\/bustosberrondo.jpg?resize=525%2C300 1.5x"},"classes":[]},{"id":32749,"url":"https:\/\/www.hoymercedes.com.ar\/principal\/2014\/05\/11\/mic-mercedes-lanzado-con-el-pro-y-macri\/","url_meta":{"origin":39670,"position":1},"title":"MIC y Jos\u00e9 Cestari relanzados con el PRO y Macri","author":"hoymercedes","date":"11 mayo, 2014","format":false,"excerpt":"El espacio pol\u00edtico de Jos\u00e9 Cestari ha dado un giro importante. Se ha incorporado plenamente a una fuerza nacional y a una figura central: Mauricio Macri y el PRO, que buscan construir en la provincia y el pa\u00eds con miras al 2015.\u00a0 Desde el Mercedes Independiente Comunal, que tiene a\u2026","rel":"","context":"En \u00abPol\u00edtica\u00bb","block_context":{"text":"Pol\u00edtica","link":"https:\/\/www.hoymercedes.com.ar\/principal\/category\/politica\/"},"img":{"alt_text":"MIC-PRO-II","src":"https:\/\/i0.wp.com\/www.hoymercedes.com.ar\/principal\/wp-content\/uploads\/2014\/05\/MIC-PRO-II.jpg?resize=350%2C200","width":350,"height":200,"srcset":"https:\/\/i0.wp.com\/www.hoymercedes.com.ar\/principal\/wp-content\/uploads\/2014\/05\/MIC-PRO-II.jpg?resize=350%2C200 1x, https:\/\/i0.wp.com\/www.hoymercedes.com.ar\/principal\/wp-content\/uploads\/2014\/05\/MIC-PRO-II.jpg?resize=525%2C300 1.5x"},"classes":[]},{"id":157991,"url":"https:\/\/www.hoymercedes.com.ar\/principal\/2023\/02\/04\/ruiz-el-kirchnerismo-tambien-nos-esta-robando-a-los-vecinos-de-mercedes\/","url_meta":{"origin":39670,"position":2},"title":"Ruiz: \u00abEl Kirchnerismo tambi\u00e9n nos est\u00e1 robando a los vecinos de Mercedes\u00bb","author":"hoymercedes","date":"4 febrero, 2023","format":false,"excerpt":"Por Noelia Ruiz - Conocidos los datos del \u00faltimo censo, vemos c\u00f3mo el Kirchnerismo nos estaf\u00f3 a los bonaerenses manipulando datos para beneficiar con la repartici\u00f3n de recursos a distritos amigos. A Mercedes, nuestra ciudad, y a nosotros los vecinos, nos robaron 375 millones de pesos que hoy podr\u00edan estar\u2026","rel":"","context":"En \u00abOpini\u00f3n\u00bb","block_context":{"text":"Opini\u00f3n","link":"https:\/\/www.hoymercedes.com.ar\/principal\/category\/opinion\/"},"img":{"alt_text":"","src":"https:\/\/i0.wp.com\/www.hoymercedes.com.ar\/principal\/wp-content\/uploads\/2022\/05\/2022-05-05-4.png?resize=350%2C200&ssl=1","width":350,"height":200,"srcset":"https:\/\/i0.wp.com\/www.hoymercedes.com.ar\/principal\/wp-content\/uploads\/2022\/05\/2022-05-05-4.png?resize=350%2C200&ssl=1 1x, https:\/\/i0.wp.com\/www.hoymercedes.com.ar\/principal\/wp-content\/uploads\/2022\/05\/2022-05-05-4.png?resize=525%2C300&ssl=1 1.5x, https:\/\/i0.wp.com\/www.hoymercedes.com.ar\/principal\/wp-content\/uploads\/2022\/05\/2022-05-05-4.png?resize=700%2C400&ssl=1 2x"},"classes":[]},{"id":105404,"url":"https:\/\/www.hoymercedes.com.ar\/principal\/2020\/01\/21\/vet-emilio-iglesias-berrondo-nuevo-director-del-centro-regional-buenos-aires-norte-del-senasa\/","url_meta":{"origin":39670,"position":3},"title":"Emilio Iglesias Berrondo, nuevo director del Centro Regional Buenos Aires Norte del SENASA","author":"hoymercedes","date":"21 enero, 2020","format":false,"excerpt":"La funci\u00f3n del veterinario tendr\u00e1 asiento en la sede regional, situada en la ciudad de Chivilcoy y tendr\u00e1 bajo su jurisdicci\u00f3n un radio comprendido por 63 municipios del centro y norte bonaerense. El director nacional de Operaciones, Juan \u00c1ngel Cruz, junto a su equipo de trabajo, se reunieron, el pasado\u2026","rel":"","context":"En \u00abRegi\u00f3n\u00bb","block_context":{"text":"Regi\u00f3n","link":"https:\/\/www.hoymercedes.com.ar\/principal\/category\/region\/"},"img":{"alt_text":"","src":"https:\/\/i0.wp.com\/www.hoymercedes.com.ar\/principal\/wp-content\/uploads\/2020\/01\/21-jefe-senasa-1.jpg?resize=350%2C200&ssl=1","width":350,"height":200,"srcset":"https:\/\/i0.wp.com\/www.hoymercedes.com.ar\/principal\/wp-content\/uploads\/2020\/01\/21-jefe-senasa-1.jpg?resize=350%2C200&ssl=1 1x, https:\/\/i0.wp.com\/www.hoymercedes.com.ar\/principal\/wp-content\/uploads\/2020\/01\/21-jefe-senasa-1.jpg?resize=525%2C300&ssl=1 1.5x, https:\/\/i0.wp.com\/www.hoymercedes.com.ar\/principal\/wp-content\/uploads\/2020\/01\/21-jefe-senasa-1.jpg?resize=700%2C400&ssl=1 2x"},"classes":[]},{"id":32540,"url":"https:\/\/www.hoymercedes.com.ar\/principal\/2014\/05\/02\/mic-mercedes-en-reunion-de-intercambio-de-ideas-con-funcionarios-de-la-ciudad-autonoma-de-buenos-aires\/","url_meta":{"origin":39670,"position":4},"title":"MIC en reuni\u00f3n de intercambio de ideas con funcionarios de la Ciudad Aut\u00f3noma de Buenos Aires","author":"hoymercedes","date":"2 mayo, 2014","format":false,"excerpt":"Responsables de Construcci\u00f3n de Ciudadan\u00eda y Cambio Cultural y de la Direcci\u00f3n de Tr\u00e1nsito, se reunieron con concejales y militantes. Pusieron especial \u00e9nfasis en el estacionamiento medido, y en el tratamiento y disposici\u00f3n de residuos. Funcionarios del Gobierno de la Ciudad de Buenos Aires fueron parte de una charla t\u00e9cnica\u2026","rel":"","context":"En \u00abSociedad\u00bb","block_context":{"text":"Sociedad","link":"https:\/\/www.hoymercedes.com.ar\/principal\/category\/sociedad\/"},"img":{"alt_text":"Cestari-I","src":"https:\/\/i0.wp.com\/www.hoymercedes.com.ar\/principal\/wp-content\/uploads\/2014\/05\/Cestari-I.jpg?resize=350%2C200","width":350,"height":200,"srcset":"https:\/\/i0.wp.com\/www.hoymercedes.com.ar\/principal\/wp-content\/uploads\/2014\/05\/Cestari-I.jpg?resize=350%2C200 1x, https:\/\/i0.wp.com\/www.hoymercedes.com.ar\/principal\/wp-content\/uploads\/2014\/05\/Cestari-I.jpg?resize=525%2C300 1.5x"},"classes":[]},{"id":137309,"url":"https:\/\/www.hoymercedes.com.ar\/principal\/2021\/09\/15\/agradecimiento-del-hogar-de-la-divina-providencia\/","url_meta":{"origin":39670,"position":5},"title":"Agradecimiento del Hogar de la Divina Providencia","author":"hoymercedes","date":"15 septiembre, 2021","format":false,"excerpt":"\u00a1GRACIAS POR COLABORAR Y ACOMPA\u00d1ARNOS! HOGAR DE LA DIVINA PROVIDENCIA \u201cCu\u00e1nto pueden atesorar para la vida eterna con un acto de caridad con esos pobrecitos que sufren en el lecho del dolor\u201d Madre Camila de San Jos\u00e9 Rol\u00f3n La Asociaci\u00f3n Cooperadora del Hogar Divina Providencia quiere agradecer a los socios,\u2026","rel":"","context":"En \u00abSociedad\u00bb","block_context":{"text":"Sociedad","link":"https:\/\/www.hoymercedes.com.ar\/principal\/category\/sociedad\/"},"img":{"alt_text":"","src":"https:\/\/i0.wp.com\/www.hoymercedes.com.ar\/principal\/wp-content\/uploads\/2021\/09\/Screenshot_20210915-1246072.png?resize=350%2C200&ssl=1","width":350,"height":200,"srcset":"https:\/\/i0.wp.com\/www.hoymercedes.com.ar\/principal\/wp-content\/uploads\/2021\/09\/Screenshot_20210915-1246072.png?resize=350%2C200&ssl=1 1x, https:\/\/i0.wp.com\/www.hoymercedes.com.ar\/principal\/wp-content\/uploads\/2021\/09\/Screenshot_20210915-1246072.png?resize=525%2C300&ssl=1 1.5x, https:\/\/i0.wp.com\/www.hoymercedes.com.ar\/principal\/wp-content\/uploads\/2021\/09\/Screenshot_20210915-1246072.png?resize=700%2C400&ssl=1 2x, https:\/\/i0.wp.com\/www.hoymercedes.com.ar\/principal\/wp-content\/uploads\/2021\/09\/Screenshot_20210915-1246072.png?resize=1050%2C600&ssl=1 3x"},"classes":[]}],"_links":{"self":[{"href":"https:\/\/www.hoymercedes.com.ar\/principal\/wp-json\/wp\/v2\/posts\/39670","targetHints":{"allow":["GET"]}}],"collection":[{"href":"https:\/\/www.hoymercedes.com.ar\/principal\/wp-json\/wp\/v2\/posts"}],"about":[{"href":"https:\/\/www.hoymercedes.com.ar\/principal\/wp-json\/wp\/v2\/types\/post"}],"author":[{"embeddable":true,"href":"https:\/\/www.hoymercedes.com.ar\/principal\/wp-json\/wp\/v2\/users\/1"}],"replies":[{"embeddable":true,"href":"https:\/\/www.hoymercedes.com.ar\/principal\/wp-json\/wp\/v2\/comments?post=39670"}],"version-history":[{"count":0,"href":"https:\/\/www.hoymercedes.com.ar\/principal\/wp-json\/wp\/v2\/posts\/39670\/revisions"}],"wp:attachment":[{"href":"https:\/\/www.hoymercedes.com.ar\/principal\/wp-json\/wp\/v2\/media?parent=39670"}],"wp:term":[{"taxonomy":"category","embeddable":true,"href":"https:\/\/www.hoymercedes.com.ar\/principal\/wp-json\/wp\/v2\/categories?post=39670"},{"taxonomy":"post_tag","embeddable":true,"href":"https:\/\/www.hoymercedes.com.ar\/principal\/wp-json\/wp\/v2\/tags?post=39670"}],"curies":[{"name":"wp","href":"https:\/\/api.w.org\/{rel}","templated":true}]}}