{"id":39677,"date":"2015-02-20T19:22:37","date_gmt":"2015-02-20T22:22:37","guid":{"rendered":"http:\/\/www.hoymercedes.com.ar\/principal\/?p=39677"},"modified":"2015-02-20T19:32:41","modified_gmt":"2015-02-20T22:32:41","slug":"santana-trabajo-para-scioli-2015-no-para-santana-intendente","status":"publish","type":"post","link":"https:\/\/www.hoymercedes.com.ar\/principal\/2015\/02\/20\/santana-trabajo-para-scioli-2015-no-para-santana-intendente\/","title":{"rendered":"Santana: \u201ctrabajo para Scioli 2015, no para Santana intendente\u201d"},"content":{"rendered":"<p><a href=\"https:\/\/www.hoymercedes.com.ar\/principal\/wp-content\/uploads\/2015\/02\/Ai-ZwuhvfP18iO_LVsvek_slXLhV_a8uKOwvYZTrDDNO.jpg\"><img loading=\"lazy\" decoding=\"async\" data-attachment-id=\"39678\" data-permalink=\"https:\/\/www.hoymercedes.com.ar\/principal\/2015\/02\/20\/santana-trabajo-para-scioli-2015-no-para-santana-intendente\/ai-zwuhvfp18io_lvsvek_slxlhv_a8ukowvyztrddno\/#main\" data-orig-file=\"https:\/\/www.hoymercedes.com.ar\/principal\/wp-content\/uploads\/2015\/02\/Ai-ZwuhvfP18iO_LVsvek_slXLhV_a8uKOwvYZTrDDNO.jpg\" data-orig-size=\"620,393\" data-comments-opened=\"1\" data-image-meta=\"{&quot;aperture&quot;:&quot;0&quot;,&quot;credit&quot;:&quot;&quot;,&quot;camera&quot;:&quot;&quot;,&quot;caption&quot;:&quot;&quot;,&quot;created_timestamp&quot;:&quot;0&quot;,&quot;copyright&quot;:&quot;&quot;,&quot;focal_length&quot;:&quot;0&quot;,&quot;iso&quot;:&quot;0&quot;,&quot;shutter_speed&quot;:&quot;0&quot;,&quot;title&quot;:&quot;&quot;,&quot;orientation&quot;:&quot;0&quot;}\" data-image-title=\"Ai-ZwuhvfP18iO_LVsvek_slXLhV_a8uKOwvYZTrDDNO\" data-image-description=\"\" data-image-caption=\"\" data-large-file=\"https:\/\/www.hoymercedes.com.ar\/principal\/wp-content\/uploads\/2015\/02\/Ai-ZwuhvfP18iO_LVsvek_slXLhV_a8uKOwvYZTrDDNO.jpg\" class=\"Img2014 aligncenter wp-image-39678 size-full\" title=\"Alejandra Santana\" src=\"https:\/\/www.hoymercedes.com.ar\/principal\/wp-content\/uploads\/2015\/02\/Ai-ZwuhvfP18iO_LVsvek_slXLhV_a8uKOwvYZTrDDNO.jpg\" alt=\"Alejandra Santana\" width=\"620\" height=\"393\" \/><\/a><\/p>\n<p><em><strong>La actual Secretaria de Acci\u00f3n Social del Sindicato de Trabajadores Municipales y reconocida dirigente barrial Alejandra Santana result\u00f3 durante las \u00faltimas horas expuesta en una situaci\u00f3n que desminti\u00f3 por completo. Concretamente apareci\u00f3 en las redes sociales un grupo y afiche que dec\u00eda \u201cAle 2015, intendente\u201d.<\/strong><\/em><\/p>\n<p>Alejandra Santana es reconocida en el ambiente pol\u00edtico de la ciudad porque desde hace muchos a\u00f1os desempe\u00f1a acciones en defensa de la condici\u00f3n de los fomentista, fue presidenta de la Federaci\u00f3n de Sociedades de Fomento y actualmente es cabeza visible del movimiento de mujeres locales que bregan por la candidatura de Daniel Scioli Presidente 2015. Ella, a su vez, es la voz cantante de \u201cDescartes Mercedes\u201d trabajando mano a mano con el Ministro de Trabajo de la Provincia de Buenos Aires Oscar Cuartango.<\/p>\n<p>En di\u00e1logo con nuestro medio y ante el \u201crevuelo\u201d que despert\u00f3 el tema Alejandra afirm\u00f3: \u201cno tengo nada que ver con eso. Sin duda es una campa\u00f1a de mala fe. Todos saben que soy una persona activa, siempre mostrando y exponiendo las necesidades de los barrios y defendiendo a los trabajadores dentro del Grupo Descartes y con miras a Scioli 2015. Las apetencias personales no son las que expone un cartel falso\u201d, afirm\u00f3 la actual Secretaria de Acci\u00f3n Social del Sindicato de Trabajadores Municipales.<\/p>\n<p>Remarc\u00f3 la reconocida dirigente barrial que dej\u00f3 en claro nuevamente que el 2015 va a ser un a\u00f1o de muchas idas y vueltas y de informaciones necesarias de chequear a cada momento.<\/p>\n<p>Los afiches, Santana 2015, aparecieron en Facebook y luego fueron eliminados, aunque, como siempre pasa, quedaron copias dando vuelta.<\/p>\n<p>&nbsp;<\/p>\n<p>&nbsp;<\/p>\n<p>&nbsp;<\/p>\n","protected":false},"excerpt":{"rendered":"<p>La actual Secretaria de Acci\u00f3n Social del Sindicato de Trabajadores Municipales y reconocida dirigente barrial Alejandra Santana result\u00f3 durante las &#8230; <a title=\"Santana: \u201ctrabajo para Scioli 2015, no para Santana intendente\u201d\" class=\"read-more\" href=\"https:\/\/www.hoymercedes.com.ar\/principal\/2015\/02\/20\/santana-trabajo-para-scioli-2015-no-para-santana-intendente\/\" aria-label=\"Leer m\u00e1s sobre Santana: \u201ctrabajo para Scioli 2015, no para Santana intendente\u201d\">Leer m\u00e1s<\/a><\/p>\n","protected":false},"author":1,"featured_media":0,"comment_status":"open","ping_status":"open","sticky":false,"template":"","format":"standard","meta":{"_monsterinsights_skip_tracking":false,"_monsterinsights_sitenote_active":false,"_monsterinsights_sitenote_note":"","_monsterinsights_sitenote_category":0,"jetpack_post_was_ever_published":false,"_jetpack_newsletter_access":"","_jetpack_dont_email_post_to_subs":false,"_jetpack_newsletter_tier_id":0,"_jetpack_memberships_contains_paywalled_content":false,"_jetpack_memberships_contains_paid_content":false,"footnotes":"","jetpack_publicize_message":"","jetpack_publicize_feature_enabled":true,"jetpack_social_post_already_shared":true,"jetpack_social_options":{"image_generator_settings":{"template":"highway","default_image_id":0,"font":"","enabled":false},"version":2},"_wpas_customize_per_network":false},"categories":[5],"tags":[1805],"class_list":["post-39677","post","type-post","status-publish","format-standard","hentry","category-politica","tag-alejandra-santana","generate-columns","tablet-grid-50","mobile-grid-100","grid-parent","grid-50"],"jetpack_publicize_connections":[],"jetpack_featured_media_url":"","wps_subtitle":"La dirigente de Trabajadores Municipales","jetpack_sharing_enabled":true,"jetpack-related-posts":[{"id":39849,"url":"https:\/\/www.hoymercedes.com.ar\/principal\/2015\/03\/02\/grupo-descartes-mercedes-en-plenario-de-vicente-lopez\/","url_meta":{"origin":39677,"position":0},"title":"Grupo Descartes Mercedes en plenario de Vicente L\u00f3pez","author":"hoymercedes","date":"2 marzo, 2015","format":false,"excerpt":"El espacio pol\u00edtico \u201cDescartes\u201d que apoya a Daniel Scioli 2015 en nuestra ciudad y que tiene como referente a Alejandra Santana fue parte de un plenario general realizado en la localidad de Vicente L\u00f3pez teniendo presencia fundamental la primera secci\u00f3n electora de la provincia. La reuni\u00f3n fue el pasado 27\u2026","rel":"","context":"En \u00abPol\u00edtica\u00bb","block_context":{"text":"Pol\u00edtica","link":"https:\/\/www.hoymercedes.com.ar\/principal\/category\/politica\/"},"img":{"alt_text":"Descartas.VicenteLopez","src":"https:\/\/i0.wp.com\/www.hoymercedes.com.ar\/principal\/wp-content\/uploads\/2015\/03\/Descartas.VicenteLopez.jpg?resize=350%2C200","width":350,"height":200,"srcset":"https:\/\/i0.wp.com\/www.hoymercedes.com.ar\/principal\/wp-content\/uploads\/2015\/03\/Descartas.VicenteLopez.jpg?resize=350%2C200 1x, https:\/\/i0.wp.com\/www.hoymercedes.com.ar\/principal\/wp-content\/uploads\/2015\/03\/Descartas.VicenteLopez.jpg?resize=525%2C300 1.5x"},"classes":[]},{"id":34610,"url":"https:\/\/www.hoymercedes.com.ar\/principal\/2014\/07\/14\/agrupacion-sciolista-descartes-desembarca-en-mercedes\/","url_meta":{"origin":39677,"position":1},"title":"Agrupaci\u00f3n Sciolista &quot;Descartes&quot; desembarca en Mercedes","author":"hoymercedes","date":"14 julio, 2014","format":false,"excerpt":"La Agrupaci\u00f3n Peronista \u201cDescartes\u201d que desde hace un tiempo se mueve en la provincia de Buenos Aires desembarca en Mercedes de la mano de Alejandra Santana. El espacio pol\u00edtico est\u00e1 abocado en la candidatura de Daniel Scioli como presidente en 2015. Santana remarc\u00f3 que: \u201cla agrupaci\u00f3n DESCARTES\u00a0 es una agrupaci\u00f3n\u2026","rel":"","context":"En \u00abPol\u00edtica\u00bb","block_context":{"text":"Pol\u00edtica","link":"https:\/\/www.hoymercedes.com.ar\/principal\/category\/politica\/"},"img":{"alt_text":"descartes-sciolistas","src":"https:\/\/i0.wp.com\/www.hoymercedes.com.ar.ar\/noticias\/wp-content\/uploads\/2014\/07\/descartes-sciolistas.jpg?resize=350%2C200","width":350,"height":200,"srcset":"https:\/\/i0.wp.com\/www.hoymercedes.com.ar.ar\/noticias\/wp-content\/uploads\/2014\/07\/descartes-sciolistas.jpg?resize=350%2C200 1x, https:\/\/i0.wp.com\/www.hoymercedes.com.ar.ar\/noticias\/wp-content\/uploads\/2014\/07\/descartes-sciolistas.jpg?resize=525%2C300 1.5x"},"classes":[]},{"id":17193,"url":"https:\/\/www.hoymercedes.com.ar\/principal\/2012\/10\/24\/alejandra-santana-renuncia-a-la-federacion-de-sociedades-de-fomento\/","url_meta":{"origin":39677,"position":2},"title":"Alejandra Santana renuncia a la Federaci\u00f3n de Sociedades de Fomento","author":"hoymercedes","date":"24 octubre, 2012","format":false,"excerpt":"La actual presidenta de la Federaci\u00f3n de Sociedades de Fomento, Alejandra Santanda, ha anunciado p\u00fablicamente que se aleja de las Federaci\u00f3n. La presidenta actual de la Federaci\u00f3n de Sociedades de Fomento de Mercedes anunci\u00f3 por las redes sociales y v\u00eda mensajes a algunos medios de prensa, como HoyMercedes.com.ar, que se\u2026","rel":"","context":"En \u00abPol\u00edtica\u00bb","block_context":{"text":"Pol\u00edtica","link":"https:\/\/www.hoymercedes.com.ar\/principal\/category\/politica\/"},"img":{"alt_text":"","src":"https:\/\/i0.wp.com\/www.hoymercedes.com.ar\/principal\/wp-content\/uploads\/2012\/10\/Santana.jpg?resize=350%2C200","width":350,"height":200,"srcset":"https:\/\/i0.wp.com\/www.hoymercedes.com.ar\/principal\/wp-content\/uploads\/2012\/10\/Santana.jpg?resize=350%2C200 1x, https:\/\/i0.wp.com\/www.hoymercedes.com.ar\/principal\/wp-content\/uploads\/2012\/10\/Santana.jpg?resize=525%2C300 1.5x"},"classes":[]},{"id":18223,"url":"https:\/\/www.hoymercedes.com.ar\/principal\/2012\/11\/27\/alejandra-santana-he-decidido-seguir-mi-trabajo-al-frente-gracias-al-aliento-brindado\/","url_meta":{"origin":39677,"position":3},"title":"Alejandra Santana: \u00abhe decidido seguir mi trabajo al frente de la Federaci\u00f3n gracias al aliento brindado\u00bb","author":"hoymercedes","date":"27 noviembre, 2012","format":false,"excerpt":"Durante la semana pasada se celebr\u00f3 y conmemor\u00f3 el d\u00eda del fomentista. Alejandra Santanda, presidenta de la Federaci\u00f3n de Sociedades de Fomento se expres\u00f3 al respecto as\u00ed como tambi\u00e9n en relaci\u00f3n a su renuncia. Invita a conformar nuevas sociedades barriales y que trabajen con miras a las elecciones de ola\u2026","rel":"","context":"En \u00abSociedad\u00bb","block_context":{"text":"Sociedad","link":"https:\/\/www.hoymercedes.com.ar\/principal\/category\/sociedad\/"},"img":{"alt_text":"Alejandra Santana - Federaci\u00f3n Sociedades de Fomento","src":"https:\/\/i0.wp.com\/www.hoymercedes.com.ar\/principal\/wp-content\/uploads\/2012\/11\/Santana-Alejandra.jpg?resize=350%2C200","width":350,"height":200,"srcset":"https:\/\/i0.wp.com\/www.hoymercedes.com.ar\/principal\/wp-content\/uploads\/2012\/11\/Santana-Alejandra.jpg?resize=350%2C200 1x, https:\/\/i0.wp.com\/www.hoymercedes.com.ar\/principal\/wp-content\/uploads\/2012\/11\/Santana-Alejandra.jpg?resize=525%2C300 1.5x"},"classes":[]},{"id":18989,"url":"https:\/\/www.hoymercedes.com.ar\/principal\/2012\/12\/23\/santana-saluda-a-presidentes-recordando-tendra-elecciones-villa-industrial-este-el-2912\/","url_meta":{"origin":39677,"position":4},"title":"Santana saluda a presidentes recordando tendr\u00e1 elecciones Villa Industrial Este el 29\/12","author":"hoymercedes","date":"23 diciembre, 2012","format":false,"excerpt":"El pr\u00f3ximo 29 de diciembre se realizar\u00e1n las elecciones para renovar autoridades en la comisi\u00f3n conductora de la Sociedad de Fomento del barrio\u201dVilla Industrial Este\u201d. Tambi\u00e9n se vendr\u00e1 pronto la elecci\u00f3n en \u201cLos Duraznos\u201d donde se vieron suspendidas por un problema en la publicaci\u00f3n de la convocatoria Desde la Federaci\u00f3n\u2026","rel":"","context":"En \u00abPol\u00edtica\u00bb","block_context":{"text":"Pol\u00edtica","link":"https:\/\/www.hoymercedes.com.ar\/principal\/category\/politica\/"},"img":{"alt_text":"","src":"","width":0,"height":0},"classes":[]},{"id":19421,"url":"https:\/\/www.hoymercedes.com.ar\/principal\/2013\/01\/14\/los-duraznos-gano-acosta-y-santana-sostiene-hubo-maltrato\/","url_meta":{"origin":39677,"position":5},"title":"Los Duraznos: Gan\u00f3 Acosta y Santana sostiene hubo maltrato","author":"hoymercedes","date":"14 enero, 2013","format":false,"excerpt":"\u00a0 Una nueva elecci\u00f3n barrial por la conducci\u00f3n de sociedades de Fomento se llev\u00f3 a cabo durante este fin de semana. En este caso en \"Los Duraznos siendo la nueva conducci\u00f3n la lista que en primer t\u00e9rmino llevaba a Oscar Acosta. El sabado 12 de enero se realizaron las elecciones\u2026","rel":"","context":"En \u00abSociedad\u00bb","block_context":{"text":"Sociedad","link":"https:\/\/www.hoymercedes.com.ar\/principal\/category\/sociedad\/"},"img":{"alt_text":"Elecci\u00f3n Barrio \"Los Duraznos\"","src":"https:\/\/i0.wp.com\/www.hoymercedes.com.ar\/principal\/wp-content\/uploads\/2013\/01\/Elecci%C3%B3n-Barrio-LosDuraznos.jpg?resize=350%2C200","width":350,"height":200,"srcset":"https:\/\/i0.wp.com\/www.hoymercedes.com.ar\/principal\/wp-content\/uploads\/2013\/01\/Elecci%C3%B3n-Barrio-LosDuraznos.jpg?resize=350%2C200 1x, https:\/\/i0.wp.com\/www.hoymercedes.com.ar\/principal\/wp-content\/uploads\/2013\/01\/Elecci%C3%B3n-Barrio-LosDuraznos.jpg?resize=525%2C300 1.5x"},"classes":[]}],"_links":{"self":[{"href":"https:\/\/www.hoymercedes.com.ar\/principal\/wp-json\/wp\/v2\/posts\/39677","targetHints":{"allow":["GET"]}}],"collection":[{"href":"https:\/\/www.hoymercedes.com.ar\/principal\/wp-json\/wp\/v2\/posts"}],"about":[{"href":"https:\/\/www.hoymercedes.com.ar\/principal\/wp-json\/wp\/v2\/types\/post"}],"author":[{"embeddable":true,"href":"https:\/\/www.hoymercedes.com.ar\/principal\/wp-json\/wp\/v2\/users\/1"}],"replies":[{"embeddable":true,"href":"https:\/\/www.hoymercedes.com.ar\/principal\/wp-json\/wp\/v2\/comments?post=39677"}],"version-history":[{"count":0,"href":"https:\/\/www.hoymercedes.com.ar\/principal\/wp-json\/wp\/v2\/posts\/39677\/revisions"}],"wp:attachment":[{"href":"https:\/\/www.hoymercedes.com.ar\/principal\/wp-json\/wp\/v2\/media?parent=39677"}],"wp:term":[{"taxonomy":"category","embeddable":true,"href":"https:\/\/www.hoymercedes.com.ar\/principal\/wp-json\/wp\/v2\/categories?post=39677"},{"taxonomy":"post_tag","embeddable":true,"href":"https:\/\/www.hoymercedes.com.ar\/principal\/wp-json\/wp\/v2\/tags?post=39677"}],"curies":[{"name":"wp","href":"https:\/\/api.w.org\/{rel}","templated":true}]}}