{"id":39736,"date":"2015-02-23T22:56:36","date_gmt":"2015-02-24T01:56:36","guid":{"rendered":"http:\/\/www.hoymercedes.com.ar\/principal\/?p=39736"},"modified":"2015-03-16T12:55:20","modified_gmt":"2015-03-16T15:55:20","slug":"el-mic-apunta-a-la-solidaridad-y-a-la-politica-de-consenso","status":"publish","type":"post","link":"https:\/\/www.hoymercedes.com.ar\/principal\/2015\/02\/23\/el-mic-apunta-a-la-solidaridad-y-a-la-politica-de-consenso\/","title":{"rendered":"El MIC apunta a la solidaridad y a la pol\u00edtica de consenso"},"content":{"rendered":"<p><a href=\"https:\/\/www.hoymercedes.com.ar\/principal\/wp-content\/uploads\/2015\/02\/mic-pro.jpg\"><img loading=\"lazy\" decoding=\"async\" data-attachment-id=\"39737\" data-permalink=\"https:\/\/www.hoymercedes.com.ar\/principal\/2015\/02\/23\/el-mic-apunta-a-la-solidaridad-y-a-la-politica-de-consenso\/mic-pro\/#main\" data-orig-file=\"https:\/\/www.hoymercedes.com.ar\/principal\/wp-content\/uploads\/2015\/02\/mic-pro.jpg\" data-orig-size=\"620,291\" data-comments-opened=\"1\" data-image-meta=\"{&quot;aperture&quot;:&quot;0&quot;,&quot;credit&quot;:&quot;&quot;,&quot;camera&quot;:&quot;&quot;,&quot;caption&quot;:&quot;&quot;,&quot;created_timestamp&quot;:&quot;0&quot;,&quot;copyright&quot;:&quot;&quot;,&quot;focal_length&quot;:&quot;0&quot;,&quot;iso&quot;:&quot;0&quot;,&quot;shutter_speed&quot;:&quot;0&quot;,&quot;title&quot;:&quot;&quot;,&quot;orientation&quot;:&quot;0&quot;}\" data-image-title=\"mic-pro\" data-image-description=\"\" data-image-caption=\"\" data-large-file=\"https:\/\/www.hoymercedes.com.ar\/principal\/wp-content\/uploads\/2015\/02\/mic-pro.jpg\" class=\"Img2014 aligncenter wp-image-39737 size-full\" title=\"Jos\u00e9 Cestari, MIC PRO Mercedes \" src=\"https:\/\/www.hoymercedes.com.ar\/principal\/wp-content\/uploads\/2015\/02\/mic-pro.jpg\" alt=\"mic-pro\" width=\"620\" height=\"291\" \/><\/a><\/p>\n<p><span style=\"color: #000000;\">El precandidato a intendente por el MIC, profesor Jos\u00e9 Cestari, manifest\u00f3 \u201cel pr\u00f3ximo intendente en Mercedes tiene que apuntar a una pol\u00edtica de consenso, a gobernar con los otros y no contra un grupo en particular, porque eso es lo que est\u00e1 recamando la gente, por eso veo con orgullo la campa\u00f1a solidaria de donaci\u00f3n de \u00fatiles escolares que surgi\u00f3 como iniciativa de la Juventud del MIC y es acompa\u00f1ada por los militantes del MIC \u2013 PRO de Mercedes\u201d<\/span><\/p>\n<p><span style=\"color: #000000;\">Los j\u00f3venes invitan a todos los mercedinos que quieran participar de la campa\u00f1a de donaci\u00f3n de \u00fatiles escolares 2015 \u201cSEAMOS \u00daTILES\u201d, porque la educaci\u00f3n la hacemos entre todos, ayudando con el aporte de guardapolvos, libros, cuadernos, etc., para chicos\/as que comenzar\u00e1n las clases el pr\u00f3ximo 2 de marzo.<\/span><\/p>\n<p><span style=\"color: #000000;\">Todo se puede llevar al local partidario de Avenida 17 entre calles 14 y 12, a la librer\u00eda San Patricio de esquina de calle 14 y Avenida 17, al Kiosco Garabatos de calle 16 entre 31 y 33, al almac\u00e9n \u201cLo de V\u00e1zquez\u201d de calle 31 entre 22 y 20, a la mercer\u00eda Ilusiones de calle 39 entre 32 y 34 o a Mercedes papel de Avenida 2 entre 19 y 17.<\/span><\/p>\n<p><span style=\"color: #000000;\">Todo ser\u00e1 donado a chicos\/as que realmente lo necesiten, en nombre de todos los mercedinos. Muchas Gracias. <\/span><span style=\"color: #000000;\">\u00a0<\/span><\/p>\n<p>&nbsp;<\/p>\n<p>&nbsp;<\/p>\n","protected":false},"excerpt":{"rendered":"<p>El precandidato a intendente por el MIC, profesor Jos\u00e9 Cestari, manifest\u00f3 \u201cel pr\u00f3ximo intendente en Mercedes tiene que apuntar a &#8230; <a title=\"El MIC apunta a la solidaridad y a la pol\u00edtica de consenso\" class=\"read-more\" href=\"https:\/\/www.hoymercedes.com.ar\/principal\/2015\/02\/23\/el-mic-apunta-a-la-solidaridad-y-a-la-politica-de-consenso\/\" aria-label=\"Leer m\u00e1s sobre El MIC apunta a la solidaridad y a la pol\u00edtica de consenso\">Leer m\u00e1s<\/a><\/p>\n","protected":false},"author":1,"featured_media":0,"comment_status":"open","ping_status":"open","sticky":false,"template":"","format":"standard","meta":{"_monsterinsights_skip_tracking":false,"_monsterinsights_sitenote_active":false,"_monsterinsights_sitenote_note":"","_monsterinsights_sitenote_category":0,"jetpack_post_was_ever_published":false,"_jetpack_newsletter_access":"","_jetpack_dont_email_post_to_subs":false,"_jetpack_newsletter_tier_id":0,"_jetpack_memberships_contains_paywalled_content":false,"_jetpack_memberships_contains_paid_content":false,"footnotes":"","jetpack_publicize_message":"","jetpack_publicize_feature_enabled":true,"jetpack_social_post_already_shared":true,"jetpack_social_options":{"image_generator_settings":{"template":"highway","default_image_id":0,"font":"","enabled":false},"version":2},"_wpas_customize_per_network":false},"categories":[5],"tags":[6734],"class_list":["post-39736","post","type-post","status-publish","format-standard","hentry","category-politica","tag-mic-pro-mercedes","generate-columns","tablet-grid-50","mobile-grid-100","grid-parent","grid-50"],"jetpack_publicize_connections":[],"jetpack_featured_media_url":"","wps_subtitle":"Escenario pol\u00edtico ","jetpack_sharing_enabled":true,"jetpack-related-posts":[{"id":39846,"url":"https:\/\/www.hoymercedes.com.ar\/principal\/2015\/03\/02\/campana-solidaria-por-utiles-escolares-del-mic\/","url_meta":{"origin":39736,"position":0},"title":"Campa\u00f1a solidaria por \u00fatiles escolares del MIC","author":"hoymercedes","date":"2 marzo, 2015","format":false,"excerpt":"El s\u00e1bado 28 de febrero\u00a0el concejal Jos\u00e9 Cestari, el profesor Oscar \"Cacho\" Milanesi y la Dra. Cristina Gottifredi acompa\u00f1ando a la Juventud del MIC y dialogando con los vecinos en la esquina de calles 22 y 25 efectuaron una nueva jornada de difusi\u00f3n de actividades con el fin de estar\u2026","rel":"","context":"En \u00abPol\u00edtica\u00bb","block_context":{"text":"Pol\u00edtica","link":"https:\/\/www.hoymercedes.com.ar\/principal\/category\/politica\/"},"img":{"alt_text":"donaciones-escolares-mic","src":"https:\/\/i0.wp.com\/www.hoymercedes.com.ar\/principal\/wp-content\/uploads\/2015\/03\/donaciones-escolares-mic.jpg?resize=350%2C200","width":350,"height":200,"srcset":"https:\/\/i0.wp.com\/www.hoymercedes.com.ar\/principal\/wp-content\/uploads\/2015\/03\/donaciones-escolares-mic.jpg?resize=350%2C200 1x, https:\/\/i0.wp.com\/www.hoymercedes.com.ar\/principal\/wp-content\/uploads\/2015\/03\/donaciones-escolares-mic.jpg?resize=525%2C300 1.5x"},"classes":[]},{"id":40208,"url":"https:\/\/www.hoymercedes.com.ar\/principal\/2015\/03\/19\/cestari-y-mic-pro-entregaron-delantales-y-utiles-escolares\/","url_meta":{"origin":39736,"position":1},"title":"Cestari y MIC-PRO entregaron delantales y \u00fatiles escolares","author":"hoymercedes","date":"19 marzo, 2015","format":false,"excerpt":"Cestari con integrantes del MIC PRO contiu\u00f3 entregando guardapolvos y \u00fatiles escolares en Barrios Mercedinos.\u00a0El concejal Jos\u00e9 Cestari, junto a integrantes del MIC PRO estuvo entregando, en nombre de todos los mercedinos, las donaciones de \u00fatiles escolares recibidas en la campa\u00f1a \"Seamos \u00fatiles\" en el Barrio Unidad y Progreso, Tambi\u00e9n\u2026","rel":"","context":"En \u00abPol\u00edtica\u00bb","block_context":{"text":"Pol\u00edtica","link":"https:\/\/www.hoymercedes.com.ar\/principal\/category\/politica\/"},"img":{"alt_text":"cestari-barrios","src":"https:\/\/i0.wp.com\/www.hoymercedes.com.ar\/principal\/wp-content\/uploads\/2015\/03\/cestari-barrios.jpg?resize=350%2C200","width":350,"height":200,"srcset":"https:\/\/i0.wp.com\/www.hoymercedes.com.ar\/principal\/wp-content\/uploads\/2015\/03\/cestari-barrios.jpg?resize=350%2C200 1x, https:\/\/i0.wp.com\/www.hoymercedes.com.ar\/principal\/wp-content\/uploads\/2015\/03\/cestari-barrios.jpg?resize=525%2C300 1.5x"},"classes":[]},{"id":39983,"url":"https:\/\/www.hoymercedes.com.ar\/principal\/2015\/03\/08\/39983\/","url_meta":{"origin":39736,"position":2},"title":"Jos\u00e9 Cestari entreg\u00f3 \u00fatiles escolares en San Jacinto","author":"hoymercedes","date":"8 marzo, 2015","format":false,"excerpt":"El edil de MIC-PRO, Jos\u00e9 Cestari, continu\u00f3 con su recorrida y di\u00e1logo con los vecinos al efectuar diversas actividades en la zona rural. En esta ocasi\u00f3n se trat\u00f3 de San Jacinto. Visit\u00f3 la escuela y entreg\u00f3 \u00fatiles escolares.\u00a0 El concejal Jos\u00e9 Cestari asisti\u00f3 al inicio de clases de la Escuela\u2026","rel":"","context":"En \u00abPol\u00edtica\u00bb","block_context":{"text":"Pol\u00edtica","link":"https:\/\/www.hoymercedes.com.ar\/principal\/category\/politica\/"},"img":{"alt_text":"Jos\u00e9Cestari-SanJacinto","src":"https:\/\/i0.wp.com\/www.hoymercedes.com.ar\/principal\/wp-content\/uploads\/2015\/03\/Jos%C3%A9Cestari-SanJacinto.jpg?resize=350%2C200","width":350,"height":200,"srcset":"https:\/\/i0.wp.com\/www.hoymercedes.com.ar\/principal\/wp-content\/uploads\/2015\/03\/Jos%C3%A9Cestari-SanJacinto.jpg?resize=350%2C200 1x, https:\/\/i0.wp.com\/www.hoymercedes.com.ar\/principal\/wp-content\/uploads\/2015\/03\/Jos%C3%A9Cestari-SanJacinto.jpg?resize=525%2C300 1.5x"},"classes":[]},{"id":105013,"url":"https:\/\/www.hoymercedes.com.ar\/principal\/2020\/01\/11\/campana-de-donacion-de-utiles-escolares-para-comedores-locales\/","url_meta":{"origin":39736,"position":3},"title":"Campa\u00f1a de donaci\u00f3n de \u00fatiles escolares para comedores locales","author":"hoymercedes","date":"11 enero, 2020","format":false,"excerpt":"Una nueva campa\u00f1a solidaria se inici\u00f3 desde All Boys Solidario y Escuela Construyendo Alternativa Sede Mercedes. En esta oportunidad, le solicitan a la comunidad que donen \u00fatiles escolares, principalmente mochilas escolares para ser entregados a dos comedores-merenderos de la ciudad los d\u00edas previos al inicio de clases el 2 de\u2026","rel":"","context":"En \u00abBarrios\u00bb","block_context":{"text":"Barrios","link":"https:\/\/www.hoymercedes.com.ar\/principal\/category\/barrios\/"},"img":{"alt_text":"","src":"https:\/\/i0.wp.com\/www.hoymercedes.com.ar\/principal\/wp-content\/uploads\/2020\/01\/11-all-boys.jpg?resize=350%2C200&ssl=1","width":350,"height":200,"srcset":"https:\/\/i0.wp.com\/www.hoymercedes.com.ar\/principal\/wp-content\/uploads\/2020\/01\/11-all-boys.jpg?resize=350%2C200&ssl=1 1x, https:\/\/i0.wp.com\/www.hoymercedes.com.ar\/principal\/wp-content\/uploads\/2020\/01\/11-all-boys.jpg?resize=525%2C300&ssl=1 1.5x, https:\/\/i0.wp.com\/www.hoymercedes.com.ar\/principal\/wp-content\/uploads\/2020\/01\/11-all-boys.jpg?resize=700%2C400&ssl=1 2x"},"classes":[]},{"id":41823,"url":"https:\/\/www.hoymercedes.com.ar\/principal\/2015\/05\/21\/el-licenciado-cestari-en-campana-solidaria-en-gowland-junto-a-los-motomeleros-de-mercedes\/","url_meta":{"origin":39736,"position":4},"title":"El Licenciado Cestari en campa\u00f1a solidaria en Gowland, junto a los Motomeleros de Mercedes","author":"hoymercedes","date":"21 mayo, 2015","format":false,"excerpt":"El concejal Jos\u00e9 Cestari junto al maestro Lito C\u00f3rdoba el domingo 17 de mayo participaron de una actividad colaborando con los Motomeleros Mercedes, en la campa\u00f1a \"Ayudemos a ayudar\" juntando \u00fatiles escolares y zapatillas para los chicos de la Escuela N\u00b0 20 de Gowland. Desde el MIC desean felicitar a\u2026","rel":"","context":"En \u00abPol\u00edtica\u00bb","block_context":{"text":"Pol\u00edtica","link":"https:\/\/www.hoymercedes.com.ar\/principal\/category\/politica\/"},"img":{"alt_text":"","src":"https:\/\/i0.wp.com\/www.hoymercedes.com.ar\/principal\/wp-content\/uploads\/2015\/05\/cestari-motomeleros.jpg?resize=350%2C200&ssl=1","width":350,"height":200,"srcset":"https:\/\/i0.wp.com\/www.hoymercedes.com.ar\/principal\/wp-content\/uploads\/2015\/05\/cestari-motomeleros.jpg?resize=350%2C200&ssl=1 1x, https:\/\/i0.wp.com\/www.hoymercedes.com.ar\/principal\/wp-content\/uploads\/2015\/05\/cestari-motomeleros.jpg?resize=525%2C300&ssl=1 1.5x"},"classes":[]},{"id":124011,"url":"https:\/\/www.hoymercedes.com.ar\/principal\/2021\/01\/29\/lanzan-la-campana-seamos-muy-utiles\/","url_meta":{"origin":39736,"position":5},"title":"Lanzan la Campa\u00f1a \u201cSeamos Muy \u00fatiles\u201d","author":"hoymercedes","date":"29 enero, 2021","format":false,"excerpt":"Para este 2021, All Boys Solidario y el Colegio de Escribanos\u00a0 volver\u00e1n con la tradicional campa\u00f1a para juntar \u00fatiles escolares. Buscan la colaboraci\u00f3n ciudadana para luego ser entregado a ni\u00f1os y familias que mas lo necesitan. En este 2021, All Boys Solidario con el apoyo del Colegio de Escribanos de\u2026","rel":"","context":"En \u00abSociedad\u00bb","block_context":{"text":"Sociedad","link":"https:\/\/www.hoymercedes.com.ar\/principal\/category\/sociedad\/"},"img":{"alt_text":"","src":"https:\/\/i0.wp.com\/www.hoymercedes.com.ar\/principal\/wp-content\/uploads\/2021\/01\/28-Utiles-w.jpg?resize=350%2C200&ssl=1","width":350,"height":200,"srcset":"https:\/\/i0.wp.com\/www.hoymercedes.com.ar\/principal\/wp-content\/uploads\/2021\/01\/28-Utiles-w.jpg?resize=350%2C200&ssl=1 1x, https:\/\/i0.wp.com\/www.hoymercedes.com.ar\/principal\/wp-content\/uploads\/2021\/01\/28-Utiles-w.jpg?resize=525%2C300&ssl=1 1.5x"},"classes":[]}],"_links":{"self":[{"href":"https:\/\/www.hoymercedes.com.ar\/principal\/wp-json\/wp\/v2\/posts\/39736","targetHints":{"allow":["GET"]}}],"collection":[{"href":"https:\/\/www.hoymercedes.com.ar\/principal\/wp-json\/wp\/v2\/posts"}],"about":[{"href":"https:\/\/www.hoymercedes.com.ar\/principal\/wp-json\/wp\/v2\/types\/post"}],"author":[{"embeddable":true,"href":"https:\/\/www.hoymercedes.com.ar\/principal\/wp-json\/wp\/v2\/users\/1"}],"replies":[{"embeddable":true,"href":"https:\/\/www.hoymercedes.com.ar\/principal\/wp-json\/wp\/v2\/comments?post=39736"}],"version-history":[{"count":0,"href":"https:\/\/www.hoymercedes.com.ar\/principal\/wp-json\/wp\/v2\/posts\/39736\/revisions"}],"wp:attachment":[{"href":"https:\/\/www.hoymercedes.com.ar\/principal\/wp-json\/wp\/v2\/media?parent=39736"}],"wp:term":[{"taxonomy":"category","embeddable":true,"href":"https:\/\/www.hoymercedes.com.ar\/principal\/wp-json\/wp\/v2\/categories?post=39736"},{"taxonomy":"post_tag","embeddable":true,"href":"https:\/\/www.hoymercedes.com.ar\/principal\/wp-json\/wp\/v2\/tags?post=39736"}],"curies":[{"name":"wp","href":"https:\/\/api.w.org\/{rel}","templated":true}]}}