{"id":39761,"date":"2015-02-25T12:54:07","date_gmt":"2015-02-25T15:54:07","guid":{"rendered":"http:\/\/www.hoymercedes.com.ar\/principal\/?p=39761"},"modified":"2015-02-25T12:54:07","modified_gmt":"2015-02-25T15:54:07","slug":"mosso-hay-10-guerras-de-malvinas-en-muertes-por-ano-en-las-rutas","status":"publish","type":"post","link":"https:\/\/www.hoymercedes.com.ar\/principal\/2015\/02\/25\/mosso-hay-10-guerras-de-malvinas-en-muertes-por-ano-en-las-rutas\/","title":{"rendered":"Mosso: \u201chay 10 Guerras de Malvinas en muertes por a\u00f1o en las rutas\u201d"},"content":{"rendered":"<p><em><strong>El grupo de trabajo de la Uni\u00f3n de Usuarios Viales elev\u00f3 una nota pidiendo la C\u00e1mara de Diputados interpele a Scioli y Arl\u00eda, remarcando que por a\u00f1o mueren en el pa\u00eds el equivalente a diez guerras de Malvinas, una fr\u00eda comparaci\u00f3n de la grav\u00edsima situaci\u00f3n de las rutas provinciales y nacionales, con mayor gravedad en una provincia que ha efectuado menos del 10% de las obras que se dicen.<\/strong><\/em><\/p>\n<p>Carlos Mosso expres\u00f3<em>: \u201cresulta ser que ahora las rutas est\u00e1n sin obras por el clima, es una verg\u00fcenza lo que dijeron en televisi\u00f3n Karina Rabolini y Daniel Scioli. Durante 8 a\u00f1os qu\u00e9 hicieron, qui\u00e9n control\u00f3? Es un disparate.\u201d En relaci\u00f3n a las recientes declaraciones de la gesti\u00f3n Scioli de que han efectuado obras. Continuando con el di\u00e1logo con AM 1410 el representante de la Uni\u00f3n de Usuarios Viales sostuvo: \u201cest\u00e1n mintiendo, en los 8 a\u00f1os s\u00f3lo se repavimentaron 342km de ruta provincial cuando el gobernador dijo que fueron 5100 kil\u00f3metros. El 28 de este mes va a ir Scioli a inaugurar 3 kil\u00f3metros de repavimentaci\u00f3n en Bonifacio, Parido de Guamin\u00ed. UN acto para eso, tres kil\u00f3metros del acceso a un pueblo, nada m\u00e1s, una verg\u00fcenza\u201d.<\/em><\/p>\n<p>\u201cCuando vino a Mercedes la \u00faltima vez nos sacaron las ganas de volver a darle una nota. Sabemos c\u00f3mo termina. Es desgastante, pero, no vale la pena el esfuerzo de enfrentarte a militantes, por m\u00e1s <em>que vamos de buena cara, que te miran como diciendo cuidado, no es f\u00e1cil, no es todo una foto y entregar una nota. Enfrentarse a un tipo de seguridad y explicar, no es f\u00e1cil. Entonces evaluamos que no val\u00eda la pena.\u00a0 Del gobernador para abajo todos dicen lo mismo, tienen un librito.\u00a0 Ahora emitimos una nota dirigida al Presidente de la C\u00e1mara de Diputados pidiendo a todas las fuerzas que se unan, algunas ya lo han hecho, pidiendo que se interpele al Gobernador Scioli y al Ministro Arl\u00eda\u201d<\/em>, remarc\u00f3 el dirigente de la Uni\u00f3n de Usuarios Viales respecto a la solicitud de interpelaci\u00f3n en la C\u00e1mara de Diputados Provincial para el Gobernador y el Ministro de Infraestructura.<\/p>\n<p><em>\u201cOjal\u00e1 que si nos toca tener un presidente como Scioli lo ha hecho en la provincia que Dios nos ampare\u201d, remarc\u00f3 Carlos Mosso en una entrevista en la AM 1410 comentando tambi\u00e9n que: \u201cpor a\u00f1o estamos viviendo muertes equivalentes a 10 Guerras de Malvinas\u201d,<\/em> sostuvo para grafiar la grave situaci\u00f3n de las rutas argentinas y regionales donde 8500 personas mueren por a\u00f1o siendo el 60% en la provincia de Buenos Aires.<\/p>\n<p><a href=\"https:\/\/www.hoymercedes.com.ar\/principal\/wp-content\/uploads\/2015\/02\/pedidointerpelacionscioli-arlia.jpg\"><img loading=\"lazy\" decoding=\"async\" data-attachment-id=\"39762\" data-permalink=\"https:\/\/www.hoymercedes.com.ar\/principal\/2015\/02\/25\/mosso-hay-10-guerras-de-malvinas-en-muertes-por-ano-en-las-rutas\/pedidointerpelacionscioli-arlia\/#main\" data-orig-file=\"https:\/\/www.hoymercedes.com.ar\/principal\/wp-content\/uploads\/2015\/02\/pedidointerpelacionscioli-arlia.jpg\" data-orig-size=\"620,896\" data-comments-opened=\"1\" data-image-meta=\"{&quot;aperture&quot;:&quot;0&quot;,&quot;credit&quot;:&quot;&quot;,&quot;camera&quot;:&quot;&quot;,&quot;caption&quot;:&quot;&quot;,&quot;created_timestamp&quot;:&quot;0&quot;,&quot;copyright&quot;:&quot;&quot;,&quot;focal_length&quot;:&quot;0&quot;,&quot;iso&quot;:&quot;0&quot;,&quot;shutter_speed&quot;:&quot;0&quot;,&quot;title&quot;:&quot;&quot;,&quot;orientation&quot;:&quot;0&quot;}\" data-image-title=\"pedidointerpelacionscioli-arlia\" data-image-description=\"\" data-image-caption=\"\" data-large-file=\"https:\/\/www.hoymercedes.com.ar\/principal\/wp-content\/uploads\/2015\/02\/pedidointerpelacionscioli-arlia.jpg\" class=\"Img2014 aligncenter wp-image-39762 size-full\" src=\"https:\/\/www.hoymercedes.com.ar\/principal\/wp-content\/uploads\/2015\/02\/pedidointerpelacionscioli-arlia.jpg\" alt=\"pedidointerpelacionscioli-arlia\" width=\"620\" height=\"896\" srcset=\"https:\/\/www.hoymercedes.com.ar\/principal\/wp-content\/uploads\/2015\/02\/pedidointerpelacionscioli-arlia.jpg 620w, https:\/\/www.hoymercedes.com.ar\/principal\/wp-content\/uploads\/2015\/02\/pedidointerpelacionscioli-arlia-429x620.jpg 429w\" sizes=\"auto, (max-width: 620px) 100vw, 620px\" \/><\/a><\/p>\n<p>&nbsp;<\/p>\n","protected":false},"excerpt":{"rendered":"<p>El grupo de trabajo de la Uni\u00f3n de Usuarios Viales elev\u00f3 una nota pidiendo la C\u00e1mara de Diputados interpele a &#8230; <a title=\"Mosso: \u201chay 10 Guerras de Malvinas en muertes por a\u00f1o en las rutas\u201d\" class=\"read-more\" href=\"https:\/\/www.hoymercedes.com.ar\/principal\/2015\/02\/25\/mosso-hay-10-guerras-de-malvinas-en-muertes-por-ano-en-las-rutas\/\" aria-label=\"Leer m\u00e1s sobre Mosso: \u201chay 10 Guerras de Malvinas en muertes por a\u00f1o en las rutas\u201d\">Leer m\u00e1s<\/a><\/p>\n","protected":false},"author":1,"featured_media":0,"comment_status":"open","ping_status":"open","sticky":false,"template":"","format":"standard","meta":{"_monsterinsights_skip_tracking":false,"_monsterinsights_sitenote_active":false,"_monsterinsights_sitenote_note":"","_monsterinsights_sitenote_category":0,"jetpack_post_was_ever_published":false,"_jetpack_newsletter_access":"","_jetpack_dont_email_post_to_subs":false,"_jetpack_newsletter_tier_id":0,"_jetpack_memberships_contains_paywalled_content":false,"_jetpack_memberships_contains_paid_content":false,"footnotes":"","jetpack_publicize_message":"","jetpack_publicize_feature_enabled":true,"jetpack_social_post_already_shared":true,"jetpack_social_options":{"image_generator_settings":{"template":"highway","default_image_id":0,"font":"","enabled":false},"version":2},"_wpas_customize_per_network":false},"categories":[8],"tags":[3052,6980,2754],"class_list":["post-39761","post","type-post","status-publish","format-standard","hentry","category-sociedad","tag-carlos-mosso","tag-piden-interpelar-a-scioli-y-arlia","tag-union-de-usuarios-viales","generate-columns","tablet-grid-50","mobile-grid-100","grid-parent","grid-50"],"jetpack_publicize_connections":[],"jetpack_featured_media_url":"","wps_subtitle":"Piden interpelar a Scioli y Arlia","jetpack_sharing_enabled":true,"_links":{"self":[{"href":"https:\/\/www.hoymercedes.com.ar\/principal\/wp-json\/wp\/v2\/posts\/39761","targetHints":{"allow":["GET"]}}],"collection":[{"href":"https:\/\/www.hoymercedes.com.ar\/principal\/wp-json\/wp\/v2\/posts"}],"about":[{"href":"https:\/\/www.hoymercedes.com.ar\/principal\/wp-json\/wp\/v2\/types\/post"}],"author":[{"embeddable":true,"href":"https:\/\/www.hoymercedes.com.ar\/principal\/wp-json\/wp\/v2\/users\/1"}],"replies":[{"embeddable":true,"href":"https:\/\/www.hoymercedes.com.ar\/principal\/wp-json\/wp\/v2\/comments?post=39761"}],"version-history":[{"count":0,"href":"https:\/\/www.hoymercedes.com.ar\/principal\/wp-json\/wp\/v2\/posts\/39761\/revisions"}],"wp:attachment":[{"href":"https:\/\/www.hoymercedes.com.ar\/principal\/wp-json\/wp\/v2\/media?parent=39761"}],"wp:term":[{"taxonomy":"category","embeddable":true,"href":"https:\/\/www.hoymercedes.com.ar\/principal\/wp-json\/wp\/v2\/categories?post=39761"},{"taxonomy":"post_tag","embeddable":true,"href":"https:\/\/www.hoymercedes.com.ar\/principal\/wp-json\/wp\/v2\/tags?post=39761"}],"curies":[{"name":"wp","href":"https:\/\/api.w.org\/{rel}","templated":true}]}}