{"id":39769,"date":"2015-02-25T20:47:23","date_gmt":"2015-02-25T23:47:23","guid":{"rendered":"http:\/\/www.hoymercedes.com.ar\/principal\/?p=39769"},"modified":"2015-02-25T20:47:23","modified_gmt":"2015-02-25T23:47:23","slug":"benitez-nuevamente-junto-al-pro-nacional-en-encuentro-en-j-c-paz","status":"publish","type":"post","link":"https:\/\/www.hoymercedes.com.ar\/principal\/2015\/02\/25\/benitez-nuevamente-junto-al-pro-nacional-en-encuentro-en-j-c-paz\/","title":{"rendered":"Ben\u00edtez nuevamente junto al PRO Nacional en encuentro en J.C.Paz"},"content":{"rendered":"<p><a href=\"https:\/\/www.hoymercedes.com.ar\/principal\/wp-content\/uploads\/2015\/02\/Benitez-Pro2.jpg\"><img loading=\"lazy\" decoding=\"async\" data-attachment-id=\"39770\" data-permalink=\"https:\/\/www.hoymercedes.com.ar\/principal\/2015\/02\/25\/benitez-nuevamente-junto-al-pro-nacional-en-encuentro-en-j-c-paz\/benitez-pro-3\/#main\" data-orig-file=\"https:\/\/www.hoymercedes.com.ar\/principal\/wp-content\/uploads\/2015\/02\/Benitez-Pro2.jpg\" data-orig-size=\"620,413\" data-comments-opened=\"1\" data-image-meta=\"{&quot;aperture&quot;:&quot;0&quot;,&quot;credit&quot;:&quot;&quot;,&quot;camera&quot;:&quot;&quot;,&quot;caption&quot;:&quot;&quot;,&quot;created_timestamp&quot;:&quot;0&quot;,&quot;copyright&quot;:&quot;&quot;,&quot;focal_length&quot;:&quot;0&quot;,&quot;iso&quot;:&quot;0&quot;,&quot;shutter_speed&quot;:&quot;0&quot;,&quot;title&quot;:&quot;&quot;,&quot;orientation&quot;:&quot;0&quot;}\" data-image-title=\"Benitez-Pro\" data-image-description=\"\" data-image-caption=\"\" data-large-file=\"https:\/\/www.hoymercedes.com.ar\/principal\/wp-content\/uploads\/2015\/02\/Benitez-Pro2.jpg\" class=\"Img2014 aligncenter wp-image-39770 size-full\" title=\"Juan Carlos Benitez, Pro mercedes, Macri, Niembro\" src=\"https:\/\/www.hoymercedes.com.ar\/principal\/wp-content\/uploads\/2015\/02\/Benitez-Pro2.jpg\" alt=\"Benitez-Pro\" width=\"620\" height=\"413\" \/><\/a><\/p>\n<p><em><strong>Junto a Fernando Niembro, Jorge Macri y parte de la c\u00fapula del PRO el actual concejal Juan Carlos Ben\u00edtez particip\u00f3 de un encuentro en la localidad de Jos\u00e9 C Paz bajo un amplio marco de participaci\u00f3n partidaria. El propio Ben\u00edtez narr\u00f3 la experiencia.<\/strong><\/em><\/p>\n<p>El concejal y candidato a intendente Juan Carlos Ben\u00edtez sigue caminando la provincia, adem\u00e1s de la ciudad, con miras a las elecciones que se realizar\u00e1n \u00e9ste a\u00f1o.<\/p>\n<p>Ben\u00edtez mismo coment\u00f3 a sus seguidores en las redes sociales que fue: \u201cInvitado por compa\u00f1eros de PRO Jos\u00e9 C. Paz, a un encuentro en Club El Porvenir de esa localidad, donde asisti\u00f3 Jorge Macri, Fernando Niembro y diferentes referentes locales, pude observar junto a quienes me acompa\u00f1aron el fervor de la multitud, como augurio de un triunfo electoral inminente de M. Macri. Este anuncio de cambio proviene de una sociedad, un pueblo, que reclama por parte de sus l\u00edderes una actitud muy diferente a la que hoy se evidencia.\u201d Sostuvo.<\/p>\n<p>M\u00e1s adelante Ben\u00edtez expres\u00f3: \u201cDebo ser sincero, ni siquiera cuestiono la honestidad intelectual de Cristina de Kirchner, si estoy convencido que su discurso y acci\u00f3n pol\u00edtica corresponde a una sociedad que ya no existe, que tuvo validez en nuestro pa\u00eds hasta hace cuarto de siglo, hoy la sociedad descree de los discursos grandilocuentes, m\u00edsticos, \u201cheroicos\u201d, generadores de enemigos, por el contrario nuestro pueblo necesita la paz necesaria para ocuparse del crecimiento econ\u00f3mico y espiritual de cada uno y de cada grupo familiar.\u201d afirm\u00f3 en relaci\u00f3n a la pol\u00edtica nacional.<\/p>\n<p>Juan Carlos Ben\u00edtez sigue con los pasos que entiende lo llevar\u00edan a ser el pr\u00f3ximo intendente local y entreteji\u00e9ndose en la estructura del PRO nacional y provincial.<\/p>\n","protected":false},"excerpt":{"rendered":"<p>Junto a Fernando Niembro, Jorge Macri y parte de la c\u00fapula del PRO el actual concejal Juan Carlos Ben\u00edtez particip\u00f3 &#8230; <a title=\"Ben\u00edtez nuevamente junto al PRO Nacional en encuentro en J.C.Paz\" class=\"read-more\" href=\"https:\/\/www.hoymercedes.com.ar\/principal\/2015\/02\/25\/benitez-nuevamente-junto-al-pro-nacional-en-encuentro-en-j-c-paz\/\" aria-label=\"Leer m\u00e1s sobre Ben\u00edtez nuevamente junto al PRO Nacional en encuentro en J.C.Paz\">Leer m\u00e1s<\/a><\/p>\n","protected":false},"author":1,"featured_media":0,"comment_status":"open","ping_status":"open","sticky":false,"template":"","format":"standard","meta":{"_monsterinsights_skip_tracking":false,"_monsterinsights_sitenote_active":false,"_monsterinsights_sitenote_note":"","_monsterinsights_sitenote_category":0,"jetpack_post_was_ever_published":false,"_jetpack_newsletter_access":"","_jetpack_dont_email_post_to_subs":false,"_jetpack_newsletter_tier_id":0,"_jetpack_memberships_contains_paywalled_content":false,"_jetpack_memberships_contains_paid_content":false,"footnotes":"","jetpack_publicize_message":"","jetpack_publicize_feature_enabled":true,"jetpack_social_post_already_shared":true,"jetpack_social_options":{"image_generator_settings":{"template":"highway","default_image_id":0,"font":"","enabled":false},"version":2},"_wpas_customize_per_network":false},"categories":[5],"tags":[313,1025,6982,2185],"class_list":["post-39769","post","type-post","status-publish","format-standard","hentry","category-politica","tag-juan-carlos-benitez","tag-macri","tag-niembro","tag-pro-mercedes","generate-columns","tablet-grid-50","mobile-grid-100","grid-parent","grid-50"],"jetpack_publicize_connections":[],"jetpack_featured_media_url":"","wps_subtitle":"Armado 2015","jetpack_sharing_enabled":true,"jetpack-related-posts":[{"id":40089,"url":"https:\/\/www.hoymercedes.com.ar\/principal\/2015\/03\/12\/fernando-niembro-visitara-mercedes-acompanando-a-j-c-benitez\/","url_meta":{"origin":39769,"position":0},"title":"Fernando Niembro visitar\u00e1 Mercedes acompa\u00f1ando a J. C Ben\u00edtez","author":"hoymercedes","date":"12 marzo, 2015","format":false,"excerpt":"El pr\u00f3ximo lunes estar\u00e1 en Mercedes el famoso relator y hombre del macrismo Fernando Niembro quien lo har\u00e1 en apoyo al pre candidato por el PRO local Juan Carlos Ben\u00edtez. Es la segunda vez que se encuentran en los \u00faltimos quince d\u00edas. Juan Carlos Ben\u00edtez es uno de los hombres\u2026","rel":"","context":"En \u00abPol\u00edtica\u00bb","block_context":{"text":"Pol\u00edtica","link":"https:\/\/www.hoymercedes.com.ar\/principal\/category\/politica\/"},"img":{"alt_text":"Benitez-Niembro","src":"https:\/\/i0.wp.com\/www.hoymercedes.com.ar\/principal\/wp-content\/uploads\/2015\/03\/Benitez-Niembro.jpg?resize=350%2C200","width":350,"height":200,"srcset":"https:\/\/i0.wp.com\/www.hoymercedes.com.ar\/principal\/wp-content\/uploads\/2015\/03\/Benitez-Niembro.jpg?resize=350%2C200 1x, https:\/\/i0.wp.com\/www.hoymercedes.com.ar\/principal\/wp-content\/uploads\/2015\/03\/Benitez-Niembro.jpg?resize=525%2C300 1.5x"},"classes":[]},{"id":35148,"url":"https:\/\/www.hoymercedes.com.ar\/principal\/2014\/08\/14\/juan-carlos-benitez-en-merlo-como-orador-en-encuentro-del-pro\/","url_meta":{"origin":39769,"position":1},"title":"Juan Carlos Ben\u00edtez en Merlo como orador en encuentro del PRO","author":"hoymercedes","date":"14 agosto, 2014","format":false,"excerpt":"El concejal de nuestra ciudad, Juan Carlos Benitez, fue parte de un encuentro del PRO que conduce Mauricio Macri en la localidad de Merlo donde tom\u00f3 la palabra y se manifest\u00f3 para todos los presentes, entre ellos el intendente de Vicente L\u00f3pez y primo de Mauricio Jorge Macri. El edil\u2026","rel":"","context":"En \u00abPol\u00edtica\u00bb","block_context":{"text":"Pol\u00edtica","link":"https:\/\/www.hoymercedes.com.ar\/principal\/category\/politica\/"},"img":{"alt_text":"Benitez-Merlo-Macri-II","src":"https:\/\/i0.wp.com\/www.hoymercedes.com.ar\/principal\/wp-content\/uploads\/2014\/08\/Benitez-Merlo-Macri-II.jpg?resize=350%2C200","width":350,"height":200,"srcset":"https:\/\/i0.wp.com\/www.hoymercedes.com.ar\/principal\/wp-content\/uploads\/2014\/08\/Benitez-Merlo-Macri-II.jpg?resize=350%2C200 1x, https:\/\/i0.wp.com\/www.hoymercedes.com.ar\/principal\/wp-content\/uploads\/2014\/08\/Benitez-Merlo-Macri-II.jpg?resize=525%2C300 1.5x"},"classes":[]},{"id":41603,"url":"https:\/\/www.hoymercedes.com.ar\/principal\/2015\/05\/13\/benitez-en-plenario-del-pro-con-sus-principales-referentes-invitado-por-m-e-vidal\/","url_meta":{"origin":39769,"position":2},"title":"Benitez en plenario del PRO con sus principales referentes invitado por M.E Vidal","author":"hoymercedes","date":"13 mayo, 2015","format":false,"excerpt":"Juan Carlos Ben\u00edtez, pre candidato del PRO a intendente de Mercedes fue invitado por Mar\u00eda Eugenia Vidal, Emilio Monz\u00f3, Marcos Pe\u00f1a y Jorge Macri a un importante encuentro del PRO a nivel provincial. El concejal Juan C. Ben\u00edtez asisti\u00f3 a un encuentro con referentes pol\u00edticos de la primera secci\u00f3n electoral\u2026","rel":"","context":"En \u00abPol\u00edtica\u00bb","block_context":{"text":"Pol\u00edtica","link":"https:\/\/www.hoymercedes.com.ar\/principal\/category\/politica\/"},"img":{"alt_text":"","src":"https:\/\/i0.wp.com\/www.hoymercedes.com.ar\/principal\/wp-content\/uploads\/2015\/05\/Benitez-Vidal.jpg?resize=350%2C200&ssl=1","width":350,"height":200,"srcset":"https:\/\/i0.wp.com\/www.hoymercedes.com.ar\/principal\/wp-content\/uploads\/2015\/05\/Benitez-Vidal.jpg?resize=350%2C200&ssl=1 1x, https:\/\/i0.wp.com\/www.hoymercedes.com.ar\/principal\/wp-content\/uploads\/2015\/05\/Benitez-Vidal.jpg?resize=525%2C300&ssl=1 1.5x"},"classes":[]},{"id":45169,"url":"https:\/\/www.hoymercedes.com.ar\/principal\/2015\/10\/07\/pitu-flores-mucha-gente-de-buena-madera-se-fue-del-pro-por-el-caso-niembro\/","url_meta":{"origin":39769,"position":3},"title":"Pitu Flores: \u00abMucha gente de buena madera se fue del PRO por el caso Niembro\u00bb","author":"hoymercedes","date":"7 octubre, 2015","format":false,"excerpt":"El abogado y ex referente macrista Eduardo \u2018Pitu\u2019 Flores asegur\u00f3 que \u201cmucha gente de buena madera se fue el PRO\u201d luego del esc\u00e1ndalo que estall\u00f3 con el periodista Fernando Niembro, quien debi\u00f3 renunciar a su candidatura a diputado nacional por la alianza Cambiemos envuelto en sospechas de corrupci\u00f3n. \u201cVos no\u2026","rel":"","context":"En \u00abPol\u00edtica\u00bb","block_context":{"text":"Pol\u00edtica","link":"https:\/\/www.hoymercedes.com.ar\/principal\/category\/politica\/"},"img":{"alt_text":"","src":"https:\/\/i0.wp.com\/www.hoymercedes.com.ar\/principal\/wp-content\/uploads\/2015\/10\/pituflores2.jpg?resize=350%2C200&ssl=1","width":350,"height":200},"classes":[]},{"id":42503,"url":"https:\/\/www.hoymercedes.com.ar\/principal\/2015\/06\/20\/lista-pro-juan-carlos-benitez-intendente-y-omar-fernandez-primer-concejal\/","url_meta":{"origin":39769,"position":4},"title":"Lista PRO: Juan Carlos Ben\u00edtez intendente y Omar Fern\u00e1ndez primer concejal","author":"hoymercedes","date":"20 junio, 2015","format":false,"excerpt":"El PRO Mercedes dentro del Frente Cambiemos tendr\u00e1 tambi\u00e9n como animador a Juan Carlos Benitez. El tradicional hombre de la pol\u00edtica local ser\u00e1 pre candidato a intendente acompa\u00f1ando a Mauricio Macri a nivel nacional y Mar\u00eda Eugenia Vidal en Provincial. La lista que acompa\u00f1a a Ben\u00edtez es la siguiente: Pre\u2026","rel":"","context":"En \u00abPol\u00edtica\u00bb","block_context":{"text":"Pol\u00edtica","link":"https:\/\/www.hoymercedes.com.ar\/principal\/category\/politica\/"},"img":{"alt_text":"","src":"https:\/\/i0.wp.com\/www.hoymercedes.com.ar\/principal\/wp-content\/uploads\/2015\/04\/JuanCarlosBenitez-PROMercedes.jpg?resize=350%2C200&ssl=1","width":350,"height":200,"srcset":"https:\/\/i0.wp.com\/www.hoymercedes.com.ar\/principal\/wp-content\/uploads\/2015\/04\/JuanCarlosBenitez-PROMercedes.jpg?resize=350%2C200&ssl=1 1x, https:\/\/i0.wp.com\/www.hoymercedes.com.ar\/principal\/wp-content\/uploads\/2015\/04\/JuanCarlosBenitez-PROMercedes.jpg?resize=525%2C300&ssl=1 1.5x"},"classes":[]},{"id":40129,"url":"https:\/\/www.hoymercedes.com.ar\/principal\/2015\/03\/16\/deporte-e-inclusion-social-invitan-desde-mic-pro-junto-a-fernando-niembro\/","url_meta":{"origin":39769,"position":5},"title":"\u00abDeporte e inclusi\u00f3n social\u00bb, invitan, desde MIC-PRO junto a Fernando Niembro","author":"hoymercedes","date":"16 marzo, 2015","format":false,"excerpt":"Este lunes visitar\u00e1 nuestra ciudad el comentarista y periodista deportivo Fernando Niembro quien milita en las filas del PRO de Mauricio Macri. En esta ocasi\u00f3n arriba una nueva visita desde el MIC-PRO conducido por Jos\u00e9 Cestari. En confiter\u00eda \"La Recova\" en calle 27 y 26 es la convocatoria. \u00a0All\u00ed expondr\u00e1\u2026","rel":"","context":"En \u00abPol\u00edtica\u00bb","block_context":{"text":"Pol\u00edtica","link":"https:\/\/www.hoymercedes.com.ar\/principal\/category\/politica\/"},"img":{"alt_text":"mic-niembro","src":"https:\/\/i0.wp.com\/www.hoymercedes.com.ar\/principal\/wp-content\/uploads\/2015\/03\/mic-niembro.jpg?resize=350%2C200","width":350,"height":200,"srcset":"https:\/\/i0.wp.com\/www.hoymercedes.com.ar\/principal\/wp-content\/uploads\/2015\/03\/mic-niembro.jpg?resize=350%2C200 1x, https:\/\/i0.wp.com\/www.hoymercedes.com.ar\/principal\/wp-content\/uploads\/2015\/03\/mic-niembro.jpg?resize=525%2C300 1.5x"},"classes":[]}],"_links":{"self":[{"href":"https:\/\/www.hoymercedes.com.ar\/principal\/wp-json\/wp\/v2\/posts\/39769","targetHints":{"allow":["GET"]}}],"collection":[{"href":"https:\/\/www.hoymercedes.com.ar\/principal\/wp-json\/wp\/v2\/posts"}],"about":[{"href":"https:\/\/www.hoymercedes.com.ar\/principal\/wp-json\/wp\/v2\/types\/post"}],"author":[{"embeddable":true,"href":"https:\/\/www.hoymercedes.com.ar\/principal\/wp-json\/wp\/v2\/users\/1"}],"replies":[{"embeddable":true,"href":"https:\/\/www.hoymercedes.com.ar\/principal\/wp-json\/wp\/v2\/comments?post=39769"}],"version-history":[{"count":0,"href":"https:\/\/www.hoymercedes.com.ar\/principal\/wp-json\/wp\/v2\/posts\/39769\/revisions"}],"wp:attachment":[{"href":"https:\/\/www.hoymercedes.com.ar\/principal\/wp-json\/wp\/v2\/media?parent=39769"}],"wp:term":[{"taxonomy":"category","embeddable":true,"href":"https:\/\/www.hoymercedes.com.ar\/principal\/wp-json\/wp\/v2\/categories?post=39769"},{"taxonomy":"post_tag","embeddable":true,"href":"https:\/\/www.hoymercedes.com.ar\/principal\/wp-json\/wp\/v2\/tags?post=39769"}],"curies":[{"name":"wp","href":"https:\/\/api.w.org\/{rel}","templated":true}]}}