{"id":39822,"date":"2015-02-28T16:19:52","date_gmt":"2015-02-28T19:19:52","guid":{"rendered":"http:\/\/www.hoymercedes.com.ar\/principal\/?p=39822"},"modified":"2015-02-28T16:20:10","modified_gmt":"2015-02-28T19:20:10","slug":"con-importantes-ofertas-se-abre-inscripcion-talleres-culturales-municipales","status":"publish","type":"post","link":"https:\/\/www.hoymercedes.com.ar\/principal\/2015\/02\/28\/con-importantes-ofertas-se-abre-inscripcion-talleres-culturales-municipales\/","title":{"rendered":"Con importantes ofertas se abre inscripci\u00f3n Talleres Culturales Municipales"},"content":{"rendered":"<p><a href=\"https:\/\/www.hoymercedes.com.ar\/principal\/wp-content\/uploads\/2015\/02\/TalleresCulturalesMunicipales-Mercedes.jpg\"><img loading=\"lazy\" decoding=\"async\" data-attachment-id=\"39823\" data-permalink=\"https:\/\/www.hoymercedes.com.ar\/principal\/2015\/02\/28\/con-importantes-ofertas-se-abre-inscripcion-talleres-culturales-municipales\/talleresculturalesmunicipales-mercedes\/#main\" data-orig-file=\"https:\/\/www.hoymercedes.com.ar\/principal\/wp-content\/uploads\/2015\/02\/TalleresCulturalesMunicipales-Mercedes.jpg\" data-orig-size=\"620,412\" data-comments-opened=\"1\" data-image-meta=\"{&quot;aperture&quot;:&quot;0&quot;,&quot;credit&quot;:&quot;&quot;,&quot;camera&quot;:&quot;&quot;,&quot;caption&quot;:&quot;&quot;,&quot;created_timestamp&quot;:&quot;0&quot;,&quot;copyright&quot;:&quot;&quot;,&quot;focal_length&quot;:&quot;0&quot;,&quot;iso&quot;:&quot;0&quot;,&quot;shutter_speed&quot;:&quot;0&quot;,&quot;title&quot;:&quot;&quot;,&quot;orientation&quot;:&quot;0&quot;}\" data-image-title=\"TalleresCulturalesMunicipales-Mercedes\" data-image-description=\"\" data-image-caption=\"\" data-large-file=\"https:\/\/www.hoymercedes.com.ar\/principal\/wp-content\/uploads\/2015\/02\/TalleresCulturalesMunicipales-Mercedes.jpg\" class=\"Img2014 aligncenter wp-image-39823 size-full\" title=\"Talleres culturales municipalidad culturales\" src=\"https:\/\/www.hoymercedes.com.ar\/principal\/wp-content\/uploads\/2015\/02\/TalleresCulturalesMunicipales-Mercedes.jpg\" alt=\"TalleresCulturalesMunicipales-Mercedes\" width=\"620\" height=\"412\" \/><\/a><\/p>\n<p><em><strong>La Municipalidad de Mercedes a trav\u00e9s de la Direcci\u00f3n de Cultura y Educaci\u00f3n informa que ya esta\u00a0abierta la inscripci\u00f3n para los Talleres Culturales Municipales. Quienes deseen anotarse deber\u00e1n\u00a0acercarse a las oficinas de dicha \u00e1rea, situadas en la planta alta del C.C.Teatro Argentino \u201cInt. Dr.\u00a0Julio C. Gioscio\u201d; en el horario de lunes a viernes en horario de 09.30 a 13.30h.<\/strong><\/em><\/p>\n<p>Los talleres que funcionar\u00e1n el ciclo lectivo 2015 ser\u00e1n:<\/p>\n<p>PERCUSI\u00d3N (ni\u00f1os y adolescentes) con Marcelo Esp\u00edndola<\/p>\n<p>GUITARRA (a partir de los 8 a\u00f1os) con Walter Perruelo<\/p>\n<p>DANZAS FOLKL\u00d3RICAS (ni\u00f1os y adultos) con Estela Betancur<\/p>\n<p>TEJIDO (adultos) con Patricia Pavolini<\/p>\n<p>DECORACI\u00d3N (ni\u00f1os y adultos) con Stella Schepis<\/p>\n<p>REPOSTER\u00cdA DE TORTAS (ni\u00f1os y adultos ) con Stella Schepis<\/p>\n<p>TEATRO INTEGRADO con Elsa De Carlo<\/p>\n<p>ORFEBRER\u00cdA (plater\u00eda) con Juan Tyrrel<\/p>\n<p>ORFEBRER\u00cdA (artesanal) con Julieta Gianziacomo<\/p>\n<p>PL\u00c1STICA (ni\u00f1os) con Ver\u00f3nica Durand<\/p>\n<p>PL\u00c1STICA (adultos) con Mar\u00eda Teresa Mansilla<\/p>\n<p>CER\u00c1MICA (ni\u00f1os y adultos) con Ver\u00f3nica Durand<\/p>\n<p>TEATRO (ni\u00f1os, adolescentes, adultos I y II) con Gabriela Lorusso<\/p>\n<p>DISE\u00d1O Y ESCENOGRAF\u00cdA (adultos) con Alicia Damonte<\/p>\n<p>TANGO (ni\u00f1os y adultos) con Miguel Cordone<\/p>\n<p>TELAR (adultos) con Rosario SanMart\u00edn<\/p>\n<p>CANTO Y VOCALIZACI\u00d3N (adolescentes y adultos) con Liliana Can\u00e9<\/p>\n<p>BATER\u00cdA (a partir de los 10 a\u00f1os) con Marcelo Giorgeone<\/p>\n","protected":false},"excerpt":{"rendered":"<p>La Municipalidad de Mercedes a trav\u00e9s de la Direcci\u00f3n de Cultura y Educaci\u00f3n informa que ya esta\u00a0abierta la inscripci\u00f3n para &#8230; <a title=\"Con importantes ofertas se abre inscripci\u00f3n Talleres Culturales Municipales\" class=\"read-more\" href=\"https:\/\/www.hoymercedes.com.ar\/principal\/2015\/02\/28\/con-importantes-ofertas-se-abre-inscripcion-talleres-culturales-municipales\/\" aria-label=\"Leer m\u00e1s sobre Con importantes ofertas se abre inscripci\u00f3n Talleres Culturales Municipales\">Leer m\u00e1s<\/a><\/p>\n","protected":false},"author":1,"featured_media":0,"comment_status":"open","ping_status":"open","sticky":false,"template":"","format":"standard","meta":{"_monsterinsights_skip_tracking":false,"_monsterinsights_sitenote_active":false,"_monsterinsights_sitenote_note":"","_monsterinsights_sitenote_category":0,"jetpack_post_was_ever_published":false,"_jetpack_newsletter_access":"","_jetpack_dont_email_post_to_subs":false,"_jetpack_newsletter_tier_id":0,"_jetpack_memberships_contains_paywalled_content":false,"_jetpack_memberships_contains_paid_content":false,"footnotes":"","jetpack_publicize_message":"","jetpack_publicize_feature_enabled":true,"jetpack_social_post_already_shared":true,"jetpack_social_options":{"image_generator_settings":{"template":"highway","default_image_id":0,"font":"","enabled":false},"version":2},"_wpas_customize_per_network":false},"categories":[104],"tags":[739,226],"class_list":["post-39822","post","type-post","status-publish","format-standard","hentry","category-cultura","tag-direccion-de-cultura","tag-talleres-culturales","generate-columns","tablet-grid-50","mobile-grid-100","grid-parent","grid-50"],"jetpack_publicize_connections":[],"jetpack_featured_media_url":"","wps_subtitle":"Direcci\u00f3n de cultura","jetpack_sharing_enabled":true,"_links":{"self":[{"href":"https:\/\/www.hoymercedes.com.ar\/principal\/wp-json\/wp\/v2\/posts\/39822","targetHints":{"allow":["GET"]}}],"collection":[{"href":"https:\/\/www.hoymercedes.com.ar\/principal\/wp-json\/wp\/v2\/posts"}],"about":[{"href":"https:\/\/www.hoymercedes.com.ar\/principal\/wp-json\/wp\/v2\/types\/post"}],"author":[{"embeddable":true,"href":"https:\/\/www.hoymercedes.com.ar\/principal\/wp-json\/wp\/v2\/users\/1"}],"replies":[{"embeddable":true,"href":"https:\/\/www.hoymercedes.com.ar\/principal\/wp-json\/wp\/v2\/comments?post=39822"}],"version-history":[{"count":0,"href":"https:\/\/www.hoymercedes.com.ar\/principal\/wp-json\/wp\/v2\/posts\/39822\/revisions"}],"wp:attachment":[{"href":"https:\/\/www.hoymercedes.com.ar\/principal\/wp-json\/wp\/v2\/media?parent=39822"}],"wp:term":[{"taxonomy":"category","embeddable":true,"href":"https:\/\/www.hoymercedes.com.ar\/principal\/wp-json\/wp\/v2\/categories?post=39822"},{"taxonomy":"post_tag","embeddable":true,"href":"https:\/\/www.hoymercedes.com.ar\/principal\/wp-json\/wp\/v2\/tags?post=39822"}],"curies":[{"name":"wp","href":"https:\/\/api.w.org\/{rel}","templated":true}]}}