{"id":39825,"date":"2015-02-28T16:23:37","date_gmt":"2015-02-28T19:23:37","guid":{"rendered":"http:\/\/www.hoymercedes.com.ar\/principal\/?p=39825"},"modified":"2015-03-16T10:07:52","modified_gmt":"2015-03-16T13:07:52","slug":"albini-y-la-ucr-saludan-a-de-pedro-en-su-nuevo-cargo-ejecutivo","status":"publish","type":"post","link":"https:\/\/www.hoymercedes.com.ar\/principal\/2015\/02\/28\/albini-y-la-ucr-saludan-a-de-pedro-en-su-nuevo-cargo-ejecutivo\/","title":{"rendered":"Albini y la UCR saludan a De Pedro en su nuevo cargo ejecutivo"},"content":{"rendered":"<p><em><strong>Oscar Albini &#8211; Con motivo de la designaci\u00f3n de Wado De Pedro como Secretario General de la Presidencia y mas all\u00e1 de las diferencias pol\u00edticas o ideol\u00f3gicas, no puedo dejar de reconocer lo importante que es que un Mercedino ocupe este cargo y est\u00e9 en las decisiones mas importantes para el pa\u00eds.<\/strong><\/em><\/p>\n<div>Es mi deseo que su gesti\u00f3n tambi\u00e9n se vea reflejada en lo mucho que necesita nuestra ciudad. Ya llegar\u00e1 el momento de opinar sobre su accionar en este nuevo cargo. Le deseo a Wado la mejor de la suerte en su gesti\u00f3n por el bien del pa\u00eds y de todos los Mercedinos.<\/div>\n<div><\/div>\n<div><\/div>\n<div><\/div>\n","protected":false},"excerpt":{"rendered":"<p>Oscar Albini &#8211; Con motivo de la designaci\u00f3n de Wado De Pedro como Secretario General de la Presidencia y mas &#8230; <a title=\"Albini y la UCR saludan a De Pedro en su nuevo cargo ejecutivo\" class=\"read-more\" href=\"https:\/\/www.hoymercedes.com.ar\/principal\/2015\/02\/28\/albini-y-la-ucr-saludan-a-de-pedro-en-su-nuevo-cargo-ejecutivo\/\" aria-label=\"Leer m\u00e1s sobre Albini y la UCR saludan a De Pedro en su nuevo cargo ejecutivo\">Leer m\u00e1s<\/a><\/p>\n","protected":false},"author":1,"featured_media":0,"comment_status":"open","ping_status":"open","sticky":false,"template":"","format":"standard","meta":{"_monsterinsights_skip_tracking":false,"_monsterinsights_sitenote_active":false,"_monsterinsights_sitenote_note":"","_monsterinsights_sitenote_category":0,"jetpack_post_was_ever_published":false,"_jetpack_newsletter_access":"","_jetpack_dont_email_post_to_subs":false,"_jetpack_newsletter_tier_id":0,"_jetpack_memberships_contains_paywalled_content":false,"_jetpack_memberships_contains_paid_content":false,"footnotes":"","jetpack_publicize_message":"","jetpack_publicize_feature_enabled":true,"jetpack_social_post_already_shared":true,"jetpack_social_options":{"image_generator_settings":{"template":"highway","default_image_id":0,"font":"","enabled":false},"version":2},"_wpas_customize_per_network":false},"categories":[5],"tags":[2834,281],"class_list":["post-39825","post","type-post","status-publish","format-standard","hentry","category-politica","tag-oscar-albini","tag-wado-de-pedro","generate-columns","tablet-grid-50","mobile-grid-100","grid-parent","grid-50"],"jetpack_publicize_connections":[],"jetpack_featured_media_url":"","wps_subtitle":"Acompa\u00f1amiento ","jetpack_sharing_enabled":true,"_links":{"self":[{"href":"https:\/\/www.hoymercedes.com.ar\/principal\/wp-json\/wp\/v2\/posts\/39825","targetHints":{"allow":["GET"]}}],"collection":[{"href":"https:\/\/www.hoymercedes.com.ar\/principal\/wp-json\/wp\/v2\/posts"}],"about":[{"href":"https:\/\/www.hoymercedes.com.ar\/principal\/wp-json\/wp\/v2\/types\/post"}],"author":[{"embeddable":true,"href":"https:\/\/www.hoymercedes.com.ar\/principal\/wp-json\/wp\/v2\/users\/1"}],"replies":[{"embeddable":true,"href":"https:\/\/www.hoymercedes.com.ar\/principal\/wp-json\/wp\/v2\/comments?post=39825"}],"version-history":[{"count":0,"href":"https:\/\/www.hoymercedes.com.ar\/principal\/wp-json\/wp\/v2\/posts\/39825\/revisions"}],"wp:attachment":[{"href":"https:\/\/www.hoymercedes.com.ar\/principal\/wp-json\/wp\/v2\/media?parent=39825"}],"wp:term":[{"taxonomy":"category","embeddable":true,"href":"https:\/\/www.hoymercedes.com.ar\/principal\/wp-json\/wp\/v2\/categories?post=39825"},{"taxonomy":"post_tag","embeddable":true,"href":"https:\/\/www.hoymercedes.com.ar\/principal\/wp-json\/wp\/v2\/tags?post=39825"}],"curies":[{"name":"wp","href":"https:\/\/api.w.org\/{rel}","templated":true}]}}