{"id":39827,"date":"2015-02-28T16:29:42","date_gmt":"2015-02-28T19:29:42","guid":{"rendered":"http:\/\/www.hoymercedes.com.ar\/principal\/?p=39827"},"modified":"2015-02-28T16:29:42","modified_gmt":"2015-02-28T19:29:42","slug":"ustarroz-strassera-comprendio-la-dimension-de-ese-instante-historico","status":"publish","type":"post","link":"https:\/\/www.hoymercedes.com.ar\/principal\/2015\/02\/28\/ustarroz-strassera-comprendio-la-dimension-de-ese-instante-historico\/","title":{"rendered":"Ustarroz: \u00abStrassera comprendi\u00f3 la dimensi\u00f3n de ese instante hist\u00f3rico\u00bb"},"content":{"rendered":"<p><em><strong>La muerte del ex fiscal Julio C\u00e9sar Strassera nos deja el dolor de la p\u00e9rdida y nos trae a la memoria su valent\u00eda invalorable en un momento cr\u00edtico de nuestra historia. Cuando la Argentina reci\u00e9n hab\u00eda recuperado la democracia y necesitaba consolidarla, se par\u00f3 frente a los responsables de la noche m\u00e1s oscura del pa\u00eds y nos dej\u00f3 como legado: \u2018Nunca m\u00e1s\u2019.<\/strong><\/em><\/p>\n<p>Strassera comprendi\u00f3 la dimensi\u00f3n de ese instante hist\u00f3rico y la necesidad colectiva de los argentinos: junto con los organismos de derechos humanos, dio el paso necesario para darles solidez a las instituciones y credibilidad a la justicia. Y aunque durante la d\u00e9cada del 90 el neoliberalismo intent\u00f3 barrer con esas conquistas, los gobiernos de N\u00e9stor Kirchner y Cristina Fern\u00e1ndez de Kirchner vinieron a profundizar la lucha y enarbolar la bandera de \u2018Memoria, Verdad y Justicia\u2019 por las que hoy nos reconoce el mundo entero.<\/p>\n<p>En los \u00faltimos a\u00f1os, el ex fiscal Strassera no compart\u00eda los caminos de nuestro gobierno, pero esa es justamente la esencia de la democracia. Democracia por la que \u00e9l dio aquella batalla inolvidable. El mejor reconocimiento que podemos hacerle a su memoria es continuar este trabajo, defendiendo los derechos humanos, continuando con los juicios \u00a0a los responsables de la dictadura c\u00edvico militar, diciendo \u2013como dijo \u00e9l-: Nunca M\u00e1s.<\/p>\n<p>Juan Ignacio Ustarroz<\/p>\n<p>Frente Mercedino para la Victoria<\/p>\n<p>&nbsp;<\/p>\n<p>&nbsp;<\/p>\n<p>&nbsp;<\/p>\n","protected":false},"excerpt":{"rendered":"<p>La muerte del ex fiscal Julio C\u00e9sar Strassera nos deja el dolor de la p\u00e9rdida y nos trae a la &#8230; <a title=\"Ustarroz: \u00abStrassera comprendi\u00f3 la dimensi\u00f3n de ese instante hist\u00f3rico\u00bb\" class=\"read-more\" href=\"https:\/\/www.hoymercedes.com.ar\/principal\/2015\/02\/28\/ustarroz-strassera-comprendio-la-dimension-de-ese-instante-historico\/\" aria-label=\"Leer m\u00e1s sobre Ustarroz: \u00abStrassera comprendi\u00f3 la dimensi\u00f3n de ese instante hist\u00f3rico\u00bb\">Leer m\u00e1s<\/a><\/p>\n","protected":false},"author":1,"featured_media":0,"comment_status":"open","ping_status":"open","sticky":false,"template":"","format":"standard","meta":{"_monsterinsights_skip_tracking":false,"_monsterinsights_sitenote_active":false,"_monsterinsights_sitenote_note":"","_monsterinsights_sitenote_category":0,"jetpack_post_was_ever_published":false,"_jetpack_newsletter_access":"","_jetpack_dont_email_post_to_subs":false,"_jetpack_newsletter_tier_id":0,"_jetpack_memberships_contains_paywalled_content":false,"_jetpack_memberships_contains_paid_content":false,"footnotes":"","jetpack_publicize_message":"","jetpack_publicize_feature_enabled":true,"jetpack_social_post_already_shared":true,"jetpack_social_options":{"image_generator_settings":{"template":"highway","default_image_id":0,"font":"","enabled":false},"version":2},"_wpas_customize_per_network":false},"categories":[1],"tags":[585,586,6989],"class_list":["post-39827","post","type-post","status-publish","format-standard","hentry","category-opinion","tag-juan-ustarroz","tag-nunca-mas","tag-strassera","generate-columns","tablet-grid-50","mobile-grid-100","grid-parent","grid-50"],"jetpack_publicize_connections":[],"jetpack_featured_media_url":"","wps_subtitle":"Opin\u00f3 tras la muerte del ex fiscal","jetpack_sharing_enabled":true,"_links":{"self":[{"href":"https:\/\/www.hoymercedes.com.ar\/principal\/wp-json\/wp\/v2\/posts\/39827","targetHints":{"allow":["GET"]}}],"collection":[{"href":"https:\/\/www.hoymercedes.com.ar\/principal\/wp-json\/wp\/v2\/posts"}],"about":[{"href":"https:\/\/www.hoymercedes.com.ar\/principal\/wp-json\/wp\/v2\/types\/post"}],"author":[{"embeddable":true,"href":"https:\/\/www.hoymercedes.com.ar\/principal\/wp-json\/wp\/v2\/users\/1"}],"replies":[{"embeddable":true,"href":"https:\/\/www.hoymercedes.com.ar\/principal\/wp-json\/wp\/v2\/comments?post=39827"}],"version-history":[{"count":0,"href":"https:\/\/www.hoymercedes.com.ar\/principal\/wp-json\/wp\/v2\/posts\/39827\/revisions"}],"wp:attachment":[{"href":"https:\/\/www.hoymercedes.com.ar\/principal\/wp-json\/wp\/v2\/media?parent=39827"}],"wp:term":[{"taxonomy":"category","embeddable":true,"href":"https:\/\/www.hoymercedes.com.ar\/principal\/wp-json\/wp\/v2\/categories?post=39827"},{"taxonomy":"post_tag","embeddable":true,"href":"https:\/\/www.hoymercedes.com.ar\/principal\/wp-json\/wp\/v2\/tags?post=39827"}],"curies":[{"name":"wp","href":"https:\/\/api.w.org\/{rel}","templated":true}]}}