{"id":39835,"date":"2015-03-01T19:46:16","date_gmt":"2015-03-01T22:46:16","guid":{"rendered":"http:\/\/www.hoymercedes.com.ar\/principal\/?p=39835"},"modified":"2015-03-01T19:46:16","modified_gmt":"2015-03-01T22:46:16","slug":"carcel-federal-de-agote-reunion-de-partes-y-empresa-constructora","status":"publish","type":"post","link":"https:\/\/www.hoymercedes.com.ar\/principal\/2015\/03\/01\/carcel-federal-de-agote-reunion-de-partes-y-empresa-constructora\/","title":{"rendered":"C\u00e1rcel Federal de Agote: reuni\u00f3n de partes y empresa constructora"},"content":{"rendered":"<p><a href=\"https:\/\/www.hoymercedes.com.ar\/principal\/wp-content\/uploads\/2015\/03\/Scioli-Mercedes062.jpg\"><img loading=\"lazy\" decoding=\"async\" data-attachment-id=\"39836\" data-permalink=\"https:\/\/www.hoymercedes.com.ar\/principal\/2015\/03\/01\/carcel-federal-de-agote-reunion-de-partes-y-empresa-constructora\/scioli-mercedes062-2\/#main\" data-orig-file=\"https:\/\/www.hoymercedes.com.ar\/principal\/wp-content\/uploads\/2015\/03\/Scioli-Mercedes062.jpg\" data-orig-size=\"620,465\" data-comments-opened=\"1\" data-image-meta=\"{&quot;aperture&quot;:&quot;3.6&quot;,&quot;credit&quot;:&quot;&quot;,&quot;camera&quot;:&quot;COOLPIX L310&quot;,&quot;caption&quot;:&quot;&quot;,&quot;created_timestamp&quot;:&quot;1423684791&quot;,&quot;copyright&quot;:&quot;&quot;,&quot;focal_length&quot;:&quot;8.4&quot;,&quot;iso&quot;:&quot;400&quot;,&quot;shutter_speed&quot;:&quot;0.0333333333333&quot;,&quot;title&quot;:&quot;&quot;,&quot;orientation&quot;:&quot;0&quot;}\" data-image-title=\"Scioli-Mercedes062\" data-image-description=\"\" data-image-caption=\"\" data-large-file=\"https:\/\/www.hoymercedes.com.ar\/principal\/wp-content\/uploads\/2015\/03\/Scioli-Mercedes062.jpg\" class=\"Img2014 aligncenter wp-image-39836 size-full\" title=\"Julio Alak\" src=\"https:\/\/www.hoymercedes.com.ar\/principal\/wp-content\/uploads\/2015\/03\/Scioli-Mercedes062.jpg\" alt=\"Scioli-Mercedes062\" width=\"620\" height=\"465\" \/><\/a><\/p>\n<p><em><strong>La recientemente anunciada C\u00e1rcel Federal de Agote en la visita del Ministro Alak a Mercedes ha dado un nuevo paso hacia su construcci\u00f3n. Se concret\u00f3 en Capital Federal la primera reuni\u00f3n entre las partes intervinientes y la empresa que gan\u00f3 la licitaci\u00f3n de la obra que demorar\u00e1 760 d\u00edas para su finalizaci\u00f3n plena.<\/strong><\/em><\/p>\n<p>Fue el Secretario de Obras P\u00fablicas de la Municipalidad quien dio a conocer la noticia y detalles de lo que se empez\u00f3 a trabajar.<\/p>\n<p>Recordemos que el anuncio de la licitaci\u00f3n y aprovaci\u00f3n de la empresa ganadora lo hizo el propio Ministro de Justicia y Derechos Humanos, Julio Alak, en un acto con Eduardo De Pedro, Juan Ustarroz, Daniel Scioli, entre otros, el mismo d\u00eda en que se firmaba el acta de transferencia de tierras de Naci\u00f3n a Provincia para proyectar el traslado del a Unidad N\u00b05.<\/p>\n<p>El ingeniero Gustavo Salomon\u00e9 narr\u00f3 detalles de lo que fue la primera reuni\u00f3n entre las partes interviniente, narrando que:<em> \u00abSe realizo una reuni\u00f3n entre el Ministerio de Justicia nacional(ente financiante de la obra), las empresas contratada para la construcci\u00f3n de la c\u00e1rcel federal de Agote y el Municipio de mercedes. La reuni\u00f3n tuvo un \u00edndole de presentaci\u00f3n de las partes, de evaluaci\u00f3n de las obras licitadas y contratadas, y de informar de las tramitaciones que a\u00fan faltan en el Municipio y en la Provincia de Buenos Aires para que esta obra pueda co<span class=\"text_exposed_show\">menzar a desarrollarse sin conflictos. Se trata de una primer etapa, en donde se ejecutaran obras externas de infraestructuras tales como una linea de 33kva desde ruta nacional N\u00b0 5 hasta el predio, con una potencia instalada de 3mgv. Ademas se efectuar\u00e1 la pavimentaci\u00f3n de la calle diagonal hasta el predio. Se construir\u00e1 internamente las obras el\u00e9ctricas, sanitarias (planta depuradora ) y una parte de los pabellones y administraci\u00f3n, en un plazo de 760 d\u00edas . Ademas estuvieron presentes representantes de la Cooperativa Levin\u00bb<\/span><\/em><\/p>\n<p>De esta manera, el anuncio empieza a dar los primeros pasos para convertirse en una realidad.<\/p>\n","protected":false},"excerpt":{"rendered":"<p>La recientemente anunciada C\u00e1rcel Federal de Agote en la visita del Ministro Alak a Mercedes ha dado un nuevo paso &#8230; <a title=\"C\u00e1rcel Federal de Agote: reuni\u00f3n de partes y empresa constructora\" class=\"read-more\" href=\"https:\/\/www.hoymercedes.com.ar\/principal\/2015\/03\/01\/carcel-federal-de-agote-reunion-de-partes-y-empresa-constructora\/\" aria-label=\"Leer m\u00e1s sobre C\u00e1rcel Federal de Agote: reuni\u00f3n de partes y empresa constructora\">Leer m\u00e1s<\/a><\/p>\n","protected":false},"author":1,"featured_media":0,"comment_status":"open","ping_status":"open","sticky":false,"template":"","format":"standard","meta":{"_monsterinsights_skip_tracking":false,"_monsterinsights_sitenote_active":false,"_monsterinsights_sitenote_note":"","_monsterinsights_sitenote_category":0,"jetpack_post_was_ever_published":false,"_jetpack_newsletter_access":"","_jetpack_dont_email_post_to_subs":false,"_jetpack_newsletter_tier_id":0,"_jetpack_memberships_contains_paywalled_content":false,"_jetpack_memberships_contains_paid_content":false,"footnotes":"","jetpack_publicize_message":"","jetpack_publicize_feature_enabled":true,"jetpack_social_post_already_shared":true,"jetpack_social_options":{"image_generator_settings":{"template":"highway","default_image_id":0,"font":"","enabled":false},"version":2},"_wpas_customize_per_network":false},"categories":[5],"tags":[6991,6921],"class_list":["post-39835","post","type-post","status-publish","format-standard","hentry","category-politica","tag-carcel-federal-de-agote","tag-julio-alak","generate-columns","tablet-grid-50","mobile-grid-100","grid-parent","grid-50"],"jetpack_publicize_connections":[],"jetpack_featured_media_url":"","wps_subtitle":"Avance en el proyecto","jetpack_sharing_enabled":true,"jetpack-related-posts":[{"id":19904,"url":"https:\/\/www.hoymercedes.com.ar\/principal\/2013\/02\/13\/llaman-a-licitacion-el-complejo-federal-de-condenados-de-agote-mercedes-por-820-millones\/","url_meta":{"origin":39835,"position":0},"title":"Llaman a licitaci\u00f3n el \u00abcomplejo federal de condenados de Agote-Mercedes\u00bb por $820 millones","author":"hoymercedes","date":"13 febrero, 2013","format":false,"excerpt":"Desde hace unos d\u00edas se ha hecho el anuncio oficial del llamado a licitaci\u00f3n para la construcci\u00f3n del complejo carcelario de Agote. \u00a0El mismo lo hizo el Ministerio de Justicia de la Naci\u00f3n. Se prev\u00e9 que est\u00e9 finalizada para mediados de 2015. \u00a0 Desde el portal de prensa de la\u2026","rel":"","context":"En \u00abSociedad\u00bb","block_context":{"text":"Sociedad","link":"https:\/\/www.hoymercedes.com.ar\/principal\/category\/sociedad\/"},"img":{"alt_text":"LLamado a licitaci\u00f3n c\u00e1rcel Agote","src":"https:\/\/i0.wp.com\/www.hoymercedes.com.ar\/principal\/wp-content\/uploads\/2013\/02\/Carcel-Mercedes-Agote.jpg?resize=350%2C200","width":350,"height":200,"srcset":"https:\/\/i0.wp.com\/www.hoymercedes.com.ar\/principal\/wp-content\/uploads\/2013\/02\/Carcel-Mercedes-Agote.jpg?resize=350%2C200 1x, https:\/\/i0.wp.com\/www.hoymercedes.com.ar\/principal\/wp-content\/uploads\/2013\/02\/Carcel-Mercedes-Agote.jpg?resize=525%2C300 1.5x"},"classes":[]},{"id":39509,"url":"https:\/\/www.hoymercedes.com.ar\/principal\/2015\/02\/11\/ministro-alak-anuncio-construccion-de-carcel-federal-viviendas-y-traslado-de-un5-a-agote\/","url_meta":{"origin":39835,"position":1},"title":"Ministro Alak anunci\u00f3 construcci\u00f3n de c\u00e1rcel Federal, viviendas y traslado de UN\u00b05 a Agote","author":"hoymercedes","date":"11 febrero, 2015","format":false,"excerpt":"El Ministro de Justicia y Derechos Humanos de la Naci\u00f3n firm\u00f3 con el gobernador Daniel Scioli para el traspaso de tierras que permitir\u00e1n construir una nueva c\u00e1rcel en Agote que servir\u00e1 para trasladar la actual Unidad N\u00b06 a la vez que afirmaron se construir\u00e1n 200 viviendas en las 20 hect\u00e1reas\u2026","rel":"","context":"En \u00abPol\u00edtica\u00bb","block_context":{"text":"Pol\u00edtica","link":"https:\/\/www.hoymercedes.com.ar\/principal\/category\/politica\/"},"img":{"alt_text":"Scioli-Mercedes065","src":"https:\/\/i0.wp.com\/www.hoymercedes.com.ar\/principal\/wp-content\/uploads\/2015\/02\/Scioli-Mercedes065.jpg?resize=350%2C200","width":350,"height":200,"srcset":"https:\/\/i0.wp.com\/www.hoymercedes.com.ar\/principal\/wp-content\/uploads\/2015\/02\/Scioli-Mercedes065.jpg?resize=350%2C200 1x, https:\/\/i0.wp.com\/www.hoymercedes.com.ar\/principal\/wp-content\/uploads\/2015\/02\/Scioli-Mercedes065.jpg?resize=525%2C300 1.5x"},"classes":[]},{"id":150499,"url":"https:\/\/www.hoymercedes.com.ar\/principal\/2022\/07\/09\/anunciaron-la-construccion-de-carcel-provincial-en-agote\/","url_meta":{"origin":39835,"position":2},"title":"Anunciaron la construcci\u00f3n de c\u00e1rcel provincial en Agote","author":"hoymercedes","date":"9 julio, 2022","format":false,"excerpt":"Anunciaron la construcci\u00f3n de c\u00e1rcel provincial en Agote. El anuncio lo hizo el Gobernador Kicilof y el Ministro Alak","rel":"","context":"En \u00abProvincia\u00bb","block_context":{"text":"Provincia","link":"https:\/\/www.hoymercedes.com.ar\/principal\/category\/provincia\/"},"img":{"alt_text":"","src":"https:\/\/i0.wp.com\/www.hoymercedes.com.ar\/principal\/wp-content\/uploads\/2022\/07\/WhatsApp-Image-2022-07-09-at-11.49.54-AM.jpeg?resize=350%2C200&ssl=1","width":350,"height":200,"srcset":"https:\/\/i0.wp.com\/www.hoymercedes.com.ar\/principal\/wp-content\/uploads\/2022\/07\/WhatsApp-Image-2022-07-09-at-11.49.54-AM.jpeg?resize=350%2C200&ssl=1 1x, https:\/\/i0.wp.com\/www.hoymercedes.com.ar\/principal\/wp-content\/uploads\/2022\/07\/WhatsApp-Image-2022-07-09-at-11.49.54-AM.jpeg?resize=525%2C300&ssl=1 1.5x, https:\/\/i0.wp.com\/www.hoymercedes.com.ar\/principal\/wp-content\/uploads\/2022\/07\/WhatsApp-Image-2022-07-09-at-11.49.54-AM.jpeg?resize=700%2C400&ssl=1 2x"},"classes":[]},{"id":34585,"url":"https:\/\/www.hoymercedes.com.ar\/principal\/2014\/07\/11\/asignan-217-3-millones-para-construir-carcel-de-agote\/","url_meta":{"origin":39835,"position":3},"title":"Asignan $217.3 millones para construir C\u00e1rcel de Agote","author":"hoymercedes","date":"11 julio, 2014","format":false,"excerpt":"Seg\u00fan se conoce en las partidas presupuestarias 2014 del Ministerio de Justicia y Derechos Humanos de la Naci\u00f3n se ha incrementado la suma para construir establecimientos penitenciarios por $572,7 millones de los cuales el mayor porcentaje est\u00e1 destinado al partido de Mercedes que recibir\u00eda la suma de $$217,3 millones. \u00bfEst\u00e1\u2026","rel":"","context":"En \u00abSociedad\u00bb","block_context":{"text":"Sociedad","link":"https:\/\/www.hoymercedes.com.ar\/principal\/category\/sociedad\/"},"img":{"alt_text":"carcel.agote.asignacion","src":"https:\/\/i0.wp.com\/www.hoymercedes.com.ar\/wp-content\/uploads\/2014\/07\/carcel.agote_.asignacion.jpg?resize=350%2C200","width":350,"height":200,"srcset":"https:\/\/i0.wp.com\/www.hoymercedes.com.ar\/wp-content\/uploads\/2014\/07\/carcel.agote_.asignacion.jpg?resize=350%2C200 1x, https:\/\/i0.wp.com\/www.hoymercedes.com.ar\/wp-content\/uploads\/2014\/07\/carcel.agote_.asignacion.jpg?resize=525%2C300 1.5x"},"classes":[]},{"id":118945,"url":"https:\/\/www.hoymercedes.com.ar\/principal\/2020\/10\/23\/ministro-alak-visito-la-carcel-y-firmo-convenio-con-el-municipio\/","url_meta":{"origin":39835,"position":4},"title":"Ministro Alak visit\u00f3 la c\u00e1rcel y firm\u00f3 convenio con el Municipio","author":"hoymercedes","date":"23 octubre, 2020","format":false,"excerpt":"El ministro de Justicia y Derechos Humanos de la Provincia, Julio Alak, junto al intendente de Mercedes, Juan Ignacio Ustarroz, firmaron este viernes un convenio de colaboraci\u00f3n que busca fomentar la educaci\u00f3n y la formaci\u00f3n laboral de las personas privadas de la libertad que se encuentran alojadas en la Unidad\u2026","rel":"","context":"En \u00abProvincia\u00bb","block_context":{"text":"Provincia","link":"https:\/\/www.hoymercedes.com.ar\/principal\/category\/provincia\/"},"img":{"alt_text":"","src":"https:\/\/i0.wp.com\/www.hoymercedes.com.ar\/principal\/wp-content\/uploads\/2020\/10\/22-min-alak-2.jpeg?resize=350%2C200&ssl=1","width":350,"height":200,"srcset":"https:\/\/i0.wp.com\/www.hoymercedes.com.ar\/principal\/wp-content\/uploads\/2020\/10\/22-min-alak-2.jpeg?resize=350%2C200&ssl=1 1x, https:\/\/i0.wp.com\/www.hoymercedes.com.ar\/principal\/wp-content\/uploads\/2020\/10\/22-min-alak-2.jpeg?resize=525%2C300&ssl=1 1.5x, https:\/\/i0.wp.com\/www.hoymercedes.com.ar\/principal\/wp-content\/uploads\/2020\/10\/22-min-alak-2.jpeg?resize=700%2C400&ssl=1 2x"},"classes":[]},{"id":194387,"url":"https:\/\/www.hoymercedes.com.ar\/principal\/2026\/04\/10\/la-ministro-de-seguridad-estuvo-en-la-carcel-de-agote\/","url_meta":{"origin":39835,"position":5},"title":"La Ministro de Seguridad estuvo en la carcel de Agote","author":"hoymercedes","date":"10 abril, 2026","format":false,"excerpt":"En horas de la ma\u00f1ana de este jueves, equipos del Gobierno Nacional visitaron la obra de la c\u00e1rcel de Agote. \u200bSeg\u00fan trascendidos, fue la propia ministra de Seguridad de la Naci\u00f3n, Alejandra Monteoliva, quien recorri\u00f3 el predio. La obra, que estuvo paralizada durante el inicio de la gesti\u00f3n de Milei,\u2026","rel":"","context":"En \u00abSociedad\u00bb","block_context":{"text":"Sociedad","link":"https:\/\/www.hoymercedes.com.ar\/principal\/category\/sociedad\/"},"img":{"alt_text":"","src":"https:\/\/i0.wp.com\/www.hoymercedes.com.ar\/principal\/wp-content\/uploads\/2026\/04\/WhatsApp-Image-2026-04-09-at-16.55.59.jpeg?resize=350%2C200&ssl=1","width":350,"height":200},"classes":[]}],"_links":{"self":[{"href":"https:\/\/www.hoymercedes.com.ar\/principal\/wp-json\/wp\/v2\/posts\/39835","targetHints":{"allow":["GET"]}}],"collection":[{"href":"https:\/\/www.hoymercedes.com.ar\/principal\/wp-json\/wp\/v2\/posts"}],"about":[{"href":"https:\/\/www.hoymercedes.com.ar\/principal\/wp-json\/wp\/v2\/types\/post"}],"author":[{"embeddable":true,"href":"https:\/\/www.hoymercedes.com.ar\/principal\/wp-json\/wp\/v2\/users\/1"}],"replies":[{"embeddable":true,"href":"https:\/\/www.hoymercedes.com.ar\/principal\/wp-json\/wp\/v2\/comments?post=39835"}],"version-history":[{"count":0,"href":"https:\/\/www.hoymercedes.com.ar\/principal\/wp-json\/wp\/v2\/posts\/39835\/revisions"}],"wp:attachment":[{"href":"https:\/\/www.hoymercedes.com.ar\/principal\/wp-json\/wp\/v2\/media?parent=39835"}],"wp:term":[{"taxonomy":"category","embeddable":true,"href":"https:\/\/www.hoymercedes.com.ar\/principal\/wp-json\/wp\/v2\/categories?post=39835"},{"taxonomy":"post_tag","embeddable":true,"href":"https:\/\/www.hoymercedes.com.ar\/principal\/wp-json\/wp\/v2\/tags?post=39835"}],"curies":[{"name":"wp","href":"https:\/\/api.w.org\/{rel}","templated":true}]}}