{"id":39856,"date":"2015-03-02T20:41:40","date_gmt":"2015-03-02T23:41:40","guid":{"rendered":"http:\/\/www.hoymercedes.com.ar\/principal\/?p=39856"},"modified":"2015-03-02T20:41:40","modified_gmt":"2015-03-02T23:41:40","slug":"selva-anticipo-obras-y-mas-espacios-pedagogicos-para-los-maternales","status":"publish","type":"post","link":"https:\/\/www.hoymercedes.com.ar\/principal\/2015\/03\/02\/selva-anticipo-obras-y-mas-espacios-pedagogicos-para-los-maternales\/","title":{"rendered":"Selva anticip\u00f3 obras y m\u00e1s espacios pedag\u00f3gicos para los maternales"},"content":{"rendered":"<p><a href=\"https:\/\/www.hoymercedes.com.ar\/principal\/wp-content\/uploads\/2015\/03\/JardinMaternal-Selva.jpg\"><img loading=\"lazy\" decoding=\"async\" data-attachment-id=\"39857\" data-permalink=\"https:\/\/www.hoymercedes.com.ar\/principal\/2015\/03\/02\/selva-anticipo-obras-y-mas-espacios-pedagogicos-para-los-maternales\/jardinmaternal-selva-2\/#main\" data-orig-file=\"https:\/\/www.hoymercedes.com.ar\/principal\/wp-content\/uploads\/2015\/03\/JardinMaternal-Selva.jpg\" data-orig-size=\"620,414\" data-comments-opened=\"1\" data-image-meta=\"{&quot;aperture&quot;:&quot;0&quot;,&quot;credit&quot;:&quot;&quot;,&quot;camera&quot;:&quot;&quot;,&quot;caption&quot;:&quot;&quot;,&quot;created_timestamp&quot;:&quot;0&quot;,&quot;copyright&quot;:&quot;&quot;,&quot;focal_length&quot;:&quot;0&quot;,&quot;iso&quot;:&quot;0&quot;,&quot;shutter_speed&quot;:&quot;0&quot;,&quot;title&quot;:&quot;&quot;,&quot;orientation&quot;:&quot;0&quot;}\" data-image-title=\"JardinMaternal-Selva\" data-image-description=\"\" data-image-caption=\"\" data-large-file=\"https:\/\/www.hoymercedes.com.ar\/principal\/wp-content\/uploads\/2015\/03\/JardinMaternal-Selva.jpg\" class=\"Img2014 aligncenter wp-image-39857 size-full\" src=\"https:\/\/www.hoymercedes.com.ar\/principal\/wp-content\/uploads\/2015\/03\/JardinMaternal-Selva.jpg\" alt=\"JardinMaternal-Selva\" width=\"620\" height=\"414\" \/><\/a><\/p>\n<p><em><strong>(MM) El intendente Carlos Selva inaugur\u00f3 el ciclo lectivo en los jardines maternales de gesti\u00f3n municipal que en estos a\u00f1os de gobierno han sido piedra fundamental del crecimiento educativo con aportes propios.<\/strong><\/em><\/p>\n<p>El l\u00edder del gobierno local tiene un sentimiento especial por los tres jardines maternales municipales. Son parte de la inversi\u00f3n de su gesti\u00f3n al frente del gobierno comunal y es por eso que en cada inicio de ciclo lectivo se toma unos minutos de su ajetreada agenda para estar en ese especial momento.<\/p>\n<p>\u201cSon nuestro orgullo como gobierno y es por eso que queremos seguir avanzando con m\u00e1s opciones. Desde siempre hemos dicho que son maternales y no guarder\u00edas d\u00e1ndole la impronta pedag\u00f3gica que se necesita. En este a\u00f1o vamos a agregar horas de docentes para materias como m\u00fasica y educaci\u00f3n f\u00edsica\u201d, dijo el primer mandatario en el acto inaugural del Jard\u00edn N\u00ba 2, ubicado en calle 9 entre 52 y 54.<\/p>\n<p>M\u00e1s tarde se traslad\u00f3 al Jard\u00edn Maternal N\u00ba 3, ubicado en calle 22 entre 105 y 107, donde habl\u00f3 sobre esta nueva instalaci\u00f3n y el proyecto de obras que est\u00e1 dando sus primeros pasos. \u201cYa estamos construyendo la ampliaci\u00f3n as\u00ed que el a\u00f1o que viene vamos a iniciar las clases en el SUM nuevo. Hacemos esta inversi\u00f3n porque estamos convencidos que los jardines tambi\u00e9n potencian a los barrios\u201d, sostuvo Selva en el acto inaugural que tambi\u00e9n cont\u00f3 con la participaci\u00f3n del presidente del Concejo Deliberante Marcelo Den\u00e1pole y el coordinador de Educaci\u00f3n Fernando Pachiani.<\/p>\n<p>&nbsp;<\/p>\n<p>&nbsp;<\/p>\n<p>&nbsp;<\/p>\n","protected":false},"excerpt":{"rendered":"<p>(MM) El intendente Carlos Selva inaugur\u00f3 el ciclo lectivo en los jardines maternales de gesti\u00f3n municipal que en estos a\u00f1os &#8230; <a title=\"Selva anticip\u00f3 obras y m\u00e1s espacios pedag\u00f3gicos para los maternales\" class=\"read-more\" href=\"https:\/\/www.hoymercedes.com.ar\/principal\/2015\/03\/02\/selva-anticipo-obras-y-mas-espacios-pedagogicos-para-los-maternales\/\" aria-label=\"Leer m\u00e1s sobre Selva anticip\u00f3 obras y m\u00e1s espacios pedag\u00f3gicos para los maternales\">Leer m\u00e1s<\/a><\/p>\n","protected":false},"author":1,"featured_media":0,"comment_status":"open","ping_status":"open","sticky":false,"template":"","format":"standard","meta":{"_monsterinsights_skip_tracking":false,"_monsterinsights_sitenote_active":false,"_monsterinsights_sitenote_note":"","_monsterinsights_sitenote_category":0,"jetpack_post_was_ever_published":false,"_jetpack_newsletter_access":"","_jetpack_dont_email_post_to_subs":false,"_jetpack_newsletter_tier_id":0,"_jetpack_memberships_contains_paywalled_content":false,"_jetpack_memberships_contains_paid_content":false,"footnotes":"","jetpack_publicize_message":"","jetpack_publicize_feature_enabled":true,"jetpack_social_post_already_shared":true,"jetpack_social_options":{"image_generator_settings":{"template":"highway","default_image_id":0,"font":"","enabled":false},"version":2},"_wpas_customize_per_network":false},"categories":[30],"tags":[39,2189],"class_list":["post-39856","post","type-post","status-publish","format-standard","hentry","category-municipio","tag-carlos-selva","tag-jardin-maternal","generate-columns","tablet-grid-50","mobile-grid-100","grid-parent","grid-50"],"jetpack_publicize_connections":[],"jetpack_featured_media_url":"","wps_subtitle":"Educaci\u00f3n p\u00fablica","jetpack_sharing_enabled":true,"_links":{"self":[{"href":"https:\/\/www.hoymercedes.com.ar\/principal\/wp-json\/wp\/v2\/posts\/39856","targetHints":{"allow":["GET"]}}],"collection":[{"href":"https:\/\/www.hoymercedes.com.ar\/principal\/wp-json\/wp\/v2\/posts"}],"about":[{"href":"https:\/\/www.hoymercedes.com.ar\/principal\/wp-json\/wp\/v2\/types\/post"}],"author":[{"embeddable":true,"href":"https:\/\/www.hoymercedes.com.ar\/principal\/wp-json\/wp\/v2\/users\/1"}],"replies":[{"embeddable":true,"href":"https:\/\/www.hoymercedes.com.ar\/principal\/wp-json\/wp\/v2\/comments?post=39856"}],"version-history":[{"count":0,"href":"https:\/\/www.hoymercedes.com.ar\/principal\/wp-json\/wp\/v2\/posts\/39856\/revisions"}],"wp:attachment":[{"href":"https:\/\/www.hoymercedes.com.ar\/principal\/wp-json\/wp\/v2\/media?parent=39856"}],"wp:term":[{"taxonomy":"category","embeddable":true,"href":"https:\/\/www.hoymercedes.com.ar\/principal\/wp-json\/wp\/v2\/categories?post=39856"},{"taxonomy":"post_tag","embeddable":true,"href":"https:\/\/www.hoymercedes.com.ar\/principal\/wp-json\/wp\/v2\/tags?post=39856"}],"curies":[{"name":"wp","href":"https:\/\/api.w.org\/{rel}","templated":true}]}}