{"id":3989,"date":"2011-05-05T04:32:25","date_gmt":"2011-05-05T04:32:25","guid":{"rendered":"http:\/\/www.hoymercedes.com.ar\/principal\/?p=3989"},"modified":"2011-05-06T15:02:58","modified_gmt":"2011-05-06T15:02:58","slug":"comenzo-en-scrum-5-un-nuevo-ciclo-de-cafe-cultura-nacion","status":"publish","type":"post","link":"https:\/\/www.hoymercedes.com.ar\/principal\/2011\/05\/05\/comenzo-en-scrum-5-un-nuevo-ciclo-de-cafe-cultura-nacion\/","title":{"rendered":"Comenz\u00f3 en Scrum 5 un nuevo ciclo de Caf\u00e9-Cultura- Naci\u00f3n"},"content":{"rendered":"<p>Este mi\u00e9rcoles en las instalaciones de Scrum 5 dio comienzo el ciclo 20\u00ba11 de Caf\u00e9 Cultura Naci\u00f3n en nuestra ciudad con la participaci\u00f3n ante una m\u00e1s que aceptable cantidad de p\u00fablico del canta autor BrunoArias acompa\u00f1ado en esta oportunidad por un excelente m\u00fasico ejecutando instrumentos de viento, evento que en nuestra ciudad cont\u00f3 con la organizaci\u00f3n tal como viene ocurriendo desde 2010 de Casa Joven ahora adem\u00e1s acompa\u00f1ados por integrantes de La Campora y el Frente Mercedino para la Victoria.<\/p>\n<p>Bruno Arias sostuvo al ser entrevistado por los medios de prensa antes del comienzo del show \u201cal igual que el a\u00f1o pasado en este 2011 estamos afortunadamente trabajando en este espacio denominado Caf\u00e9 Cultura Naci\u00f3n porque es algo que por lo menos a mi me ha dado la posibilidad de recorrer el pa\u00eds con mi m\u00fasica y mi canto, algo que lamentablemente no son muchos los int\u00e9rpretes independiente que pueden tener la posibilidad de lograr algo como esto que es llegar a todos lados con lo que uno hace, especialmente cuando nos toca ir a los pueblos m\u00e1s alejados de los que son los principales centros de cultura de la Argentina y m\u00e1s aun poder tener la posibilidad de participar de eventos especiales sin tener que pagar un solo peso porque la entrada es gratuita, eso es importante y por ello nos sumamos con toda nuestra fuerza\u201d.<\/p>\n<p>M\u00e1s adelante Bruno Arias manifest\u00f3  \u201cme ha tocado estar para Caf\u00e9 Cultura Naci\u00f3n con mi m\u00fasica en una variada gama de lugares que van desde un club chico hasta el sal\u00f3n de una universidad, a veces solo, otras con toda la banda o como en este caso de Mercedes que he venido con Juan Pablo Alvarez que es uno delos m\u00fasicos de la nueva generaci\u00f3n que realmente ejecuta muy bien cualquier instrumento de viento\u201d<\/p>\n<p>Posteriormente se refiri\u00f3 a sus nuevos emprendimientos expresando que se encuentra trabajando en el lanzamiento de los discos, uno con un grupo de artistas pertenecientes a varias provincias de la Argentina que aun no han tenido la oportunidad de llegar a los grandes sellos musicales del pa\u00eds y el segundo destinado a rendir un homenaje dejando un mensaje claro a todos los pueblos originarios de la Argentina y Latinoam\u00e9rica que han sido a lo largo de la historia tan avasallados.<\/p>\n<p>&nbsp;<\/p>\n","protected":false},"excerpt":{"rendered":"<p>Este mi\u00e9rcoles en las instalaciones de Scrum 5 dio comienzo el ciclo 20\u00ba11 de Caf\u00e9 Cultura Naci\u00f3n en nuestra ciudad &#8230; <a title=\"Comenz\u00f3 en Scrum 5 un nuevo ciclo de Caf\u00e9-Cultura- Naci\u00f3n\" class=\"read-more\" href=\"https:\/\/www.hoymercedes.com.ar\/principal\/2011\/05\/05\/comenzo-en-scrum-5-un-nuevo-ciclo-de-cafe-cultura-nacion\/\" aria-label=\"Leer m\u00e1s sobre Comenz\u00f3 en Scrum 5 un nuevo ciclo de Caf\u00e9-Cultura- Naci\u00f3n\">Leer m\u00e1s<\/a><\/p>\n","protected":false},"author":1,"featured_media":0,"comment_status":"open","ping_status":"open","sticky":false,"template":"","format":"standard","meta":{"_monsterinsights_skip_tracking":false,"_monsterinsights_sitenote_active":false,"_monsterinsights_sitenote_note":"","_monsterinsights_sitenote_category":0,"jetpack_post_was_ever_published":false,"_jetpack_newsletter_access":"","_jetpack_dont_email_post_to_subs":false,"_jetpack_newsletter_tier_id":0,"_jetpack_memberships_contains_paywalled_content":false,"_jetpack_memberships_contains_paid_content":false,"footnotes":"","jetpack_publicize_message":"","jetpack_publicize_feature_enabled":true,"jetpack_social_post_already_shared":false,"jetpack_social_options":{"image_generator_settings":{"template":"highway","default_image_id":0,"font":"","enabled":false},"version":2},"_wpas_customize_per_network":false},"categories":[5],"tags":[61,3],"class_list":["post-3989","post","type-post","status-publish","format-standard","hentry","category-politica","tag-cafe-cultura-nacion","tag-casa-joven","generate-columns","tablet-grid-50","mobile-grid-100","grid-parent","grid-50"],"jetpack_publicize_connections":[],"jetpack_featured_media_url":"","wps_subtitle":"","jetpack_sharing_enabled":true,"_links":{"self":[{"href":"https:\/\/www.hoymercedes.com.ar\/principal\/wp-json\/wp\/v2\/posts\/3989","targetHints":{"allow":["GET"]}}],"collection":[{"href":"https:\/\/www.hoymercedes.com.ar\/principal\/wp-json\/wp\/v2\/posts"}],"about":[{"href":"https:\/\/www.hoymercedes.com.ar\/principal\/wp-json\/wp\/v2\/types\/post"}],"author":[{"embeddable":true,"href":"https:\/\/www.hoymercedes.com.ar\/principal\/wp-json\/wp\/v2\/users\/1"}],"replies":[{"embeddable":true,"href":"https:\/\/www.hoymercedes.com.ar\/principal\/wp-json\/wp\/v2\/comments?post=3989"}],"version-history":[{"count":0,"href":"https:\/\/www.hoymercedes.com.ar\/principal\/wp-json\/wp\/v2\/posts\/3989\/revisions"}],"wp:attachment":[{"href":"https:\/\/www.hoymercedes.com.ar\/principal\/wp-json\/wp\/v2\/media?parent=3989"}],"wp:term":[{"taxonomy":"category","embeddable":true,"href":"https:\/\/www.hoymercedes.com.ar\/principal\/wp-json\/wp\/v2\/categories?post=3989"},{"taxonomy":"post_tag","embeddable":true,"href":"https:\/\/www.hoymercedes.com.ar\/principal\/wp-json\/wp\/v2\/tags?post=3989"}],"curies":[{"name":"wp","href":"https:\/\/api.w.org\/{rel}","templated":true}]}}