{"id":39907,"date":"2015-03-04T21:44:44","date_gmt":"2015-03-05T00:44:44","guid":{"rendered":"http:\/\/www.hoymercedes.com.ar\/principal\/?p=39907"},"modified":"2015-03-16T10:02:08","modified_gmt":"2015-03-16T13:02:08","slug":"arlia-suspendio-reunion-con-union-de-usuarios-viales","status":"publish","type":"post","link":"https:\/\/www.hoymercedes.com.ar\/principal\/2015\/03\/04\/arlia-suspendio-reunion-con-union-de-usuarios-viales\/","title":{"rendered":"Arl\u00eda suspendi\u00f3 reuni\u00f3n con Uni\u00f3n de Usuarios Viales"},"content":{"rendered":"<p><strong>Arl\u00eda suspendi\u00f3 reuni\u00f3n en que participar\u00edan mercedinos. Este jueves estaba programada una reuni\u00f3n con el Ministro de Infraestructura de la Provincia de Buenos Aires y la Uni\u00f3n de Usuarios Viales en la capital provincial. Iba a ser a las 16.00hs, pero, un d\u00eda antes se supo que no iba a concretarse dado que el Ministro bonaerense consider\u00f3 que ha sido por dicho espacio ciudadano en diversas ocasiones \u00abAgraviado\u00bb, comentaron desde la UUV.<\/strong><\/p>\n<p>Al respecto, la Uni\u00f3n de Usuarios Viales emiti\u00f3 el siguiente comunicado:<\/p>\n<p><a href=\"https:\/\/www.hoymercedes.com.ar\/principal\/wp-content\/uploads\/2015\/03\/uuvvsarlia.jpg\"><img loading=\"lazy\" decoding=\"async\" data-attachment-id=\"39908\" data-permalink=\"https:\/\/www.hoymercedes.com.ar\/principal\/2015\/03\/04\/arlia-suspendio-reunion-con-union-de-usuarios-viales\/uuvvsarlia\/#main\" data-orig-file=\"https:\/\/www.hoymercedes.com.ar\/principal\/wp-content\/uploads\/2015\/03\/uuvvsarlia.jpg\" data-orig-size=\"620,876\" data-comments-opened=\"1\" data-image-meta=\"{&quot;aperture&quot;:&quot;0&quot;,&quot;credit&quot;:&quot;&quot;,&quot;camera&quot;:&quot;&quot;,&quot;caption&quot;:&quot;&quot;,&quot;created_timestamp&quot;:&quot;0&quot;,&quot;copyright&quot;:&quot;&quot;,&quot;focal_length&quot;:&quot;0&quot;,&quot;iso&quot;:&quot;0&quot;,&quot;shutter_speed&quot;:&quot;0&quot;,&quot;title&quot;:&quot;&quot;,&quot;orientation&quot;:&quot;0&quot;}\" data-image-title=\"uuvvsarlia\" data-image-description=\"\" data-image-caption=\"\" data-large-file=\"https:\/\/www.hoymercedes.com.ar\/principal\/wp-content\/uploads\/2015\/03\/uuvvsarlia.jpg\" class=\"Img2014 aligncenter wp-image-39908 size-full\" src=\"https:\/\/www.hoymercedes.com.ar\/principal\/wp-content\/uploads\/2015\/03\/uuvvsarlia.jpg\" alt=\"uuvvsarlia\" width=\"620\" height=\"876\" srcset=\"https:\/\/www.hoymercedes.com.ar\/principal\/wp-content\/uploads\/2015\/03\/uuvvsarlia.jpg 620w, https:\/\/www.hoymercedes.com.ar\/principal\/wp-content\/uploads\/2015\/03\/uuvvsarlia-439x620.jpg 439w\" sizes=\"auto, (max-width: 620px) 100vw, 620px\" \/><\/a><\/p>\n<p>&nbsp;<\/p>\n<p>&nbsp;<\/p>\n<p>&nbsp;<\/p>\n<p>&nbsp;<\/p>\n<p>&nbsp;<\/p>\n","protected":false},"excerpt":{"rendered":"<p>Arl\u00eda suspendi\u00f3 reuni\u00f3n en que participar\u00edan mercedinos. Este jueves estaba programada una reuni\u00f3n con el Ministro de Infraestructura de la &#8230; <a title=\"Arl\u00eda suspendi\u00f3 reuni\u00f3n con Uni\u00f3n de Usuarios Viales\" class=\"read-more\" href=\"https:\/\/www.hoymercedes.com.ar\/principal\/2015\/03\/04\/arlia-suspendio-reunion-con-union-de-usuarios-viales\/\" aria-label=\"Leer m\u00e1s sobre Arl\u00eda suspendi\u00f3 reuni\u00f3n con Uni\u00f3n de Usuarios Viales\">Leer m\u00e1s<\/a><\/p>\n","protected":false},"author":1,"featured_media":0,"comment_status":"open","ping_status":"open","sticky":false,"template":"","format":"standard","meta":{"_monsterinsights_skip_tracking":false,"_monsterinsights_sitenote_active":false,"_monsterinsights_sitenote_note":"","_monsterinsights_sitenote_category":0,"jetpack_post_was_ever_published":false,"_jetpack_newsletter_access":"","_jetpack_dont_email_post_to_subs":false,"_jetpack_newsletter_tier_id":0,"_jetpack_memberships_contains_paywalled_content":false,"_jetpack_memberships_contains_paid_content":false,"footnotes":"","jetpack_publicize_message":"","jetpack_publicize_feature_enabled":true,"jetpack_social_post_already_shared":true,"jetpack_social_options":{"image_generator_settings":{"template":"highway","default_image_id":0,"font":"","enabled":false},"version":2},"_wpas_customize_per_network":false},"categories":[5],"tags":[5309,2754],"class_list":["post-39907","post","type-post","status-publish","format-standard","hentry","category-politica","tag-alejandro-arlia","tag-union-de-usuarios-viales","generate-columns","tablet-grid-50","mobile-grid-100","grid-parent","grid-50"],"jetpack_publicize_connections":[],"jetpack_featured_media_url":"","wps_subtitle":"A un d\u00eda del encuentro","jetpack_sharing_enabled":true,"_links":{"self":[{"href":"https:\/\/www.hoymercedes.com.ar\/principal\/wp-json\/wp\/v2\/posts\/39907","targetHints":{"allow":["GET"]}}],"collection":[{"href":"https:\/\/www.hoymercedes.com.ar\/principal\/wp-json\/wp\/v2\/posts"}],"about":[{"href":"https:\/\/www.hoymercedes.com.ar\/principal\/wp-json\/wp\/v2\/types\/post"}],"author":[{"embeddable":true,"href":"https:\/\/www.hoymercedes.com.ar\/principal\/wp-json\/wp\/v2\/users\/1"}],"replies":[{"embeddable":true,"href":"https:\/\/www.hoymercedes.com.ar\/principal\/wp-json\/wp\/v2\/comments?post=39907"}],"version-history":[{"count":0,"href":"https:\/\/www.hoymercedes.com.ar\/principal\/wp-json\/wp\/v2\/posts\/39907\/revisions"}],"wp:attachment":[{"href":"https:\/\/www.hoymercedes.com.ar\/principal\/wp-json\/wp\/v2\/media?parent=39907"}],"wp:term":[{"taxonomy":"category","embeddable":true,"href":"https:\/\/www.hoymercedes.com.ar\/principal\/wp-json\/wp\/v2\/categories?post=39907"},{"taxonomy":"post_tag","embeddable":true,"href":"https:\/\/www.hoymercedes.com.ar\/principal\/wp-json\/wp\/v2\/tags?post=39907"}],"curies":[{"name":"wp","href":"https:\/\/api.w.org\/{rel}","templated":true}]}}