{"id":39978,"date":"2015-03-07T20:31:45","date_gmt":"2015-03-07T23:31:45","guid":{"rendered":"http:\/\/www.hoymercedes.com.ar\/principal\/?p=39978"},"modified":"2015-03-07T20:39:27","modified_gmt":"2015-03-07T23:39:27","slug":"en-monto-bossio-y-ustarroz-asistieron-a-sorteo-de-lotes-para-procrear","status":"publish","type":"post","link":"https:\/\/www.hoymercedes.com.ar\/principal\/2015\/03\/07\/en-monto-bossio-y-ustarroz-asistieron-a-sorteo-de-lotes-para-procrear\/","title":{"rendered":"En Montes, Bossio y Ustarroz asistieron a sorteo de lotes para ProCreAr"},"content":{"rendered":"<p><a href=\"https:\/\/www.hoymercedes.com.ar\/principal\/wp-content\/uploads\/2015\/03\/Bossio-Ustarroz.jpg\"><img loading=\"lazy\" decoding=\"async\" data-attachment-id=\"39979\" data-permalink=\"https:\/\/www.hoymercedes.com.ar\/principal\/2015\/03\/07\/en-monto-bossio-y-ustarroz-asistieron-a-sorteo-de-lotes-para-procrear\/bossio-ustarroz-2\/#main\" data-orig-file=\"https:\/\/www.hoymercedes.com.ar\/principal\/wp-content\/uploads\/2015\/03\/Bossio-Ustarroz.jpg\" data-orig-size=\"620,389\" data-comments-opened=\"1\" data-image-meta=\"{&quot;aperture&quot;:&quot;0&quot;,&quot;credit&quot;:&quot;&quot;,&quot;camera&quot;:&quot;&quot;,&quot;caption&quot;:&quot;&quot;,&quot;created_timestamp&quot;:&quot;0&quot;,&quot;copyright&quot;:&quot;&quot;,&quot;focal_length&quot;:&quot;0&quot;,&quot;iso&quot;:&quot;0&quot;,&quot;shutter_speed&quot;:&quot;0&quot;,&quot;title&quot;:&quot;&quot;,&quot;orientation&quot;:&quot;0&quot;}\" data-image-title=\"Bossio-Ustarroz\" data-image-description=\"\" data-image-caption=\"\" data-large-file=\"https:\/\/www.hoymercedes.com.ar\/principal\/wp-content\/uploads\/2015\/03\/Bossio-Ustarroz.jpg\" class=\"Img2014 aligncenter wp-image-39979 size-full\" title=\"Juan Ustarroz, Diego Bossio\" src=\"https:\/\/www.hoymercedes.com.ar\/principal\/wp-content\/uploads\/2015\/03\/Bossio-Ustarroz.jpg\" alt=\"Bossio-Ustarroz\" width=\"620\" height=\"389\" \/><\/a><\/p>\n<p>El gerente regional de la ANSES, Juan Ignacio Ustarroz, y el director del organismo, Diego Bossio, participaron de un acto en la localidad bonaerense de San Miguel del Monte en el que se sortearon 40 lotes con servicios que puso a disposici\u00f3n el municipio para familias que tienen la posibilidad de acceder al cr\u00e9dito hipotecario del programa PROCREAR.<\/p>\n<p>\u201cEsto es un ejemplo de proyecci\u00f3n, lo que nosotros queremos para Mercedes. Apenas sali\u00f3 el programa, desde el gobierno de San Miguel del Monte se identificaron lotes municipales, les agregaron servicios y los pusieron a disposici\u00f3n de los vecinos para que, una vez sorteados en el PROCREAR, puedan comprarlos a bajo costo y construir all\u00ed. All\u00ed hay planeamiento, visi\u00f3n de futuro y voluntad para dar soluciones\u201d, manifest\u00f3 Ustarroz.<\/p>\n<p>Bossio, Ustarroz y el intendente de Monte, Ra\u00fal Basualdo, encabezaron la ceremonia del sorteo. Fueron 40 lotes para 96 familias en condiciones de obtener el cr\u00e9dito, aunque el gobierno local anticip\u00f3 que se identificar\u00e1n otros terrenos fiscales para el programa.<\/p>\n<p>El gerente de ANSES\u00a0 y presidente del bloque de concejales del Frente Mercedino para la Victoria record\u00f3 tambi\u00e9n: \u201cEn Lobos y en otras ciudades hicieron esta misma experiencia, y en ning\u00fan caso los terrenos costaron m\u00e1s de 90 mil pesos para los vecinos. El PROCREAR tiene much\u00edsimos beneficios y hay que facilitar el camino para que todos los argentinos puedan cumplir su sue\u00f1o de tener una casa propia. Eso es lo m\u00e1s importante\u201d.<\/p>\n<p>Por su parte, Basualdo apunt\u00f3: \u201cAc\u00e1 no se trata de peronistas, radicales o comunistas; ac\u00e1 se trata de que cada argentino pueda ejercer el derecho de tener una vivienda digna y que sea suya; y de un programa que permite justamente eso. Estamos muy contentos de que el municipio pueda hacer un aporte concreto en este sentido\u201d.<\/p>\n<p>En el acto de San Miguel del Monte (llevado a cabo en el Centro Cultural Municipal), tambi\u00e9n estuvieron presentes los intendentes de las localidades de Roque P\u00e9rez, Juan Carlos Gasparini; de General Belgrano, Jorge Eijo; de Ranchos, Juan Carlos Veramendi; de Lezama, Carlos Racciatti; y de Castelli, Francisco Echarren.<\/p>\n<p>&nbsp;<\/p>\n<p>&nbsp;<\/p>\n<p>&nbsp;<\/p>\n<p>&nbsp;<\/p>\n<p>Al momento de tomar la palabra, Bossio remarc\u00f3: \u201cTenemos la voluntad pol\u00edtica necesaria para generar lotes y construir casas en toda la provincia de Buenos Aires, como lo venimos haciendo en todo el pa\u00eds. Hace 25 a\u00f1os se anunciaba el cierre del Banco Hipotecario, el banco que hac\u00eda so\u00f1ar con la casa propia y pagarla a 20 \u00f3 30 a\u00f1os, pero fue ineficiente y se intentaba clausurar el sue\u00f1o de los argentinos\u201d.<\/p>\n<p>&nbsp;<\/p>\n<p>\u201cHoy, en cambio y gracias a pol\u00edticas generadas por el gobierno nacional y con el mandato de nuestra Presidenta, Cristina Fern\u00e1ndez de Kirchner, el Banco vuelve a dar cr\u00e9ditos para que cada vez m\u00e1s personas puedan acceder a su vivienda. Estamos sanando heridas que los argentinos ten\u00edamos desde 2001, no solo con el plan Procrear: estamos jubilando mil argentinos por d\u00eda que hab\u00edan sido castigados, a los que se les dio la espalda\u201d, agreg\u00f3.<\/p>\n<p>&nbsp;<\/p>\n<p>Bossio indic\u00f3 tambi\u00e9n: \u201cNo podemos pensar el futuro si no tenemos conciencia de aquello por lo que no queremos volver a pasar\u201d.<\/p>\n<p>&nbsp;<\/p>\n<p>Ustarroz y Bossio pasaron por el hist\u00f3rico rancho que habitaba Juan Manuel de Rosas \u2013donde cre\u00f3 el cuerpo de milicianos \u2018Los Colorados de Monte\u2019-, y luego participaron de otro acto, en la localidad de Ranchos, con el intendente local, Juan Carlos Veramendi. All\u00ed firmaron un convenio para imitar la experiencia de San Miguel del Monte: el municipio pondr\u00e1 a disposici\u00f3n del Procrear distintos terrenos con servicios.<\/p>\n<p>&nbsp;<\/p>\n<p>Las UDAI de Ranchos y Monte est\u00e1n entre las m\u00e1s de 20 que dependen de Ustarroz, jefe regional IV del organismo, junto con Baradero, Ca\u00f1uelas, Mercedes, Luj\u00e1n, Navarro, Saladillo, Z\u00e1rate, 25 de Mayo, Capit\u00e1n Sarmiento, Suipacha, Carmen de Areco, Coronel Brandsen, Exaltaci\u00f3n de la Cruz, General Alvear, General Rodr\u00edguez, Lobos, Marcos Paz, M\u00e1ximo Paz, San Andr\u00e9s de Giles, San Antonio de Areco y Vicente Casares.<\/p>\n<p>&nbsp;<\/p>\n<p>\u201cEl trabajo de Juani Ustarroz al frente de la Regional ha sido extraordinario -volvi\u00f3 a decir Bossio-, y desde cada UDAI que est\u00e1 bajo su gesti\u00f3n se realiza con eficacia cada uno de los programas que ponemos a disposici\u00f3n desde la ANSES, ya sea el Procrear, el Progresar, la Asignaci\u00f3n Universal por Hijo, la tarjeta Argenta y la moratoria previsional\u201d.<\/p>\n","protected":false},"excerpt":{"rendered":"<p>El gerente regional de la ANSES, Juan Ignacio Ustarroz, y el director del organismo, Diego Bossio, participaron de un acto &#8230; <a title=\"En Montes, Bossio y Ustarroz asistieron a sorteo de lotes para ProCreAr\" class=\"read-more\" href=\"https:\/\/www.hoymercedes.com.ar\/principal\/2015\/03\/07\/en-monto-bossio-y-ustarroz-asistieron-a-sorteo-de-lotes-para-procrear\/\" aria-label=\"Leer m\u00e1s sobre En Montes, Bossio y Ustarroz asistieron a sorteo de lotes para ProCreAr\">Leer m\u00e1s<\/a><\/p>\n","protected":false},"author":1,"featured_media":0,"comment_status":"open","ping_status":"open","sticky":false,"template":"","format":"standard","meta":{"_monsterinsights_skip_tracking":false,"_monsterinsights_sitenote_active":false,"_monsterinsights_sitenote_note":"","_monsterinsights_sitenote_category":0,"jetpack_post_was_ever_published":false,"_jetpack_newsletter_access":"","_jetpack_dont_email_post_to_subs":false,"_jetpack_newsletter_tier_id":0,"_jetpack_memberships_contains_paywalled_content":false,"_jetpack_memberships_contains_paid_content":false,"footnotes":"","jetpack_publicize_message":"","jetpack_publicize_feature_enabled":true,"jetpack_social_post_already_shared":true,"jetpack_social_options":{"image_generator_settings":{"template":"highway","default_image_id":0,"font":"","enabled":false},"version":2},"_wpas_customize_per_network":false},"categories":[5],"tags":[3855,424],"class_list":["post-39978","post","type-post","status-publish","format-standard","hentry","category-politica","tag-bossio","tag-ustarroz","generate-columns","tablet-grid-50","mobile-grid-100","grid-parent","grid-50"],"jetpack_publicize_connections":[],"jetpack_featured_media_url":"","wps_subtitle":"Beneficio social","jetpack_sharing_enabled":true,"jetpack-related-posts":[{"id":39538,"url":"https:\/\/www.hoymercedes.com.ar\/principal\/2015\/02\/11\/ustarroz-y-bossio-inauguraron-en-navarro-y-lobos\/","url_meta":{"origin":39978,"position":0},"title":"Ustarroz y Bossio inauguraron UDAI en Navarro y Lobos","author":"hoymercedes","date":"11 febrero, 2015","format":false,"excerpt":"El gerente regional de la ANSES y presidente del bloque de concejales del Frente Mercedino para la Victoria, Juan Ignacio Ustarroz, estuvo en las localidades bonaerenses de Navarro y Lobos junto con el director ejecutivo del organismo nacional, Diego Bossio, con quien abri\u00f3 nuevas UDAI para los vecinos y asisti\u00f3\u2026","rel":"","context":"En \u00abPol\u00edtica\u00bb","block_context":{"text":"Pol\u00edtica","link":"https:\/\/www.hoymercedes.com.ar\/principal\/category\/politica\/"},"img":{"alt_text":"Ustarroz-UDAI-Bossio","src":"https:\/\/i0.wp.com\/www.hoymercedes.com.ar\/principal\/wp-content\/uploads\/2015\/02\/Ustarroz-UDAI-Bossio.jpg?resize=350%2C200","width":350,"height":200,"srcset":"https:\/\/i0.wp.com\/www.hoymercedes.com.ar\/principal\/wp-content\/uploads\/2015\/02\/Ustarroz-UDAI-Bossio.jpg?resize=350%2C200 1x, https:\/\/i0.wp.com\/www.hoymercedes.com.ar\/principal\/wp-content\/uploads\/2015\/02\/Ustarroz-UDAI-Bossio.jpg?resize=525%2C300 1.5x"},"classes":[]},{"id":138004,"url":"https:\/\/www.hoymercedes.com.ar\/principal\/2021\/09\/28\/entregan-lotes-de-mi-terreno-planes-procrear-y-planos-de-vivienda-bonaerense\/","url_meta":{"origin":39978,"position":1},"title":"Entregan lotes de Mi Terreno, planes ProCreAr y planos de Vivienda Bonaerense","author":"hoymercedes","date":"28 septiembre, 2021","format":false,"excerpt":"El intendente Ustarroz encabez\u00f3 la entrega de lotes de familias beneficiadas a trav\u00e9s del programa \u201cMI Terreno\u201d. Adem\u00e1s, desde Vivienda, planos para casas desde el plan \u201cVivienda bonaerense \u201cSolidaridad 2\u201d, otros nueve cr\u00e9ditos del programa nacional Procrear y \u201cCasa Propia\u201d.\u00a0 \"Algunos de estos programas fueron gestionados con el Estado Nacional\u2026","rel":"","context":"En \u00abMunicipio\u00bb","block_context":{"text":"Municipio","link":"https:\/\/www.hoymercedes.com.ar\/principal\/category\/municipio\/"},"img":{"alt_text":"","src":"https:\/\/i0.wp.com\/www.hoymercedes.com.ar\/principal\/wp-content\/uploads\/2021\/09\/DSC02913.jpg?resize=350%2C200&ssl=1","width":350,"height":200,"srcset":"https:\/\/i0.wp.com\/www.hoymercedes.com.ar\/principal\/wp-content\/uploads\/2021\/09\/DSC02913.jpg?resize=350%2C200&ssl=1 1x, https:\/\/i0.wp.com\/www.hoymercedes.com.ar\/principal\/wp-content\/uploads\/2021\/09\/DSC02913.jpg?resize=525%2C300&ssl=1 1.5x, https:\/\/i0.wp.com\/www.hoymercedes.com.ar\/principal\/wp-content\/uploads\/2021\/09\/DSC02913.jpg?resize=700%2C400&ssl=1 2x"},"classes":[]},{"id":116251,"url":"https:\/\/www.hoymercedes.com.ar\/principal\/2020\/09\/07\/mercedes-seria-el-primer-municipio-en-firmar-convenio-con-procrear\/","url_meta":{"origin":39978,"position":2},"title":"Mercedes ser\u00eda el primer municipio en firmar convenio con Procrear","author":"hoymercedes","date":"7 septiembre, 2020","format":false,"excerpt":"El Procrear reconocer\u00e1 a Mercedes como el primer municipio del pa\u00eds para llevar adelante trabajos que generen la posibilidad que los mercedinos puedan llegar a su casa propia. El gobierno nacional que conduce Alberto Fern\u00e1ndez dio inicio al recreado programa Procrear y la ciudad de Mercedes \u201cpica en punta\u201d para\u2026","rel":"","context":"En \u00abMunicipio\u00bb","block_context":{"text":"Municipio","link":"https:\/\/www.hoymercedes.com.ar\/principal\/category\/municipio\/"},"img":{"alt_text":"","src":"https:\/\/i0.wp.com\/www.hoymercedes.com.ar\/principal\/wp-content\/uploads\/2020\/03\/Ustarroz-hcd-04.03.2020.jpeg?resize=350%2C200&ssl=1","width":350,"height":200,"srcset":"https:\/\/i0.wp.com\/www.hoymercedes.com.ar\/principal\/wp-content\/uploads\/2020\/03\/Ustarroz-hcd-04.03.2020.jpeg?resize=350%2C200&ssl=1 1x, https:\/\/i0.wp.com\/www.hoymercedes.com.ar\/principal\/wp-content\/uploads\/2020\/03\/Ustarroz-hcd-04.03.2020.jpeg?resize=525%2C300&ssl=1 1.5x, https:\/\/i0.wp.com\/www.hoymercedes.com.ar\/principal\/wp-content\/uploads\/2020\/03\/Ustarroz-hcd-04.03.2020.jpeg?resize=700%2C400&ssl=1 2x, https:\/\/i0.wp.com\/www.hoymercedes.com.ar\/principal\/wp-content\/uploads\/2020\/03\/Ustarroz-hcd-04.03.2020.jpeg?resize=1050%2C600&ssl=1 3x, https:\/\/i0.wp.com\/www.hoymercedes.com.ar\/principal\/wp-content\/uploads\/2020\/03\/Ustarroz-hcd-04.03.2020.jpeg?resize=1400%2C800&ssl=1 4x"},"classes":[]},{"id":31305,"url":"https:\/\/www.hoymercedes.com.ar\/principal\/2014\/03\/31\/procrear-compraran-terrenos-aptos-para-lotes-mercedes-incluido\/","url_meta":{"origin":39978,"position":3},"title":"ProCreAr: comprar\u00e1n terrenos aptos para lotes. Mercedes inclu\u00eddo","author":"hoymercedes","date":"31 marzo, 2014","format":false,"excerpt":"Los vecinos beneficiarios del PROCREAR, tanto en Mercedes como en el resto del pa\u00eds, tendr\u00e1n una nueva posibilidad de acceder a su terreno: el programa hizo un llamado para la presentaci\u00f3n de ofertas con el objetivo de comprar lotes, incorporarle la infraestructura necesaria y luego sortearlos entre los inscriptos. Esta\u2026","rel":"","context":"En \u00abPol\u00edtica\u00bb","block_context":{"text":"Pol\u00edtica","link":"https:\/\/www.hoymercedes.com.ar\/principal\/category\/politica\/"},"img":{"alt_text":"ProCreAr ","src":"https:\/\/i0.wp.com\/www.hoymercedes.com.ar\/principal\/wp-content\/uploads\/2014\/03\/procrear.jpg?resize=350%2C200","width":350,"height":200},"classes":[]},{"id":25352,"url":"https:\/\/www.hoymercedes.com.ar\/principal\/2013\/08\/30\/ustarroz-con-bossio-en-san-antonio-de-areco-entregan-creditos-de-procrear\/","url_meta":{"origin":39978,"position":4},"title":"Ustarroz con Bossio en San Antonio de Areco entregan cr\u00e9ditos de PROCREAR","author":"hoymercedes","date":"30 agosto, 2013","format":false,"excerpt":"Juan Ustarroz estuvo en la ciudad de San Antonio de Areco junto a Diego Bossi entregando cr\u00e9ditos del Plan ProCreAr. Ustarroz adem\u00e1s de ser el primer candidato del Frente Mercedino para la Victoria como concejal es el Gerente Regional del ANSES. \u201cEstos actos simb\u00f3licos son la constancia de que el\u2026","rel":"","context":"En \u00abPol\u00edtica\u00bb","block_context":{"text":"Pol\u00edtica","link":"https:\/\/www.hoymercedes.com.ar\/principal\/category\/politica\/"},"img":{"alt_text":"Diego Bossio en San Antonio de Areco ","src":"https:\/\/i0.wp.com\/www.hoymercedes.com.ar\/principal\/wp-content\/uploads\/2013\/08\/bossio-procrear.jpg?resize=350%2C200","width":350,"height":200,"srcset":"https:\/\/i0.wp.com\/www.hoymercedes.com.ar\/principal\/wp-content\/uploads\/2013\/08\/bossio-procrear.jpg?resize=350%2C200 1x, https:\/\/i0.wp.com\/www.hoymercedes.com.ar\/principal\/wp-content\/uploads\/2013\/08\/bossio-procrear.jpg?resize=525%2C300 1.5x"},"classes":[]},{"id":42342,"url":"https:\/\/www.hoymercedes.com.ar\/principal\/2015\/06\/11\/ustarroz-junto-a-diego-bossio-en-canuelas-en-un-acto-de-entrega-de-beneficios-sociales\/","url_meta":{"origin":39978,"position":5},"title":"Ustarroz junto a Diego Bossio en Ca\u00f1uelas en un acto de entrega de beneficios sociales","author":"hoymercedes","date":"11 junio, 2015","format":false,"excerpt":"El gerente regional de la ANSES y presidente del bloque de concejales del Frente Mercedino para la Victoria, Juan Ignacio Ustarroz, encabez\u00f3 un acto en la localidad bonaerense de Ca\u00f1uelas junto con el director ejecutivo del organismo, Diego Bossio, con quien entreg\u00f3 certificados de cr\u00e9ditos del PROCREAR a familias locales,\u2026","rel":"","context":"En \u00abCiudad\u00bb","block_context":{"text":"Ciudad","link":"https:\/\/www.hoymercedes.com.ar\/principal\/category\/ciudad\/"},"img":{"alt_text":"","src":"https:\/\/i0.wp.com\/www.hoymercedes.com.ar\/principal\/wp-content\/uploads\/2015\/06\/ustarroz-ca%C3%B1uelas.jpg?resize=350%2C200&ssl=1","width":350,"height":200,"srcset":"https:\/\/i0.wp.com\/www.hoymercedes.com.ar\/principal\/wp-content\/uploads\/2015\/06\/ustarroz-ca%C3%B1uelas.jpg?resize=350%2C200&ssl=1 1x, https:\/\/i0.wp.com\/www.hoymercedes.com.ar\/principal\/wp-content\/uploads\/2015\/06\/ustarroz-ca%C3%B1uelas.jpg?resize=525%2C300&ssl=1 1.5x"},"classes":[]}],"_links":{"self":[{"href":"https:\/\/www.hoymercedes.com.ar\/principal\/wp-json\/wp\/v2\/posts\/39978","targetHints":{"allow":["GET"]}}],"collection":[{"href":"https:\/\/www.hoymercedes.com.ar\/principal\/wp-json\/wp\/v2\/posts"}],"about":[{"href":"https:\/\/www.hoymercedes.com.ar\/principal\/wp-json\/wp\/v2\/types\/post"}],"author":[{"embeddable":true,"href":"https:\/\/www.hoymercedes.com.ar\/principal\/wp-json\/wp\/v2\/users\/1"}],"replies":[{"embeddable":true,"href":"https:\/\/www.hoymercedes.com.ar\/principal\/wp-json\/wp\/v2\/comments?post=39978"}],"version-history":[{"count":0,"href":"https:\/\/www.hoymercedes.com.ar\/principal\/wp-json\/wp\/v2\/posts\/39978\/revisions"}],"wp:attachment":[{"href":"https:\/\/www.hoymercedes.com.ar\/principal\/wp-json\/wp\/v2\/media?parent=39978"}],"wp:term":[{"taxonomy":"category","embeddable":true,"href":"https:\/\/www.hoymercedes.com.ar\/principal\/wp-json\/wp\/v2\/categories?post=39978"},{"taxonomy":"post_tag","embeddable":true,"href":"https:\/\/www.hoymercedes.com.ar\/principal\/wp-json\/wp\/v2\/tags?post=39978"}],"curies":[{"name":"wp","href":"https:\/\/api.w.org\/{rel}","templated":true}]}}