{"id":39988,"date":"2015-03-08T21:04:06","date_gmt":"2015-03-09T00:04:06","guid":{"rendered":"http:\/\/www.hoymercedes.com.ar\/principal\/?p=39988"},"modified":"2015-03-08T21:04:06","modified_gmt":"2015-03-09T00:04:06","slug":"el-barrio-favaloro-muy-pronto-entregaran-viviendas-faltantes","status":"publish","type":"post","link":"https:\/\/www.hoymercedes.com.ar\/principal\/2015\/03\/08\/el-barrio-favaloro-muy-pronto-entregaran-viviendas-faltantes\/","title":{"rendered":"El Barrio Favaloro, muy pronto entregar\u00e1n viviendas faltantes"},"content":{"rendered":"<p><a href=\"https:\/\/www.hoymercedes.com.ar\/principal\/wp-content\/uploads\/2015\/03\/Salomone-Gustavo.jpg\"><img loading=\"lazy\" decoding=\"async\" data-attachment-id=\"39989\" data-permalink=\"https:\/\/www.hoymercedes.com.ar\/principal\/2015\/03\/08\/el-barrio-favaloro-muy-pronto-entregaran-viviendas-faltantes\/sanyo-digital-camera-31\/#main\" data-orig-file=\"https:\/\/www.hoymercedes.com.ar\/principal\/wp-content\/uploads\/2015\/03\/Salomone-Gustavo.jpg\" data-orig-size=\"620,216\" data-comments-opened=\"1\" data-image-meta=\"{&quot;aperture&quot;:&quot;2.8&quot;,&quot;credit&quot;:&quot;&quot;,&quot;camera&quot;:&quot;S770&quot;,&quot;caption&quot;:&quot;&quot;,&quot;created_timestamp&quot;:&quot;1202949894&quot;,&quot;copyright&quot;:&quot;&quot;,&quot;focal_length&quot;:&quot;5.8&quot;,&quot;iso&quot;:&quot;200&quot;,&quot;shutter_speed&quot;:&quot;0.025&quot;,&quot;title&quot;:&quot;SANYO DIGITAL CAMERA&quot;,&quot;orientation&quot;:&quot;0&quot;}\" data-image-title=\"SANYO DIGITAL CAMERA\" data-image-description=\"\" data-image-caption=\"\" data-large-file=\"https:\/\/www.hoymercedes.com.ar\/principal\/wp-content\/uploads\/2015\/03\/Salomone-Gustavo.jpg\" class=\"Img2014 aligncenter wp-image-39989 size-full\" title=\"Gustavo Salomone, Barrio Favaloro, Mercedes Obras P\u00fablicas\" src=\"https:\/\/www.hoymercedes.com.ar\/principal\/wp-content\/uploads\/2015\/03\/Salomone-Gustavo.jpg\" alt=\"SANYO DIGITAL CAMERA\" width=\"620\" height=\"216\" \/><\/a><\/p>\n<p><em><strong>El barrio Favaloro contin\u00fao su avance y est\u00e1 punto a finalizar plenamente. Las \u00faltimas obras de red de agua interna y externa, las mejoras el\u00e9ctricas y los trabajos construcci\u00f3n permiten que muy pronto se d\u00e9 por finalizada la obra.<\/strong><\/em><\/p>\n<p>La tan deseada finalizaci\u00f3n ser\u00e1 una realidad en \u00e9ste 2015. Al respecto y explicando avances y obras dialog\u00f3 con nuestro medio el Secretario de Obras P\u00fablicas, ingeniero Gustavo Salomone expres\u00f3: \u201cEs inminente la entrega de las restantes casas del barrio Ren\u00e9 Favaloro. En estos \u00faltimos tiempos se fueron culminando las casas que estaban sin terminar en el barrio Favaloro. Adem\u00e1s ya se ha construido la red troncal de agua potable propia del barrio, y la red de alimentaci\u00f3n de agua corriente construida en los \u00faltimos meses por Acceso Manuel San Martin desde calle 110 a 136 con la ejecuci\u00f3n de 2 pozos de extracci\u00f3n de agua.\u201d<\/p>\n<p>Con el claro deseo de que pronto se terminen las obras y las familias que restan vivan tal como desde el momento de la adjudicaci\u00f3n expres\u00f3 que: \u201cEn esta semana se han comenzado con las obras de electrificaci\u00f3n para las casas a entregar a los beneficiarios del plan por parte de la contratista.\u201d<\/p>\n<p>&nbsp;<\/p>\n<p>&nbsp;<\/p>\n","protected":false},"excerpt":{"rendered":"<p>El barrio Favaloro contin\u00fao su avance y est\u00e1 punto a finalizar plenamente. Las \u00faltimas obras de red de agua interna &#8230; <a title=\"El Barrio Favaloro, muy pronto entregar\u00e1n viviendas faltantes\" class=\"read-more\" href=\"https:\/\/www.hoymercedes.com.ar\/principal\/2015\/03\/08\/el-barrio-favaloro-muy-pronto-entregaran-viviendas-faltantes\/\" aria-label=\"Leer m\u00e1s sobre El Barrio Favaloro, muy pronto entregar\u00e1n viviendas faltantes\">Leer m\u00e1s<\/a><\/p>\n","protected":false},"author":1,"featured_media":0,"comment_status":"open","ping_status":"open","sticky":false,"template":"","format":"standard","meta":{"_monsterinsights_skip_tracking":false,"_monsterinsights_sitenote_active":false,"_monsterinsights_sitenote_note":"","_monsterinsights_sitenote_category":0,"jetpack_post_was_ever_published":false,"_jetpack_newsletter_access":"","_jetpack_dont_email_post_to_subs":false,"_jetpack_newsletter_tier_id":0,"_jetpack_memberships_contains_paywalled_content":false,"_jetpack_memberships_contains_paid_content":false,"footnotes":"","jetpack_publicize_message":"","jetpack_publicize_feature_enabled":true,"jetpack_social_post_already_shared":true,"jetpack_social_options":{"image_generator_settings":{"template":"highway","default_image_id":0,"font":"","enabled":false},"version":2},"_wpas_customize_per_network":false},"categories":[30],"tags":[2063,229,7016],"class_list":["post-39988","post","type-post","status-publish","format-standard","hentry","category-municipio","tag-barrio-favaloro","tag-gustavo-salomone","tag-mercedes-obras-publicas","generate-columns","tablet-grid-50","mobile-grid-100","grid-parent","grid-50"],"jetpack_publicize_connections":[],"jetpack_featured_media_url":"","wps_subtitle":"Obras P\u00fablicas","jetpack_sharing_enabled":true,"_links":{"self":[{"href":"https:\/\/www.hoymercedes.com.ar\/principal\/wp-json\/wp\/v2\/posts\/39988","targetHints":{"allow":["GET"]}}],"collection":[{"href":"https:\/\/www.hoymercedes.com.ar\/principal\/wp-json\/wp\/v2\/posts"}],"about":[{"href":"https:\/\/www.hoymercedes.com.ar\/principal\/wp-json\/wp\/v2\/types\/post"}],"author":[{"embeddable":true,"href":"https:\/\/www.hoymercedes.com.ar\/principal\/wp-json\/wp\/v2\/users\/1"}],"replies":[{"embeddable":true,"href":"https:\/\/www.hoymercedes.com.ar\/principal\/wp-json\/wp\/v2\/comments?post=39988"}],"version-history":[{"count":0,"href":"https:\/\/www.hoymercedes.com.ar\/principal\/wp-json\/wp\/v2\/posts\/39988\/revisions"}],"wp:attachment":[{"href":"https:\/\/www.hoymercedes.com.ar\/principal\/wp-json\/wp\/v2\/media?parent=39988"}],"wp:term":[{"taxonomy":"category","embeddable":true,"href":"https:\/\/www.hoymercedes.com.ar\/principal\/wp-json\/wp\/v2\/categories?post=39988"},{"taxonomy":"post_tag","embeddable":true,"href":"https:\/\/www.hoymercedes.com.ar\/principal\/wp-json\/wp\/v2\/tags?post=39988"}],"curies":[{"name":"wp","href":"https:\/\/api.w.org\/{rel}","templated":true}]}}