{"id":40010,"date":"2015-03-09T13:48:04","date_gmt":"2015-03-09T16:48:04","guid":{"rendered":"http:\/\/www.hoymercedes.com.ar\/principal\/?p=40010"},"modified":"2015-03-09T22:01:38","modified_gmt":"2015-03-10T01:01:38","slug":"selva-firmo-convenio-con-universidad-siglo-21","status":"publish","type":"post","link":"https:\/\/www.hoymercedes.com.ar\/principal\/2015\/03\/09\/selva-firmo-convenio-con-universidad-siglo-21\/","title":{"rendered":"Selva firm\u00f3 convenio con Universidad Siglo 21"},"content":{"rendered":"<p>&nbsp;<\/p>\n<p><a href=\"https:\/\/www.hoymercedes.com.ar\/principal\/wp-content\/uploads\/2015\/03\/CAM03904.jpg\"><img loading=\"lazy\" decoding=\"async\" data-attachment-id=\"40014\" data-permalink=\"https:\/\/www.hoymercedes.com.ar\/principal\/2015\/03\/09\/selva-firmo-convenio-con-universidad-siglo-21\/cam03904\/#main\" data-orig-file=\"https:\/\/www.hoymercedes.com.ar\/principal\/wp-content\/uploads\/2015\/03\/CAM03904.jpg\" data-orig-size=\"620,278\" data-comments-opened=\"1\" data-image-meta=\"{&quot;aperture&quot;:&quot;2.8&quot;,&quot;credit&quot;:&quot;&quot;,&quot;camera&quot;:&quot;LG-E451g&quot;,&quot;caption&quot;:&quot;&quot;,&quot;created_timestamp&quot;:&quot;1425900365&quot;,&quot;copyright&quot;:&quot;&quot;,&quot;focal_length&quot;:&quot;3.5&quot;,&quot;iso&quot;:&quot;307&quot;,&quot;shutter_speed&quot;:&quot;0.060007&quot;,&quot;title&quot;:&quot;&quot;,&quot;orientation&quot;:&quot;0&quot;}\" data-image-title=\"CAM03904\" data-image-description=\"\" data-image-caption=\"\" data-large-file=\"https:\/\/www.hoymercedes.com.ar\/principal\/wp-content\/uploads\/2015\/03\/CAM03904.jpg\" class=\"aligncenter size-full wp-image-40014\" src=\"https:\/\/www.hoymercedes.com.ar\/principal\/wp-content\/uploads\/2015\/03\/CAM03904.jpg\" alt=\"CAM03904\" width=\"620\" height=\"278\" \/><\/a><\/p>\n<p><em><strong>El intendente Carlos Selva firm\u00f3 junto a representantes de la Universidad Siglo 21 un convenio por medio del cual se otorgar\u00e1n beneficios a los empleados municipales que deseen efectuar estudios en dicha instituci\u00f3n de educaci\u00f3n privada que cuenta con una sucursal en Mercedes<\/strong><\/em>.<\/p>\n<p>\u201cEs un avance m\u00e1s en materia educativa. Es una articulaci\u00f3n institucional donde el convenio marco que busca consolidad el v\u00ednculo de la Municipalidad con la Universidad Siglo 21 posibilit\u00e1ndole a los trabajadores municipales un descuento importante que se consolidar\u00e1 para los que est\u00e9n cursando materias dentro de la universidad y si se llega a un determinado cupo la posibilidad de dar becas. Lo m\u00e1s importante de mi parte es que es un paso m\u00e1s donde articulamos la oferta educativa de la ciudad donde el municipio se ha involucrado, con la UNLu y la UBA, d\u00e1ndole m\u00e1s perspectiva y crecimiento a la oferta universitaria\u201d<img loading=\"lazy\" decoding=\"async\" data-attachment-id=\"40011\" data-permalink=\"https:\/\/www.hoymercedes.com.ar\/principal\/2015\/03\/09\/selva-firmo-convenio-con-universidad-siglo-21\/selva-siglo21\/#main\" data-orig-file=\"https:\/\/www.hoymercedes.com.ar\/principal\/wp-content\/uploads\/2015\/03\/selva-siglo21.jpg\" data-orig-size=\"620,306\" data-comments-opened=\"1\" data-image-meta=\"{&quot;aperture&quot;:&quot;0&quot;,&quot;credit&quot;:&quot;&quot;,&quot;camera&quot;:&quot;&quot;,&quot;caption&quot;:&quot;&quot;,&quot;created_timestamp&quot;:&quot;0&quot;,&quot;copyright&quot;:&quot;&quot;,&quot;focal_length&quot;:&quot;0&quot;,&quot;iso&quot;:&quot;0&quot;,&quot;shutter_speed&quot;:&quot;0&quot;,&quot;title&quot;:&quot;&quot;,&quot;orientation&quot;:&quot;0&quot;}\" data-image-title=\"selva-siglo21\" data-image-description=\"\" data-image-caption=\"\" data-large-file=\"https:\/\/www.hoymercedes.com.ar\/principal\/wp-content\/uploads\/2015\/03\/selva-siglo21.jpg\" class=\"Img2014 aligncenter wp-image-40011 size-full\" title=\"Municipalidad de Mercedes, educaci\u00f3n, universidad siglo 21\" src=\"https:\/\/www.hoymercedes.com.ar\/principal\/wp-content\/uploads\/2015\/03\/selva-siglo21.jpg\" alt=\"selva-siglo21\" width=\"620\" height=\"306\" \/><\/p>\n<p>Eugenia Giannini, Directora Regional Buenos Aires Universidad Siglo 21, expres\u00f3: \u201cpara nosotros es muy importante llegar a los municipios. Sabemos de la importancia que tiene porque los resultados son inmediatos. Nosotros contamos con 250 centros en todo el pa\u00eds. En este caso que los municipales puedan estudiar y recibirse en nuestro Centro de Mercedes es muy valioso. Tendr\u00e1n un descuento y poder acceder a una beca llegado un n\u00famero determinados es un gran oportunidad para todos y en este sentido con una modalidad que se ajusta al que trabaja y tiene y desea estudiar y poseer un t\u00edtulo de grado\u201d<\/p>\n<p>\u201cEstamos evaluando cursos de capacitaci\u00f3n para el personal en oferta acad\u00e9mica de la Universidad dentro de las acciones de la oficina de empleo as\u00ed que en ese marco avanzamos tambi\u00e9n\u201d, coment\u00f3 Selva a la vez que record\u00f3 que incluso convers\u00f3 con la UNLu la posibilidad de capacitar personal en t\u00e9rminos de administraci\u00f3n p\u00fablica.<\/p>\n<p>Los representantes informaron que cuentan con cerraras de grado y pre grado. \u00abLas primeras son Abogac\u00eda, Recursos Humanos y Administraci\u00f3n y luego las de pre grado cortas con dos a\u00f1os promedio de duraci\u00f3n que son Martillero P\u00fablico, Equipos de Venta, y las Licenciaturas Escenas del Crimen y Administraci\u00f3n P\u00fablica como novedades a implementarse \u00e9ste a\u00f1o. Las modalidades son a distancia.\u00bb remarc\u00f3 Germ\u00e1n Molinari, responsable local del espacio universitario.<\/p>\n<p>En el encuentro encabezado por Carlos Selva estuvo la mencionada Directora Regional de la Universidad, Eugenia Giannini, los representantes locales Germ\u00e1n Molinari y Alejandra Tempesta, Carolina Galeano por la Oficina de Empleo Municipal, el Coordinador de Educaci\u00f3n Fernando Pachiani y la responsable del Centro Regional Universitario Mercedes.<\/p>\n<p>&nbsp;<\/p>\n<p>&nbsp;<\/p>\n<p>&nbsp;<\/p>\n","protected":false},"excerpt":{"rendered":"<p>&nbsp; El intendente Carlos Selva firm\u00f3 junto a representantes de la Universidad Siglo 21 un convenio por medio del cual &#8230; <a title=\"Selva firm\u00f3 convenio con Universidad Siglo 21\" class=\"read-more\" href=\"https:\/\/www.hoymercedes.com.ar\/principal\/2015\/03\/09\/selva-firmo-convenio-con-universidad-siglo-21\/\" aria-label=\"Leer m\u00e1s sobre Selva firm\u00f3 convenio con Universidad Siglo 21\">Leer m\u00e1s<\/a><\/p>\n","protected":false},"author":1,"featured_media":0,"comment_status":"open","ping_status":"open","sticky":false,"template":"","format":"standard","meta":{"_monsterinsights_skip_tracking":false,"_monsterinsights_sitenote_active":false,"_monsterinsights_sitenote_note":"","_monsterinsights_sitenote_category":0,"jetpack_post_was_ever_published":false,"_jetpack_newsletter_access":"","_jetpack_dont_email_post_to_subs":false,"_jetpack_newsletter_tier_id":0,"_jetpack_memberships_contains_paywalled_content":false,"_jetpack_memberships_contains_paid_content":false,"footnotes":"","jetpack_publicize_message":"","jetpack_publicize_feature_enabled":true,"jetpack_social_post_already_shared":true,"jetpack_social_options":{"image_generator_settings":{"template":"highway","default_image_id":0,"font":"","enabled":false},"version":2},"_wpas_customize_per_network":false},"categories":[23],"tags":[47,197,7021],"class_list":["post-40010","post","type-post","status-publish","format-standard","hentry","category-educacion","tag-educacion-2","tag-municipalidad-de-mercedes","tag-universidad-siglo-21","generate-columns","tablet-grid-50","mobile-grid-100","grid-parent","grid-50"],"jetpack_publicize_connections":[],"jetpack_featured_media_url":"","wps_subtitle":"Descuento a municipales","jetpack_sharing_enabled":true,"_links":{"self":[{"href":"https:\/\/www.hoymercedes.com.ar\/principal\/wp-json\/wp\/v2\/posts\/40010","targetHints":{"allow":["GET"]}}],"collection":[{"href":"https:\/\/www.hoymercedes.com.ar\/principal\/wp-json\/wp\/v2\/posts"}],"about":[{"href":"https:\/\/www.hoymercedes.com.ar\/principal\/wp-json\/wp\/v2\/types\/post"}],"author":[{"embeddable":true,"href":"https:\/\/www.hoymercedes.com.ar\/principal\/wp-json\/wp\/v2\/users\/1"}],"replies":[{"embeddable":true,"href":"https:\/\/www.hoymercedes.com.ar\/principal\/wp-json\/wp\/v2\/comments?post=40010"}],"version-history":[{"count":0,"href":"https:\/\/www.hoymercedes.com.ar\/principal\/wp-json\/wp\/v2\/posts\/40010\/revisions"}],"wp:attachment":[{"href":"https:\/\/www.hoymercedes.com.ar\/principal\/wp-json\/wp\/v2\/media?parent=40010"}],"wp:term":[{"taxonomy":"category","embeddable":true,"href":"https:\/\/www.hoymercedes.com.ar\/principal\/wp-json\/wp\/v2\/categories?post=40010"},{"taxonomy":"post_tag","embeddable":true,"href":"https:\/\/www.hoymercedes.com.ar\/principal\/wp-json\/wp\/v2\/tags?post=40010"}],"curies":[{"name":"wp","href":"https:\/\/api.w.org\/{rel}","templated":true}]}}