{"id":40030,"date":"2015-03-10T09:32:16","date_gmt":"2015-03-10T12:32:16","guid":{"rendered":"http:\/\/www.hoymercedes.com.ar\/principal\/?p=40030"},"modified":"2015-03-10T09:32:16","modified_gmt":"2015-03-10T12:32:16","slug":"roban-en-comercio-centrico-tecno-max-durante-madrugada","status":"publish","type":"post","link":"https:\/\/www.hoymercedes.com.ar\/principal\/2015\/03\/10\/roban-en-comercio-centrico-tecno-max-durante-madrugada\/","title":{"rendered":"Roban en comercio c\u00e9ntrico \u201cTecno Max\u201d durante madrugada"},"content":{"rendered":"<p><a href=\"https:\/\/www.hoymercedes.com.ar\/principal\/wp-content\/uploads\/2015\/03\/TecnoMax-I.jpg\"><img loading=\"lazy\" decoding=\"async\" data-attachment-id=\"40031\" data-permalink=\"https:\/\/www.hoymercedes.com.ar\/principal\/2015\/03\/10\/roban-en-comercio-centrico-tecno-max-durante-madrugada\/tecnomax-i\/#main\" data-orig-file=\"https:\/\/www.hoymercedes.com.ar\/principal\/wp-content\/uploads\/2015\/03\/TecnoMax-I.jpg\" data-orig-size=\"620,827\" data-comments-opened=\"1\" data-image-meta=\"{&quot;aperture&quot;:&quot;0&quot;,&quot;credit&quot;:&quot;&quot;,&quot;camera&quot;:&quot;&quot;,&quot;caption&quot;:&quot;&quot;,&quot;created_timestamp&quot;:&quot;0&quot;,&quot;copyright&quot;:&quot;&quot;,&quot;focal_length&quot;:&quot;0&quot;,&quot;iso&quot;:&quot;0&quot;,&quot;shutter_speed&quot;:&quot;0&quot;,&quot;title&quot;:&quot;&quot;,&quot;orientation&quot;:&quot;0&quot;}\" data-image-title=\"TecnoMax-I\" data-image-description=\"\" data-image-caption=\"\" data-large-file=\"https:\/\/www.hoymercedes.com.ar\/principal\/wp-content\/uploads\/2015\/03\/TecnoMax-I.jpg\" class=\"Img2014 aligncenter wp-image-40031 size-full\" src=\"https:\/\/www.hoymercedes.com.ar\/principal\/wp-content\/uploads\/2015\/03\/TecnoMax-I.jpg\" alt=\"TecnoMax-I\" width=\"620\" height=\"827\" srcset=\"https:\/\/www.hoymercedes.com.ar\/principal\/wp-content\/uploads\/2015\/03\/TecnoMax-I.jpg 620w, https:\/\/www.hoymercedes.com.ar\/principal\/wp-content\/uploads\/2015\/03\/TecnoMax-I-465x620.jpg 465w\" sizes=\"auto, (max-width: 620px) 100vw, 620px\" \/><\/a><\/p>\n<p><em><strong>Durante la madrugada de \u00e9ste martes se produjo un il\u00edcito en el comercio c\u00e9ntrico \u201cTecno Max\u201d. Una instancia poco habitual, por el hecho y la modalidad. Se presume fue el robo entre las 5.00hs y 6.00hs. Actu\u00f3 la polic\u00eda cient\u00edfica. El comercio abri\u00f3 con normalidad a pesar de las roturas<\/strong><\/em><\/p>\n<p>Desde muy temprano actu\u00f3 la polic\u00eda local en el comercio ubicado en la esquina de 20 y 25. Dedicado a la venta de electrodom\u00e9sticos y productos para el hogar.<\/p>\n<p>Las rejas de la vidriera de calle 25 expusieron el intento de rotura que, como no lograron entrar por ah\u00ed, rompieron e ingresaron por calle 20 donde lograron doblegar el enrejado y romper vidrios.<\/p>\n<p>La polic\u00eda cient\u00edfica efectu\u00f3 tareas de investigaci\u00f3n y observaci\u00f3n del estado de situaci\u00f3n.<\/p>\n<p>No hubo, a primeras horas de \u00e9ste martes, un balance final de lo que se llevaron los delincuentes. Se sospecha no fue mucho dado que es un lugar en que deber\u00edan actuar r\u00e1pido.<\/p>\n<p>Tras el il\u00edcito se gener\u00f3 el normal proceso investigativo de la polic\u00eda y la justicia. Se har\u00e1 una visualizaci\u00f3n de las c\u00e1maras de seguridad del lugar y de la zona dado que siendo una zona comercial se sabe que hay muchas c\u00e1maras en comercios vecinos.<img loading=\"lazy\" decoding=\"async\" data-attachment-id=\"40032\" data-permalink=\"https:\/\/www.hoymercedes.com.ar\/principal\/2015\/03\/10\/roban-en-comercio-centrico-tecno-max-durante-madrugada\/tecnomax-ii\/#main\" data-orig-file=\"https:\/\/www.hoymercedes.com.ar\/principal\/wp-content\/uploads\/2015\/03\/TecnoMax-II.jpg\" data-orig-size=\"697,523\" data-comments-opened=\"1\" data-image-meta=\"{&quot;aperture&quot;:&quot;0&quot;,&quot;credit&quot;:&quot;&quot;,&quot;camera&quot;:&quot;&quot;,&quot;caption&quot;:&quot;&quot;,&quot;created_timestamp&quot;:&quot;0&quot;,&quot;copyright&quot;:&quot;&quot;,&quot;focal_length&quot;:&quot;0&quot;,&quot;iso&quot;:&quot;0&quot;,&quot;shutter_speed&quot;:&quot;0&quot;,&quot;title&quot;:&quot;&quot;,&quot;orientation&quot;:&quot;0&quot;}\" data-image-title=\"TecnoMax-II\" data-image-description=\"\" data-image-caption=\"\" data-large-file=\"https:\/\/www.hoymercedes.com.ar\/principal\/wp-content\/uploads\/2015\/03\/TecnoMax-II.jpg\" class=\"Img2014 aligncenter wp-image-40032 size-medium\" src=\"https:\/\/www.hoymercedes.com.ar\/principal\/wp-content\/uploads\/2015\/03\/TecnoMax-II-630x473.jpg\" alt=\"TecnoMax-II\" width=\"630\" height=\"473\" srcset=\"https:\/\/www.hoymercedes.com.ar\/principal\/wp-content\/uploads\/2015\/03\/TecnoMax-II-630x473.jpg 630w, https:\/\/www.hoymercedes.com.ar\/principal\/wp-content\/uploads\/2015\/03\/TecnoMax-II.jpg 697w\" sizes=\"auto, (max-width: 630px) 100vw, 630px\" \/><\/p>\n<p>&nbsp;<\/p>\n<p>&nbsp;<\/p>\n<p>&nbsp;<\/p>\n<p>&nbsp;<\/p>\n<p>&nbsp;<\/p>\n","protected":false},"excerpt":{"rendered":"<p>Durante la madrugada de \u00e9ste martes se produjo un il\u00edcito en el comercio c\u00e9ntrico \u201cTecno Max\u201d. Una instancia poco habitual, &#8230; <a title=\"Roban en comercio c\u00e9ntrico \u201cTecno Max\u201d durante madrugada\" class=\"read-more\" href=\"https:\/\/www.hoymercedes.com.ar\/principal\/2015\/03\/10\/roban-en-comercio-centrico-tecno-max-durante-madrugada\/\" aria-label=\"Leer m\u00e1s sobre Roban en comercio c\u00e9ntrico \u201cTecno Max\u201d durante madrugada\">Leer m\u00e1s<\/a><\/p>\n","protected":false},"author":1,"featured_media":0,"comment_status":"open","ping_status":"open","sticky":false,"template":"","format":"standard","meta":{"_monsterinsights_skip_tracking":false,"_monsterinsights_sitenote_active":false,"_monsterinsights_sitenote_note":"","_monsterinsights_sitenote_category":0,"jetpack_post_was_ever_published":false,"_jetpack_newsletter_access":"","_jetpack_dont_email_post_to_subs":false,"_jetpack_newsletter_tier_id":0,"_jetpack_memberships_contains_paywalled_content":false,"_jetpack_memberships_contains_paid_content":false,"footnotes":"","jetpack_publicize_message":"","jetpack_publicize_feature_enabled":true,"jetpack_social_post_already_shared":true,"jetpack_social_options":{"image_generator_settings":{"template":"highway","default_image_id":0,"font":"","enabled":false},"version":2},"_wpas_customize_per_network":false},"categories":[85],"tags":[7024,7023,666],"class_list":["post-40030","post","type-post","status-publish","format-standard","hentry","category-policial","tag-robo-centro","tag-robo-tecnomax","tag-robos-mercedes","generate-columns","tablet-grid-50","mobile-grid-100","grid-parent","grid-50"],"jetpack_publicize_connections":[],"jetpack_featured_media_url":"","wps_subtitle":"Radio c\u00e9ntrico","jetpack_sharing_enabled":true,"_links":{"self":[{"href":"https:\/\/www.hoymercedes.com.ar\/principal\/wp-json\/wp\/v2\/posts\/40030","targetHints":{"allow":["GET"]}}],"collection":[{"href":"https:\/\/www.hoymercedes.com.ar\/principal\/wp-json\/wp\/v2\/posts"}],"about":[{"href":"https:\/\/www.hoymercedes.com.ar\/principal\/wp-json\/wp\/v2\/types\/post"}],"author":[{"embeddable":true,"href":"https:\/\/www.hoymercedes.com.ar\/principal\/wp-json\/wp\/v2\/users\/1"}],"replies":[{"embeddable":true,"href":"https:\/\/www.hoymercedes.com.ar\/principal\/wp-json\/wp\/v2\/comments?post=40030"}],"version-history":[{"count":0,"href":"https:\/\/www.hoymercedes.com.ar\/principal\/wp-json\/wp\/v2\/posts\/40030\/revisions"}],"wp:attachment":[{"href":"https:\/\/www.hoymercedes.com.ar\/principal\/wp-json\/wp\/v2\/media?parent=40030"}],"wp:term":[{"taxonomy":"category","embeddable":true,"href":"https:\/\/www.hoymercedes.com.ar\/principal\/wp-json\/wp\/v2\/categories?post=40030"},{"taxonomy":"post_tag","embeddable":true,"href":"https:\/\/www.hoymercedes.com.ar\/principal\/wp-json\/wp\/v2\/tags?post=40030"}],"curies":[{"name":"wp","href":"https:\/\/api.w.org\/{rel}","templated":true}]}}