{"id":40061,"date":"2015-03-12T00:10:29","date_gmt":"2015-03-12T03:10:29","guid":{"rendered":"http:\/\/www.hoymercedes.com.ar\/principal\/?p=40061"},"modified":"2015-03-12T00:10:29","modified_gmt":"2015-03-12T03:10:29","slug":"se-lanzo-socialismo-para-la-victoria-con-buena-asistencia-y-visitas-nacionales","status":"publish","type":"post","link":"https:\/\/www.hoymercedes.com.ar\/principal\/2015\/03\/12\/se-lanzo-socialismo-para-la-victoria-con-buena-asistencia-y-visitas-nacionales\/","title":{"rendered":"Se lanz\u00f3 \u201cSocialismo para la Victoria\u201d con Buena asistencia y visitas nacionales"},"content":{"rendered":"<p><a href=\"https:\/\/www.hoymercedes.com.ar\/principal\/wp-content\/uploads\/2015\/03\/SocialismoParalaVictoria.MercedesDSCN07791.jpg\"><img loading=\"lazy\" decoding=\"async\" data-attachment-id=\"40062\" data-permalink=\"https:\/\/www.hoymercedes.com.ar\/principal\/2015\/03\/12\/se-lanzo-socialismo-para-la-victoria-con-buena-asistencia-y-visitas-nacionales\/socialismoparalavictoria-mercedesdscn0779-2\/#main\" data-orig-file=\"https:\/\/www.hoymercedes.com.ar\/principal\/wp-content\/uploads\/2015\/03\/SocialismoParalaVictoria.MercedesDSCN07791.jpg\" data-orig-size=\"620,465\" data-comments-opened=\"1\" data-image-meta=\"{&quot;aperture&quot;:&quot;4.7&quot;,&quot;credit&quot;:&quot;&quot;,&quot;camera&quot;:&quot;COOLPIX L310&quot;,&quot;caption&quot;:&quot;&quot;,&quot;created_timestamp&quot;:&quot;1426187298&quot;,&quot;copyright&quot;:&quot;&quot;,&quot;focal_length&quot;:&quot;23.2&quot;,&quot;iso&quot;:&quot;400&quot;,&quot;shutter_speed&quot;:&quot;0.01&quot;,&quot;title&quot;:&quot;&quot;,&quot;orientation&quot;:&quot;0&quot;}\" data-image-title=\"SocialismoParalaVictoria.MercedesDSCN0779\" data-image-description=\"\" data-image-caption=\"\" data-large-file=\"https:\/\/www.hoymercedes.com.ar\/principal\/wp-content\/uploads\/2015\/03\/SocialismoParalaVictoria.MercedesDSCN07791.jpg\" class=\"Img2014 aligncenter wp-image-40062 size-full\" src=\"https:\/\/www.hoymercedes.com.ar\/principal\/wp-content\/uploads\/2015\/03\/SocialismoParalaVictoria.MercedesDSCN07791.jpg\" alt=\"SocialismoParalaVictoria.MercedesDSCN0779\" width=\"620\" height=\"465\" \/><\/a><\/p>\n<p>&nbsp;<\/p>\n<p>En el \u00e1mbito de \u201cCasa del Pueblo\u201d se concret\u00f3 el lanzamiento de Socialismo para la Victoria\u201d, con presentaci\u00f3n de libro, discursos, relatos, an\u00e9cdotas, historia de la casa, buen marco de p\u00fablico y dirigentes pol\u00edticos. Las palabras de apertura estuvieron a cargo de su m\u00e1ximo referente local, Jos\u00e9 Lu\u00eds Pisano.<\/p>\n<p>Jos\u00e9 Lu\u00eds Pisano expres\u00f3 al inicio algunas de las ideas que los llev\u00f3 a tomar la decisi\u00f3n pol\u00edtica de que el Socialismo local, al menos una parte del mismo, se encolumne firmemente en el \u201cSocialismo para la Victoria\u201d. El dirigente afirm\u00f3: \u201cDesde hace rato un grupo de compa\u00f1eros venimos trabajando y luchando para la conformaci\u00f3n de un frente pol\u00edtico que levante las banderas hist\u00f3ricas del campo popular y en ese marco fuimos realizando un mont\u00f3n de frentes electorales que ca\u00edan al otro d\u00eda de realizada la elecci\u00f3n y que nunca pudimos continuar trabajando en el marco del desarrollo de una pol\u00edtica militante. A partir de inclinaciones de dirigentes que nos representaban nos fueron obligando a modificar nuestras estrategias hasta el a\u00f1o pasado que fue el momento culmine donde con un conjunto de compa\u00f1eros decidimos renunciar a la afiliaci\u00f3n del Partido Socialista, incluso tras much\u00edsimos a\u00f1os, por las declaraciones y acciones de sus dirigentes. Tras la renuncia surge el debate interno de c\u00f3mo continuar y encarar. Si bien no es una multitud la militancia de Casa del Pueblo se dio un debate ideol\u00f3gico, pol\u00edtico y llegamos a la conclusi\u00f3n de que no est\u00e1bamos de enfrente al gobierno, sino de enfrente al pueblo y eso hizo que repensemos todas nuestras estrategias y tomemos la decisi\u00f3n tan importante como es conformar el Socialismo para la Victoria en nuestra ciudad no s\u00f3lo porque ideol\u00f3gicamente nos contiene sino tambi\u00e9n porque tiene algunas de las funciones como la reivindicaci\u00f3n permanente de la ideolog\u00eda. Nos pusimos en contacto con el Frente Mercedino y nos pusimos de acuerdo en que es una posici\u00f3n cercana la de ambos. Nos alegra ver tanta alegr\u00eda, tanto orgullo militante. Venimos a proponer una idea, trabajo militante y cientos de compa\u00f1ero de nuestra ciudad por todo lo que falta. La militancia del Socialismo propone sobre lo que falta. Nos proponemos sumar para colectivamente construir todos los sue\u00f1os pendientes de nuestro pueblo\u201d, afirm\u00f3 entre otros conceptos Jos\u00e9 Lu\u00eds Pisano, m\u00e1ximo referente de Casa del Pueblo desde hace largos a\u00f1os en nuestra ciudad.<\/p>\n<p><a href=\"https:\/\/www.hoymercedes.com.ar\/principal\/wp-content\/uploads\/2015\/03\/SocialismoParalaVictoria.MercedesDSCN0785.jpg\"><img loading=\"lazy\" decoding=\"async\" data-attachment-id=\"40063\" data-permalink=\"https:\/\/www.hoymercedes.com.ar\/principal\/2015\/03\/12\/se-lanzo-socialismo-para-la-victoria-con-buena-asistencia-y-visitas-nacionales\/socialismoparalavictoria-mercedesdscn0785\/#main\" data-orig-file=\"https:\/\/www.hoymercedes.com.ar\/principal\/wp-content\/uploads\/2015\/03\/SocialismoParalaVictoria.MercedesDSCN0785.jpg\" data-orig-size=\"620,465\" data-comments-opened=\"1\" data-image-meta=\"{&quot;aperture&quot;:&quot;3.6&quot;,&quot;credit&quot;:&quot;&quot;,&quot;camera&quot;:&quot;COOLPIX L310&quot;,&quot;caption&quot;:&quot;&quot;,&quot;created_timestamp&quot;:&quot;1426188193&quot;,&quot;copyright&quot;:&quot;&quot;,&quot;focal_length&quot;:&quot;8.4&quot;,&quot;iso&quot;:&quot;400&quot;,&quot;shutter_speed&quot;:&quot;0.0166666666667&quot;,&quot;title&quot;:&quot;&quot;,&quot;orientation&quot;:&quot;0&quot;}\" data-image-title=\"SocialismoParalaVictoria.MercedesDSCN0785\" data-image-description=\"\" data-image-caption=\"\" data-large-file=\"https:\/\/www.hoymercedes.com.ar\/principal\/wp-content\/uploads\/2015\/03\/SocialismoParalaVictoria.MercedesDSCN0785.jpg\" class=\"Img2014 aligncenter wp-image-40063 size-full\" title=\"Socialismo para la victoria \" src=\"https:\/\/www.hoymercedes.com.ar\/principal\/wp-content\/uploads\/2015\/03\/SocialismoParalaVictoria.MercedesDSCN0785.jpg\" alt=\"SocialismoParalaVictoria.MercedesDSCN0785\" width=\"620\" height=\"465\" \/><\/a><\/p>\n<p>En la ocasi\u00f3n se present\u00f3 el libro \u201cAlfredo Palacios, el socialismo criollo\u201d, de Juan Carlos Coral quien record\u00f3 que a\u00f1os atr\u00e1s hab\u00eda estado en Mercedes y justamente en Casa del Pueblo, all\u00e1 \u201cpor 1958 para hablar en una campa\u00f1a electoral sobre la convenci\u00f3n constituyente del 57 y en ese acto habl\u00e9 y era una de las primeras veces que hablaba haciendo hincapi\u00e9 en el art\u00edculo 14 bis de la constituci\u00f3n\u201d. Aprovech\u00f3 la ocasi\u00f3n para dar los motivos porqu\u00e9 acompa\u00f1an al gobierno nacional, a pesar de que es parte de un modelo de gesti\u00f3n social, el capitalista, que no es el modelo al que adscribe el socialismo. Expres\u00f3 que \u201cen estos momento la violaci\u00f3n de las leyes laborales no son por las chicanas de la oligarqu\u00eda, sino por el trabajo en negro, los contratos que se crean y se denominan monotributistas, por la incorporaci\u00f3n como el caso de la telef\u00f3nica donde hay seis mil trabajadores donde se los pone en blanco, pero no se respetan las convenciones colectivas, entonces hay mil maneras, las mil cabezas del fraude laboral podr\u00edamos hablar\u201d, sostuvo como uno de los temas que en la actualidad deben atenderse y que: \u201cahora se enojan cuando se dice golpismo, diciendo que es una exageraci\u00f3n, pero hemos visto esa barbarie que es el impeliasmo y que se mantiene por la fuerza y la violencia con sus intereses en todo el mundo y ahora con Venezuela, con validez a todo el continente. (\u2026) es un conflicto de clases, a veces hay miedo de hablar de lucha de clases que no es un invento del socialismo, es realidad, es una lucha de intereses del trabajador con el patr\u00f3n y nos quieren hacer creer que todos somos iguales y es una aberraci\u00f3n\u201d. Sostuvo el autor del libro que en la ocasi\u00f3n se present\u00f3. A la hora de hablar del apoyo dentro del Socialismo a Fern\u00e1ndez de Kirchner manifest\u00f3 que si bien no son sectores id\u00e9nticos, sin embargo, dentro del marco actual es un gobierno que acat\u00f3 a sectores de poder d\u00e1ndole beneficios al a mayor\u00eda de la sociedad, al sector popular.<\/p>\n<p>Entre los presentes estuvieron entre las locuciones Guillermo Torremare y Oscar Gonzalez, referentes nacionales, junto a Jorge Rivas, del Socialismo para la Victoria.<\/p>\n<p>El patio de Casa Joven estuvo repleto de j\u00f3venes y viejos militantes, de remeras rojas y referentes pol\u00edticos locales, como Juan Ustarroz, Juan Pablo L\u00f3pez o Mat\u00edas Dematei, entre otros.<\/p>\n<p>Jos\u00e9 Lu\u00eds Pisano, por su parte, se ha convertido en la cara visible del espacio pol\u00edtico presentado, pero, pudo verse una cantidad de j\u00f3venes con sus insignias y remeras socialistas rojas y blancas, tradicionales como hace rato no se observaban.<\/p>\n<p><a href=\"https:\/\/www.hoymercedes.com.ar\/principal\/wp-content\/uploads\/2015\/03\/SocialismoParalaVictoria.MercedesDSCN0781.jpg\"><br \/>\n<\/a><\/p>\n<div class=\"tiled-gallery type-rectangular tiled-gallery-unresized\" data-original-width=\"1200\" data-carousel-extra='{&quot;blog_id&quot;:1,&quot;permalink&quot;:&quot;https:\\\/\\\/www.hoymercedes.com.ar\\\/principal\\\/2015\\\/03\\\/12\\\/se-lanzo-socialismo-para-la-victoria-con-buena-asistencia-y-visitas-nacionales\\\/&quot;,&quot;likes_blog_id&quot;:50631561}' itemscope itemtype=\"http:\/\/schema.org\/ImageGallery\" > <div class=\"gallery-row\" style=\"width: 1200px; height: 601px;\" data-original-width=\"1200\" data-original-height=\"601\" > <div class=\"gallery-group images-1\" style=\"width: 800px; height: 601px;\" data-original-width=\"800\" data-original-height=\"601\" > <div class=\"tiled-gallery-item tiled-gallery-item-large\" itemprop=\"associatedMedia\" itemscope itemtype=\"http:\/\/schema.org\/ImageObject\"> <a href=\"https:\/\/www.hoymercedes.com.ar\/principal\/2015\/03\/12\/se-lanzo-socialismo-para-la-victoria-con-buena-asistencia-y-visitas-nacionales\/socialismoparalavictoria-mercedesdscn0789\/#main\" border=\"0\" itemprop=\"url\"> <meta itemprop=\"width\" content=\"796\"> <meta itemprop=\"height\" content=\"597\"> <img decoding=\"async\" class=\"\" data-attachment-id=\"40069\" data-orig-file=\"https:\/\/www.hoymercedes.com.ar\/principal\/wp-content\/uploads\/2015\/03\/SocialismoParalaVictoria.MercedesDSCN0789.jpg\" data-orig-size=\"620,465\" data-comments-opened=\"1\" data-image-meta=\"{&quot;aperture&quot;:&quot;4.7&quot;,&quot;credit&quot;:&quot;&quot;,&quot;camera&quot;:&quot;COOLPIX L310&quot;,&quot;caption&quot;:&quot;&quot;,&quot;created_timestamp&quot;:&quot;1426188344&quot;,&quot;copyright&quot;:&quot;&quot;,&quot;focal_length&quot;:&quot;23.2&quot;,&quot;iso&quot;:&quot;400&quot;,&quot;shutter_speed&quot;:&quot;0.02&quot;,&quot;title&quot;:&quot;&quot;,&quot;orientation&quot;:&quot;0&quot;}\" data-image-title=\"SocialismoParalaVictoria.MercedesDSCN0789\" data-image-description=\"\" data-medium-file=\"https:\/\/www.hoymercedes.com.ar\/principal\/wp-content\/uploads\/2015\/03\/SocialismoParalaVictoria.MercedesDSCN0789.jpg\" data-large-file=\"https:\/\/www.hoymercedes.com.ar\/principal\/wp-content\/uploads\/2015\/03\/SocialismoParalaVictoria.MercedesDSCN0789.jpg\" src=\"https:\/\/i0.wp.com\/www.hoymercedes.com.ar\/principal\/wp-content\/uploads\/2015\/03\/SocialismoParalaVictoria.MercedesDSCN0789.jpg?w=796&#038;h=597&#038;ssl=1\" width=\"796\" height=\"597\" loading=\"lazy\" data-original-width=\"796\" data-original-height=\"597\" itemprop=\"http:\/\/schema.org\/image\" title=\"SocialismoParalaVictoria.MercedesDSCN0789\" alt=\"SocialismoParalaVictoria.MercedesDSCN0789\" style=\"width: 796px; height: 597px;\" \/> <\/a> <\/div> <\/div> <!-- close group --> <div class=\"gallery-group images-2\" style=\"width: 400px; height: 601px;\" data-original-width=\"400\" data-original-height=\"601\" > <div class=\"tiled-gallery-item tiled-gallery-item-large\" itemprop=\"associatedMedia\" itemscope itemtype=\"http:\/\/schema.org\/ImageObject\"> <a href=\"https:\/\/www.hoymercedes.com.ar\/principal\/2015\/03\/12\/se-lanzo-socialismo-para-la-victoria-con-buena-asistencia-y-visitas-nacionales\/socialismoparalavictoria-mercedesdscn0788\/#main\" border=\"0\" itemprop=\"url\"> <meta itemprop=\"width\" content=\"396\"> <meta itemprop=\"height\" content=\"297\"> <img decoding=\"async\" class=\"\" data-attachment-id=\"40068\" data-orig-file=\"https:\/\/www.hoymercedes.com.ar\/principal\/wp-content\/uploads\/2015\/03\/SocialismoParalaVictoria.MercedesDSCN0788.jpg\" data-orig-size=\"620,465\" data-comments-opened=\"1\" data-image-meta=\"{&quot;aperture&quot;:&quot;3.1&quot;,&quot;credit&quot;:&quot;&quot;,&quot;camera&quot;:&quot;COOLPIX L310&quot;,&quot;caption&quot;:&quot;&quot;,&quot;created_timestamp&quot;:&quot;1426188248&quot;,&quot;copyright&quot;:&quot;&quot;,&quot;focal_length&quot;:&quot;4.5&quot;,&quot;iso&quot;:&quot;400&quot;,&quot;shutter_speed&quot;:&quot;0.00625&quot;,&quot;title&quot;:&quot;&quot;,&quot;orientation&quot;:&quot;0&quot;}\" data-image-title=\"SocialismoParalaVictoria.MercedesDSCN0788\" data-image-description=\"\" data-medium-file=\"https:\/\/www.hoymercedes.com.ar\/principal\/wp-content\/uploads\/2015\/03\/SocialismoParalaVictoria.MercedesDSCN0788.jpg\" data-large-file=\"https:\/\/www.hoymercedes.com.ar\/principal\/wp-content\/uploads\/2015\/03\/SocialismoParalaVictoria.MercedesDSCN0788.jpg\" src=\"https:\/\/i0.wp.com\/www.hoymercedes.com.ar\/principal\/wp-content\/uploads\/2015\/03\/SocialismoParalaVictoria.MercedesDSCN0788.jpg?w=396&#038;h=297&#038;ssl=1\" width=\"396\" height=\"297\" loading=\"lazy\" data-original-width=\"396\" data-original-height=\"297\" itemprop=\"http:\/\/schema.org\/image\" title=\"SocialismoParalaVictoria.MercedesDSCN0788\" alt=\"SocialismoParalaVictoria.MercedesDSCN0788\" style=\"width: 396px; height: 297px;\" \/> <\/a> <\/div> <div class=\"tiled-gallery-item tiled-gallery-item-large\" itemprop=\"associatedMedia\" itemscope itemtype=\"http:\/\/schema.org\/ImageObject\"> <a href=\"https:\/\/www.hoymercedes.com.ar\/principal\/2015\/03\/12\/se-lanzo-socialismo-para-la-victoria-con-buena-asistencia-y-visitas-nacionales\/socialismoparalavictoria-mercedesdscn0781\/#main\" border=\"0\" itemprop=\"url\"> <meta itemprop=\"width\" content=\"396\"> <meta itemprop=\"height\" content=\"296\"> <img decoding=\"async\" class=\"\" data-attachment-id=\"40067\" data-orig-file=\"https:\/\/www.hoymercedes.com.ar\/principal\/wp-content\/uploads\/2015\/03\/SocialismoParalaVictoria.MercedesDSCN0781.jpg\" data-orig-size=\"620,465\" data-comments-opened=\"1\" data-image-meta=\"{&quot;aperture&quot;:&quot;3.1&quot;,&quot;credit&quot;:&quot;&quot;,&quot;camera&quot;:&quot;COOLPIX L310&quot;,&quot;caption&quot;:&quot;&quot;,&quot;created_timestamp&quot;:&quot;1426187326&quot;,&quot;copyright&quot;:&quot;&quot;,&quot;focal_length&quot;:&quot;4.5&quot;,&quot;iso&quot;:&quot;400&quot;,&quot;shutter_speed&quot;:&quot;0.005&quot;,&quot;title&quot;:&quot;&quot;,&quot;orientation&quot;:&quot;0&quot;}\" data-image-title=\"SocialismoParalaVictoria.MercedesDSCN0781\" data-image-description=\"\" data-medium-file=\"https:\/\/www.hoymercedes.com.ar\/principal\/wp-content\/uploads\/2015\/03\/SocialismoParalaVictoria.MercedesDSCN0781.jpg\" data-large-file=\"https:\/\/www.hoymercedes.com.ar\/principal\/wp-content\/uploads\/2015\/03\/SocialismoParalaVictoria.MercedesDSCN0781.jpg\" src=\"https:\/\/i0.wp.com\/www.hoymercedes.com.ar\/principal\/wp-content\/uploads\/2015\/03\/SocialismoParalaVictoria.MercedesDSCN0781.jpg?w=396&#038;h=296&#038;ssl=1\" width=\"396\" height=\"296\" loading=\"lazy\" data-original-width=\"396\" data-original-height=\"296\" itemprop=\"http:\/\/schema.org\/image\" title=\"SocialismoParalaVictoria.MercedesDSCN0781\" alt=\"SocialismoParalaVictoria.MercedesDSCN0781\" style=\"width: 396px; height: 296px;\" \/> <\/a> <\/div> <\/div> <!-- close group --> <\/div> <!-- close row --> <div class=\"gallery-row\" style=\"width: 1200px; height: 301px;\" data-original-width=\"1200\" data-original-height=\"301\" > <div class=\"gallery-group images-1\" style=\"width: 400px; height: 301px;\" data-original-width=\"400\" data-original-height=\"301\" > <div class=\"tiled-gallery-item tiled-gallery-item-large\" itemprop=\"associatedMedia\" itemscope itemtype=\"http:\/\/schema.org\/ImageObject\"> <a href=\"https:\/\/www.hoymercedes.com.ar\/principal\/2015\/03\/12\/se-lanzo-socialismo-para-la-victoria-con-buena-asistencia-y-visitas-nacionales\/socialismoparalavictoria-mercedesdscn0776\/#main\" border=\"0\" itemprop=\"url\"> <meta itemprop=\"width\" content=\"396\"> <meta itemprop=\"height\" content=\"297\"> <img decoding=\"async\" class=\"\" data-attachment-id=\"40066\" data-orig-file=\"https:\/\/www.hoymercedes.com.ar\/principal\/wp-content\/uploads\/2015\/03\/SocialismoParalaVictoria.MercedesDSCN0776.jpg\" data-orig-size=\"620,465\" data-comments-opened=\"1\" data-image-meta=\"{&quot;aperture&quot;:&quot;3.1&quot;,&quot;credit&quot;:&quot;&quot;,&quot;camera&quot;:&quot;COOLPIX L310&quot;,&quot;caption&quot;:&quot;&quot;,&quot;created_timestamp&quot;:&quot;1426187256&quot;,&quot;copyright&quot;:&quot;&quot;,&quot;focal_length&quot;:&quot;4.5&quot;,&quot;iso&quot;:&quot;400&quot;,&quot;shutter_speed&quot;:&quot;0.005&quot;,&quot;title&quot;:&quot;&quot;,&quot;orientation&quot;:&quot;0&quot;}\" data-image-title=\"SocialismoParalaVictoria.MercedesDSCN0776\" data-image-description=\"\" data-medium-file=\"https:\/\/www.hoymercedes.com.ar\/principal\/wp-content\/uploads\/2015\/03\/SocialismoParalaVictoria.MercedesDSCN0776.jpg\" data-large-file=\"https:\/\/www.hoymercedes.com.ar\/principal\/wp-content\/uploads\/2015\/03\/SocialismoParalaVictoria.MercedesDSCN0776.jpg\" src=\"https:\/\/i0.wp.com\/www.hoymercedes.com.ar\/principal\/wp-content\/uploads\/2015\/03\/SocialismoParalaVictoria.MercedesDSCN0776.jpg?w=396&#038;h=297&#038;ssl=1\" width=\"396\" height=\"297\" loading=\"lazy\" data-original-width=\"396\" data-original-height=\"297\" itemprop=\"http:\/\/schema.org\/image\" title=\"SocialismoParalaVictoria.MercedesDSCN0776\" alt=\"SocialismoParalaVictoria.MercedesDSCN0776\" style=\"width: 396px; height: 297px;\" \/> <\/a> <\/div> <\/div> <!-- close group --> <div class=\"gallery-group images-1\" style=\"width: 400px; height: 301px;\" data-original-width=\"400\" data-original-height=\"301\" > <div class=\"tiled-gallery-item tiled-gallery-item-large\" itemprop=\"associatedMedia\" itemscope itemtype=\"http:\/\/schema.org\/ImageObject\"> <a href=\"https:\/\/www.hoymercedes.com.ar\/principal\/2015\/03\/12\/se-lanzo-socialismo-para-la-victoria-con-buena-asistencia-y-visitas-nacionales\/socialismoparalavictoria-mercedesdscn0774\/#main\" border=\"0\" itemprop=\"url\"> <meta itemprop=\"width\" content=\"396\"> <meta itemprop=\"height\" content=\"297\"> <img decoding=\"async\" class=\"\" data-attachment-id=\"40065\" data-orig-file=\"https:\/\/www.hoymercedes.com.ar\/principal\/wp-content\/uploads\/2015\/03\/SocialismoParalaVictoria.MercedesDSCN0774.jpg\" data-orig-size=\"620,465\" data-comments-opened=\"1\" data-image-meta=\"{&quot;aperture&quot;:&quot;3.1&quot;,&quot;credit&quot;:&quot;&quot;,&quot;camera&quot;:&quot;COOLPIX L310&quot;,&quot;caption&quot;:&quot;&quot;,&quot;created_timestamp&quot;:&quot;1426187238&quot;,&quot;copyright&quot;:&quot;&quot;,&quot;focal_length&quot;:&quot;4.5&quot;,&quot;iso&quot;:&quot;400&quot;,&quot;shutter_speed&quot;:&quot;0.003125&quot;,&quot;title&quot;:&quot;&quot;,&quot;orientation&quot;:&quot;0&quot;}\" data-image-title=\"SocialismoParalaVictoria.MercedesDSCN0774\" data-image-description=\"\" data-medium-file=\"https:\/\/www.hoymercedes.com.ar\/principal\/wp-content\/uploads\/2015\/03\/SocialismoParalaVictoria.MercedesDSCN0774.jpg\" data-large-file=\"https:\/\/www.hoymercedes.com.ar\/principal\/wp-content\/uploads\/2015\/03\/SocialismoParalaVictoria.MercedesDSCN0774.jpg\" src=\"https:\/\/i0.wp.com\/www.hoymercedes.com.ar\/principal\/wp-content\/uploads\/2015\/03\/SocialismoParalaVictoria.MercedesDSCN0774.jpg?w=396&#038;h=297&#038;ssl=1\" width=\"396\" height=\"297\" loading=\"lazy\" data-original-width=\"396\" data-original-height=\"297\" itemprop=\"http:\/\/schema.org\/image\" title=\"SocialismoParalaVictoria.MercedesDSCN0774\" alt=\"SocialismoParalaVictoria.MercedesDSCN0774\" style=\"width: 396px; height: 297px;\" \/> <\/a> <\/div> <\/div> <!-- close group --> <div class=\"gallery-group images-1\" style=\"width: 400px; height: 301px;\" data-original-width=\"400\" data-original-height=\"301\" > <div class=\"tiled-gallery-item tiled-gallery-item-large\" itemprop=\"associatedMedia\" itemscope itemtype=\"http:\/\/schema.org\/ImageObject\"> <a href=\"https:\/\/www.hoymercedes.com.ar\/principal\/2015\/03\/12\/se-lanzo-socialismo-para-la-victoria-con-buena-asistencia-y-visitas-nacionales\/socialismoparalavictoria-mercedesdscn0785\/#main\" border=\"0\" itemprop=\"url\"> <meta itemprop=\"width\" content=\"396\"> <meta itemprop=\"height\" content=\"297\"> <img decoding=\"async\" class=\"\" data-attachment-id=\"40063\" data-orig-file=\"https:\/\/www.hoymercedes.com.ar\/principal\/wp-content\/uploads\/2015\/03\/SocialismoParalaVictoria.MercedesDSCN0785.jpg\" data-orig-size=\"620,465\" data-comments-opened=\"1\" data-image-meta=\"{&quot;aperture&quot;:&quot;3.6&quot;,&quot;credit&quot;:&quot;&quot;,&quot;camera&quot;:&quot;COOLPIX L310&quot;,&quot;caption&quot;:&quot;&quot;,&quot;created_timestamp&quot;:&quot;1426188193&quot;,&quot;copyright&quot;:&quot;&quot;,&quot;focal_length&quot;:&quot;8.4&quot;,&quot;iso&quot;:&quot;400&quot;,&quot;shutter_speed&quot;:&quot;0.0166666666667&quot;,&quot;title&quot;:&quot;&quot;,&quot;orientation&quot;:&quot;0&quot;}\" data-image-title=\"SocialismoParalaVictoria.MercedesDSCN0785\" data-image-description=\"\" data-medium-file=\"https:\/\/www.hoymercedes.com.ar\/principal\/wp-content\/uploads\/2015\/03\/SocialismoParalaVictoria.MercedesDSCN0785.jpg\" data-large-file=\"https:\/\/www.hoymercedes.com.ar\/principal\/wp-content\/uploads\/2015\/03\/SocialismoParalaVictoria.MercedesDSCN0785.jpg\" src=\"https:\/\/i0.wp.com\/www.hoymercedes.com.ar\/principal\/wp-content\/uploads\/2015\/03\/SocialismoParalaVictoria.MercedesDSCN0785.jpg?w=396&#038;h=297&#038;ssl=1\" width=\"396\" height=\"297\" loading=\"lazy\" data-original-width=\"396\" data-original-height=\"297\" itemprop=\"http:\/\/schema.org\/image\" title=\"SocialismoParalaVictoria.MercedesDSCN0785\" alt=\"SocialismoParalaVictoria.MercedesDSCN0785\" style=\"width: 396px; height: 297px;\" \/> <\/a> <\/div> <\/div> <!-- close group --> <\/div> <!-- close row --> <div class=\"gallery-row\" style=\"width: 1200px; height: 451px;\" data-original-width=\"1200\" data-original-height=\"451\" > <div class=\"gallery-group images-1\" style=\"width: 600px; height: 451px;\" data-original-width=\"600\" data-original-height=\"451\" > <div class=\"tiled-gallery-item tiled-gallery-item-large\" itemprop=\"associatedMedia\" itemscope itemtype=\"http:\/\/schema.org\/ImageObject\"> <a href=\"https:\/\/www.hoymercedes.com.ar\/principal\/2015\/03\/12\/se-lanzo-socialismo-para-la-victoria-con-buena-asistencia-y-visitas-nacionales\/socialismoparalavictoria-mercedesdscn0773\/#main\" border=\"0\" itemprop=\"url\"> <meta itemprop=\"width\" content=\"596\"> <meta itemprop=\"height\" content=\"447\"> <img decoding=\"async\" class=\"\" data-attachment-id=\"40064\" data-orig-file=\"https:\/\/www.hoymercedes.com.ar\/principal\/wp-content\/uploads\/2015\/03\/SocialismoParalaVictoria.MercedesDSCN0773.jpg\" data-orig-size=\"620,465\" data-comments-opened=\"1\" data-image-meta=\"{&quot;aperture&quot;:&quot;3.5&quot;,&quot;credit&quot;:&quot;&quot;,&quot;camera&quot;:&quot;COOLPIX L310&quot;,&quot;caption&quot;:&quot;&quot;,&quot;created_timestamp&quot;:&quot;1426187229&quot;,&quot;copyright&quot;:&quot;&quot;,&quot;focal_length&quot;:&quot;7.3&quot;,&quot;iso&quot;:&quot;400&quot;,&quot;shutter_speed&quot;:&quot;0.008&quot;,&quot;title&quot;:&quot;&quot;,&quot;orientation&quot;:&quot;0&quot;}\" data-image-title=\"SocialismoParalaVictoria.MercedesDSCN0773\" data-image-description=\"\" data-medium-file=\"https:\/\/www.hoymercedes.com.ar\/principal\/wp-content\/uploads\/2015\/03\/SocialismoParalaVictoria.MercedesDSCN0773.jpg\" data-large-file=\"https:\/\/www.hoymercedes.com.ar\/principal\/wp-content\/uploads\/2015\/03\/SocialismoParalaVictoria.MercedesDSCN0773.jpg\" src=\"https:\/\/i0.wp.com\/www.hoymercedes.com.ar\/principal\/wp-content\/uploads\/2015\/03\/SocialismoParalaVictoria.MercedesDSCN0773.jpg?w=596&#038;h=447&#038;ssl=1\" width=\"596\" height=\"447\" loading=\"lazy\" data-original-width=\"596\" data-original-height=\"447\" itemprop=\"http:\/\/schema.org\/image\" title=\"SocialismoParalaVictoria.MercedesDSCN0773\" alt=\"SocialismoParalaVictoria.MercedesDSCN0773\" style=\"width: 596px; height: 447px;\" \/> <\/a> <\/div> <\/div> <!-- close group --> <div class=\"gallery-group images-1\" style=\"width: 600px; height: 451px;\" data-original-width=\"600\" data-original-height=\"451\" > <div class=\"tiled-gallery-item tiled-gallery-item-large\" itemprop=\"associatedMedia\" itemscope itemtype=\"http:\/\/schema.org\/ImageObject\"> <a href=\"https:\/\/www.hoymercedes.com.ar\/principal\/2015\/03\/12\/se-lanzo-socialismo-para-la-victoria-con-buena-asistencia-y-visitas-nacionales\/socialismoparalavictoria-mercedesdscn0779-2\/#main\" border=\"0\" itemprop=\"url\"> <meta itemprop=\"width\" content=\"596\"> <meta itemprop=\"height\" content=\"447\"> <img decoding=\"async\" class=\"\" data-attachment-id=\"40062\" data-orig-file=\"https:\/\/www.hoymercedes.com.ar\/principal\/wp-content\/uploads\/2015\/03\/SocialismoParalaVictoria.MercedesDSCN07791.jpg\" data-orig-size=\"620,465\" data-comments-opened=\"1\" data-image-meta=\"{&quot;aperture&quot;:&quot;4.7&quot;,&quot;credit&quot;:&quot;&quot;,&quot;camera&quot;:&quot;COOLPIX L310&quot;,&quot;caption&quot;:&quot;&quot;,&quot;created_timestamp&quot;:&quot;1426187298&quot;,&quot;copyright&quot;:&quot;&quot;,&quot;focal_length&quot;:&quot;23.2&quot;,&quot;iso&quot;:&quot;400&quot;,&quot;shutter_speed&quot;:&quot;0.01&quot;,&quot;title&quot;:&quot;&quot;,&quot;orientation&quot;:&quot;0&quot;}\" data-image-title=\"SocialismoParalaVictoria.MercedesDSCN0779\" data-image-description=\"\" data-medium-file=\"https:\/\/www.hoymercedes.com.ar\/principal\/wp-content\/uploads\/2015\/03\/SocialismoParalaVictoria.MercedesDSCN07791.jpg\" data-large-file=\"https:\/\/www.hoymercedes.com.ar\/principal\/wp-content\/uploads\/2015\/03\/SocialismoParalaVictoria.MercedesDSCN07791.jpg\" src=\"https:\/\/i0.wp.com\/www.hoymercedes.com.ar\/principal\/wp-content\/uploads\/2015\/03\/SocialismoParalaVictoria.MercedesDSCN07791.jpg?w=596&#038;h=447&#038;ssl=1\" width=\"596\" height=\"447\" loading=\"lazy\" data-original-width=\"596\" data-original-height=\"447\" itemprop=\"http:\/\/schema.org\/image\" title=\"SocialismoParalaVictoria.MercedesDSCN0779\" alt=\"SocialismoParalaVictoria.MercedesDSCN0779\" style=\"width: 596px; height: 447px;\" \/> <\/a> <\/div> <\/div> <!-- close group --> <\/div> <!-- close row --> <\/div>\n<p><a href=\"https:\/\/www.hoymercedes.com.ar\/principal\/wp-content\/uploads\/2015\/03\/SocialismoParalaVictoria.MercedesDSCN0788.jpg\"><br \/>\n<\/a><\/p>\n","protected":false},"excerpt":{"rendered":"<p>&nbsp; En el \u00e1mbito de \u201cCasa del Pueblo\u201d se concret\u00f3 el lanzamiento de Socialismo para la Victoria\u201d, con presentaci\u00f3n de &#8230; <a title=\"Se lanz\u00f3 \u201cSocialismo para la Victoria\u201d con Buena asistencia y visitas nacionales\" class=\"read-more\" href=\"https:\/\/www.hoymercedes.com.ar\/principal\/2015\/03\/12\/se-lanzo-socialismo-para-la-victoria-con-buena-asistencia-y-visitas-nacionales\/\" aria-label=\"Leer m\u00e1s sobre Se lanz\u00f3 \u201cSocialismo para la Victoria\u201d con Buena asistencia y visitas nacionales\">Leer m\u00e1s<\/a><\/p>\n","protected":false},"author":1,"featured_media":0,"comment_status":"open","ping_status":"open","sticky":false,"template":"","format":"standard","meta":{"_monsterinsights_skip_tracking":false,"_monsterinsights_sitenote_active":false,"_monsterinsights_sitenote_note":"","_monsterinsights_sitenote_category":0,"jetpack_post_was_ever_published":false,"_jetpack_newsletter_access":"","_jetpack_dont_email_post_to_subs":false,"_jetpack_newsletter_tier_id":0,"_jetpack_memberships_contains_paywalled_content":false,"_jetpack_memberships_contains_paid_content":false,"footnotes":"","jetpack_publicize_message":"","jetpack_publicize_feature_enabled":true,"jetpack_social_post_already_shared":true,"jetpack_social_options":{"image_generator_settings":{"template":"highway","default_image_id":0,"font":"","enabled":false},"version":2},"_wpas_customize_per_network":false},"categories":[5],"tags":[1869,7031],"class_list":["post-40061","post","type-post","status-publish","format-standard","hentry","category-politica","tag-jose-luis-pisano","tag-socialismo-para-la-victoria","generate-columns","tablet-grid-50","mobile-grid-100","grid-parent","grid-50"],"jetpack_publicize_connections":[],"jetpack_featured_media_url":"","wps_subtitle":"Flamante espacio pol\u00edtico","jetpack_sharing_enabled":true,"jetpack-related-posts":[{"id":39866,"url":"https:\/\/www.hoymercedes.com.ar\/principal\/2015\/03\/02\/todo-listo-para-presentar-el-socialismo-para-la-victoria-en-mercedes\/","url_meta":{"origin":40061,"position":0},"title":"Todo listo para presentar el \u201cSocialismo para la Victoria\u201d en Mercedes","author":"hoymercedes","date":"2 marzo, 2015","format":false,"excerpt":"Una nueva y renovada expresi\u00f3n pol\u00edtica se presentar\u00eda esta semana en Mercedes. Ser\u00eda nada m\u00e1s y nada menos que la cristalizaci\u00f3n del \u201cSocialismo para la Victoria\u201d, una expresi\u00f3n desde la izquierda que apoya determinadas medidas llevadas adelante por el Gobierno Nacional. La acci\u00f3n pol\u00edtica estar\u00eda encabezada por el reconocido dirigente\u2026","rel":"","context":"En \u00abPol\u00edtica\u00bb","block_context":{"text":"Pol\u00edtica","link":"https:\/\/www.hoymercedes.com.ar\/principal\/category\/politica\/"},"img":{"alt_text":"Socialismo-Para-La-Victoria","src":"https:\/\/i0.wp.com\/www.hoymercedes.com.ar\/principal\/wp-content\/uploads\/2015\/03\/Socialismo-Para-La-Victoria.jpg?resize=350%2C200","width":350,"height":200,"srcset":"https:\/\/i0.wp.com\/www.hoymercedes.com.ar\/principal\/wp-content\/uploads\/2015\/03\/Socialismo-Para-La-Victoria.jpg?resize=350%2C200 1x, https:\/\/i0.wp.com\/www.hoymercedes.com.ar\/principal\/wp-content\/uploads\/2015\/03\/Socialismo-Para-La-Victoria.jpg?resize=525%2C300 1.5x"},"classes":[]},{"id":42054,"url":"https:\/\/www.hoymercedes.com.ar\/principal\/2015\/05\/30\/jorge-rivas-en-mercedes-y-presentacion-de-adhesion-del-socialismo-para-la-victoria-al-fmpv\/","url_meta":{"origin":40061,"position":1},"title":"Jorge Rivas en Mercedes y presentaci\u00f3n de adhesi\u00f3n del Socialismo para la Victoria al FMPV","author":"hoymercedes","date":"30 mayo, 2015","format":false,"excerpt":"Se llev\u00f3 a cabo el pasado viernes el acto oficial de adhesi\u00f3n por parte del Socialismo para la Victoria a la figura de Juan Ustarroz como candidato a intendente y al Frente para la Victoria como f\u00f3rmula partidario electoral con la presencia del referente nacional y Diputado Nacional Jorge Rivas.\u2026","rel":"","context":"En \u00abPol\u00edtica\u00bb","block_context":{"text":"Pol\u00edtica","link":"https:\/\/www.hoymercedes.com.ar\/principal\/category\/politica\/"},"img":{"alt_text":"","src":"https:\/\/i0.wp.com\/www.hoymercedes.com.ar\/principal\/wp-content\/uploads\/2015\/05\/JorgeRivas-JoseLuisPisano-JuanUstarroz.jpg?resize=350%2C200&ssl=1","width":350,"height":200,"srcset":"https:\/\/i0.wp.com\/www.hoymercedes.com.ar\/principal\/wp-content\/uploads\/2015\/05\/JorgeRivas-JoseLuisPisano-JuanUstarroz.jpg?resize=350%2C200&ssl=1 1x, https:\/\/i0.wp.com\/www.hoymercedes.com.ar\/principal\/wp-content\/uploads\/2015\/05\/JorgeRivas-JoseLuisPisano-JuanUstarroz.jpg?resize=525%2C300&ssl=1 1.5x"},"classes":[]},{"id":57145,"url":"https:\/\/www.hoymercedes.com.ar\/principal\/2016\/11\/17\/jorge-rivas-vuelve-a-mercedes-a-presentar-un-nuevo-libro\/","url_meta":{"origin":40061,"position":2},"title":"Jorge Rivas vuelve a Mercedes a presentar un nuevo libro","author":"hoymercedes","date":"17 noviembre, 2016","format":false,"excerpt":"Jorge Rivas presentar\u00e1 su libro en Mercedes el pr\u00f3ximo s\u00e1bado 19 de noviembre, a las 18. Dicho d\u00eda se realizar\u00e1 una jornada en el marco de la presentaci\u00f3n del libro del Diputado (mandato cumplido) y m\u00e1ximo referente del Socialismo para la Victoria Jorge Rivas. El patio de la Casa del\u2026","rel":"","context":"En \u00abPol\u00edtica\u00bb","block_context":{"text":"Pol\u00edtica","link":"https:\/\/www.hoymercedes.com.ar\/principal\/category\/politica\/"},"img":{"alt_text":"","src":"https:\/\/i0.wp.com\/www.hoymercedes.com.ar\/principal\/wp-content\/uploads\/2016\/11\/17-rivas-archivo.jpg?resize=350%2C200&ssl=1","width":350,"height":200,"srcset":"https:\/\/i0.wp.com\/www.hoymercedes.com.ar\/principal\/wp-content\/uploads\/2016\/11\/17-rivas-archivo.jpg?resize=350%2C200&ssl=1 1x, https:\/\/i0.wp.com\/www.hoymercedes.com.ar\/principal\/wp-content\/uploads\/2016\/11\/17-rivas-archivo.jpg?resize=525%2C300&ssl=1 1.5x"},"classes":[]},{"id":42026,"url":"https:\/\/www.hoymercedes.com.ar\/principal\/2015\/05\/28\/junto-a-fomentistas-pisano-y-ustarroz-presentaron-el-programa-presupuesto-participativo\/","url_meta":{"origin":40061,"position":3},"title":"Junto a fomentistas, Pisano y Ustarroz presentaron el programa \u201cPresupuesto Participativo\u201d","author":"hoymercedes","date":"28 mayo, 2015","format":false,"excerpt":"El presidente del bloque de concejales del Frente Mercedino para la Victoria, Juan Ignacio Ustarroz, y el m\u00e1ximo referente local del Socialismo para la Victoria, Jos\u00e9 Luis Pisano, presentaron el programa de presupuesto participativo, una herramienta que consideraron \u201cindispensable para fortalecer la democracia y la intervenci\u00f3n directa de los vecinos\u201d.\u2026","rel":"","context":"En \u00abPol\u00edtica\u00bb","block_context":{"text":"Pol\u00edtica","link":"https:\/\/www.hoymercedes.com.ar\/principal\/category\/politica\/"},"img":{"alt_text":"","src":"https:\/\/i0.wp.com\/www.hoymercedes.com.ar\/principal\/wp-content\/uploads\/2015\/05\/joseluispisano-juanustarroz.jpg?resize=350%2C200&ssl=1","width":350,"height":200,"srcset":"https:\/\/i0.wp.com\/www.hoymercedes.com.ar\/principal\/wp-content\/uploads\/2015\/05\/joseluispisano-juanustarroz.jpg?resize=350%2C200&ssl=1 1x, https:\/\/i0.wp.com\/www.hoymercedes.com.ar\/principal\/wp-content\/uploads\/2015\/05\/joseluispisano-juanustarroz.jpg?resize=525%2C300&ssl=1 1.5x"},"classes":[]},{"id":23111,"url":"https:\/\/www.hoymercedes.com.ar\/principal\/2013\/06\/23\/bonafina-y-pisano-candidato-del-frente-popular-democratico\/","url_meta":{"origin":40061,"position":4},"title":"Bonafina y Pisano candidatos del \u00abFrente Popular Democr\u00e1tico\u00bb","author":"hoymercedes","date":"23 junio, 2013","format":false,"excerpt":"En Mercedes se ha constituido el Frente Popular Democratico y Social \"PODEMOS\", que se encuentra constituido por los partidos Unidad Popular, el Socialismo Mercedino y el MST.- Luego de que se resolviera dinamitar el FAP con la creaci\u00f3n del FRente Civico y Social, armando entre cuatro paredes el resurgimiento del\u2026","rel":"","context":"En \u00abPol\u00edtica\u00bb","block_context":{"text":"Pol\u00edtica","link":"https:\/\/www.hoymercedes.com.ar\/principal\/category\/politica\/"},"img":{"alt_text":"","src":"","width":0,"height":0},"classes":[]},{"id":52028,"url":"https:\/\/www.hoymercedes.com.ar\/principal\/2016\/07\/02\/120-anos-de-socialismo-en-argentina\/","url_meta":{"origin":40061,"position":5},"title":"120 a\u00f1os de Socialismo en Argentina","author":"hoymercedes","date":"2 julio, 2016","format":false,"excerpt":"Por Jos\u00e9 Pisano \/\u00a0En el marco de los 120 a\u00f1os del congreso fundacional del Socialismo en Argentina, quienes militamos y abrazamos las causas de la igualdad y la libertad como Socialistas para la Victoria, creemos necesario expresarnos frente a la nueva realidad pol\u00edtica, econ\u00f3mica y social. Vivimos tiempos dif\u00edciles, una\u2026","rel":"","context":"En \u00abPol\u00edtica\u00bb","block_context":{"text":"Pol\u00edtica","link":"https:\/\/www.hoymercedes.com.ar\/principal\/category\/politica\/"},"img":{"alt_text":"","src":"https:\/\/i0.wp.com\/www.hoymercedes.com.ar\/principal\/wp-content\/uploads\/2014\/09\/joseluispisano-partidosocialista.jpg?resize=350%2C200&ssl=1","width":350,"height":200,"srcset":"https:\/\/i0.wp.com\/www.hoymercedes.com.ar\/principal\/wp-content\/uploads\/2014\/09\/joseluispisano-partidosocialista.jpg?resize=350%2C200&ssl=1 1x, https:\/\/i0.wp.com\/www.hoymercedes.com.ar\/principal\/wp-content\/uploads\/2014\/09\/joseluispisano-partidosocialista.jpg?resize=525%2C300&ssl=1 1.5x"},"classes":[]}],"_links":{"self":[{"href":"https:\/\/www.hoymercedes.com.ar\/principal\/wp-json\/wp\/v2\/posts\/40061","targetHints":{"allow":["GET"]}}],"collection":[{"href":"https:\/\/www.hoymercedes.com.ar\/principal\/wp-json\/wp\/v2\/posts"}],"about":[{"href":"https:\/\/www.hoymercedes.com.ar\/principal\/wp-json\/wp\/v2\/types\/post"}],"author":[{"embeddable":true,"href":"https:\/\/www.hoymercedes.com.ar\/principal\/wp-json\/wp\/v2\/users\/1"}],"replies":[{"embeddable":true,"href":"https:\/\/www.hoymercedes.com.ar\/principal\/wp-json\/wp\/v2\/comments?post=40061"}],"version-history":[{"count":0,"href":"https:\/\/www.hoymercedes.com.ar\/principal\/wp-json\/wp\/v2\/posts\/40061\/revisions"}],"wp:attachment":[{"href":"https:\/\/www.hoymercedes.com.ar\/principal\/wp-json\/wp\/v2\/media?parent=40061"}],"wp:term":[{"taxonomy":"category","embeddable":true,"href":"https:\/\/www.hoymercedes.com.ar\/principal\/wp-json\/wp\/v2\/categories?post=40061"},{"taxonomy":"post_tag","embeddable":true,"href":"https:\/\/www.hoymercedes.com.ar\/principal\/wp-json\/wp\/v2\/tags?post=40061"}],"curies":[{"name":"wp","href":"https:\/\/api.w.org\/{rel}","templated":true}]}}