{"id":40107,"date":"2015-03-13T22:24:07","date_gmt":"2015-03-14T01:24:07","guid":{"rendered":"http:\/\/www.hoymercedes.com.ar\/principal\/?p=40107"},"modified":"2015-04-11T19:40:33","modified_gmt":"2015-04-11T22:40:33","slug":"la-juventud-del-mic-participo-en-el-trabajo-solidario-de-pintar-escuelas","status":"publish","type":"post","link":"https:\/\/www.hoymercedes.com.ar\/principal\/2015\/03\/13\/la-juventud-del-mic-participo-en-el-trabajo-solidario-de-pintar-escuelas\/","title":{"rendered":"La Juventud del MIC particip\u00f3 en el trabajo solidario de pintar escuelas"},"content":{"rendered":"<p><a href=\"https:\/\/www.hoymercedes.com.ar\/principal\/wp-content\/uploads\/2015\/03\/elzuni.jpg\"><img loading=\"lazy\" decoding=\"async\" data-attachment-id=\"40108\" data-permalink=\"https:\/\/www.hoymercedes.com.ar\/principal\/2015\/03\/13\/la-juventud-del-mic-participo-en-el-trabajo-solidario-de-pintar-escuelas\/elzuni\/#main\" data-orig-file=\"https:\/\/www.hoymercedes.com.ar\/principal\/wp-content\/uploads\/2015\/03\/elzuni.jpg\" data-orig-size=\"620,387\" data-comments-opened=\"1\" data-image-meta=\"{&quot;aperture&quot;:&quot;0&quot;,&quot;credit&quot;:&quot;&quot;,&quot;camera&quot;:&quot;&quot;,&quot;caption&quot;:&quot;&quot;,&quot;created_timestamp&quot;:&quot;0&quot;,&quot;copyright&quot;:&quot;&quot;,&quot;focal_length&quot;:&quot;0&quot;,&quot;iso&quot;:&quot;0&quot;,&quot;shutter_speed&quot;:&quot;0&quot;,&quot;title&quot;:&quot;&quot;,&quot;orientation&quot;:&quot;0&quot;}\" data-image-title=\"elzuni\" data-image-description=\"\" data-image-caption=\"\" data-large-file=\"https:\/\/www.hoymercedes.com.ar\/principal\/wp-content\/uploads\/2015\/03\/elzuni.jpg\" class=\"Img2014 aligncenter wp-image-40108 size-full\" title=\"Juventud del MIC\" src=\"https:\/\/www.hoymercedes.com.ar\/principal\/wp-content\/uploads\/2015\/03\/elzuni.jpg\" alt=\"elzuni\" width=\"620\" height=\"387\" \/><\/a><\/p>\n<p>&nbsp;<\/p>\n<p><em><strong><span style=\"color: #000000;\">Integrantes de la juventud del MIC fueron a pintar, junto a j\u00f3venes de otras fuerzas pol\u00edticas y sociales de Mercedes, las instalaciones de la Escuela de Educaci\u00f3n Superior N\u00b0 1 \u201cJorge \u00c1lvarez de la Ofeza\u201d, nombre propuesto en su momento por el Profesor y Licenciado en historia Ricardo Tabosi en homenaje al primer maestro de la Guardia de Luj\u00e1n.<\/span><\/strong><\/em><\/p>\n<p><span style=\"color: #000000;\">La escuela est\u00e1 ubicada en la Avenida 47 y calle 30 y el edificio fue inaugurado hace menos de una d\u00e9cada, pero la instituci\u00f3n comenz\u00f3 a brindar el servicio educativo en 1985. Este a\u00f1o cumple el 30\u00b0 aniversario.<\/span><\/p>\n<p><span style=\"color: #000000;\">El concejal Cestari dijo \u201cestamos orgullosos de nuestra juventud del MIC y felicitamos tambi\u00e9n a todos los j\u00f3venes que participaron valorando la solidaridad, creemos que la sociedad quiere un cambio para erradicar las malas pr\u00e1cticas pol\u00edticas\u201d<\/span><\/p>\n<p><span style=\"color: #000000;\">Uno de los integrantes de la Juventud del MIC (El Zuni) manifest\u00f3 \u201cLa verdad que se hizo un trabajo espectacular, m\u00e1s all\u00e1 de las diferentes opiniones o razonamientos que tenga cada uno en particular sobre esta colaboraci\u00f3n realizada el s\u00e1bado 7 de marzo, el trabajo fue impecable. Espero se repita y poder estar desde el comienzo y con m\u00e1s gente la pr\u00f3xima vez\u201d<\/span><\/p>\n<p>&nbsp;<\/p>\n<p>&nbsp;<\/p>\n<p>&nbsp;<\/p>\n","protected":false},"excerpt":{"rendered":"<p>&nbsp; Integrantes de la juventud del MIC fueron a pintar, junto a j\u00f3venes de otras fuerzas pol\u00edticas y sociales de &#8230; <a title=\"La Juventud del MIC particip\u00f3 en el trabajo solidario de pintar escuelas\" class=\"read-more\" href=\"https:\/\/www.hoymercedes.com.ar\/principal\/2015\/03\/13\/la-juventud-del-mic-participo-en-el-trabajo-solidario-de-pintar-escuelas\/\" aria-label=\"Leer m\u00e1s sobre La Juventud del MIC particip\u00f3 en el trabajo solidario de pintar escuelas\">Leer m\u00e1s<\/a><\/p>\n","protected":false},"author":1,"featured_media":0,"comment_status":"open","ping_status":"open","sticky":false,"template":"","format":"standard","meta":{"_monsterinsights_skip_tracking":false,"_monsterinsights_sitenote_active":false,"_monsterinsights_sitenote_note":"","_monsterinsights_sitenote_category":0,"jetpack_post_was_ever_published":false,"_jetpack_newsletter_access":"","_jetpack_dont_email_post_to_subs":false,"_jetpack_newsletter_tier_id":0,"_jetpack_memberships_contains_paywalled_content":false,"_jetpack_memberships_contains_paid_content":false,"footnotes":"","jetpack_publicize_message":"","jetpack_publicize_feature_enabled":true,"jetpack_social_post_already_shared":true,"jetpack_social_options":{"image_generator_settings":{"template":"highway","default_image_id":0,"font":"","enabled":false},"version":2},"_wpas_customize_per_network":false},"categories":[5],"tags":[5163,7039],"class_list":["post-40107","post","type-post","status-publish","format-standard","hentry","category-politica","tag-juventud-del-mic","tag-pintar-escuela-solidaridad","generate-columns","tablet-grid-50","mobile-grid-100","grid-parent","grid-50"],"jetpack_publicize_connections":[],"jetpack_featured_media_url":"","wps_subtitle":"Tarea pol\u00edtica y social","jetpack_sharing_enabled":true,"jetpack-related-posts":[{"id":40137,"url":"https:\/\/www.hoymercedes.com.ar\/principal\/2015\/03\/16\/mic-en-jornada-nacional-de-mesas-del-pro\/","url_meta":{"origin":40107,"position":0},"title":"MIC en jornada nacional de mesas del PRO","author":"hoymercedes","date":"16 marzo, 2015","format":false,"excerpt":"El s\u00e1bado 14 de marzo se llev\u00f3 a cabo la jornada nacional de mesas del Pro. El MIC Pro en Mercedes estuvo en dos lugares, la esquina de calle 24 y 25; y tambi\u00e9n en calle 18 y Avenida 29. Participaron referentes de la fuerza pol\u00edtica junto a la juventud.\u2026","rel":"","context":"En \u00abPol\u00edtica\u00bb","block_context":{"text":"Pol\u00edtica","link":"https:\/\/www.hoymercedes.com.ar\/principal\/category\/politica\/"},"img":{"alt_text":"pro","src":"https:\/\/i0.wp.com\/www.hoymercedes.com.ar\/principal\/wp-content\/uploads\/2015\/03\/pro.jpg?resize=350%2C200","width":350,"height":200,"srcset":"https:\/\/i0.wp.com\/www.hoymercedes.com.ar\/principal\/wp-content\/uploads\/2015\/03\/pro.jpg?resize=350%2C200 1x, https:\/\/i0.wp.com\/www.hoymercedes.com.ar\/principal\/wp-content\/uploads\/2015\/03\/pro.jpg?resize=525%2C300 1.5x"},"classes":[]},{"id":2291,"url":"https:\/\/www.hoymercedes.com.ar\/principal\/2011\/02\/19\/concluyo-programa-para-pintar-escuelas\/","url_meta":{"origin":40107,"position":1},"title":"Concluy\u00f3 programa para pintar escuelas","author":"hoymercedes","date":"19 febrero, 2011","format":false,"excerpt":"Los integrantes de las juventudes pertenecientes a las diferentes agrupaciones relacionadas con el Kirchnerismo en nuestra ciudad concluyeron la tarea de pintar tres establecimientos educacionales dentro del programa que en todo el pa\u00eds se llev\u00f3 a cabo con el aval del Ministerio de Educaci\u00f3n de la Naci\u00f3n denominado Nacen 1000\u2026","rel":"","context":"En \u00abOpini\u00f3n\u00bb","block_context":{"text":"Opini\u00f3n","link":"https:\/\/www.hoymercedes.com.ar\/principal\/category\/opinion\/"},"img":{"alt_text":"","src":"","width":0,"height":0},"classes":[]},{"id":5764,"url":"https:\/\/www.hoymercedes.com.ar\/principal\/2011\/07\/23\/2das-jornadas-nacionales-nestor-kirchner-florecen-1000-flores-pintamos-1000-escuelas\/","url_meta":{"origin":40107,"position":2},"title":"2das Jornadas Nacionales Nestor Kirchner \u00abFlorecen 1000 flores, pintamos 1000 escuelas\u00bb","author":"hoymercedes","date":"23 julio, 2011","format":false,"excerpt":"Durante la semana pasada las agrupaciones Kirchneristas de la ciudad estuvieron participando de estas jornadas donde se tenia como objetivo, pintar 8 escuelas de la ciudad. La juventud del partido de la victoria estuvo pintando en la E.E.S.T N\u00b01 (Industrial) Las jornadas comenzaron el martes 19, a pesar de la\u2026","rel":"","context":"En \u00abPol\u00edtica\u00bb","block_context":{"text":"Pol\u00edtica","link":"https:\/\/www.hoymercedes.com.ar\/principal\/category\/politica\/"},"img":{"alt_text":"","src":"https:\/\/i0.wp.com\/www.hoymercedes.com.ar\/principal\/wp-content\/uploads\/2011\/07\/1000floresmercedesI.jpg?resize=350%2C200","width":350,"height":200,"srcset":"https:\/\/i0.wp.com\/www.hoymercedes.com.ar\/principal\/wp-content\/uploads\/2011\/07\/1000floresmercedesI.jpg?resize=350%2C200 1x, https:\/\/i0.wp.com\/www.hoymercedes.com.ar\/principal\/wp-content\/uploads\/2011\/07\/1000floresmercedesI.jpg?resize=525%2C300 1.5x"},"classes":[]},{"id":132292,"url":"https:\/\/www.hoymercedes.com.ar\/principal\/2021\/06\/23\/la-juventud-radical-reitera-reclamo-para-la-vuelta-a-clases-presenciales\/","url_meta":{"origin":40107,"position":3},"title":"La Juventud Radical reitera reclamo para la vuelta a clases presenciales","author":"hoymercedes","date":"23 junio, 2021","format":false,"excerpt":"Con una comunicaci\u00f3n hecho p\u00fablica en redes y con la instalaci\u00f3n de pasacalles, la Juventud Radical de Mercedes \"reclama apertura de las aulas\". \"La escuela no es solo un establecimiento que imparte ense\u00f1anza acad\u00e9mica, sino tambi\u00e9n un espacio de contenci\u00f3n\", expresan. \"Desde la Juventud Radical estamos a favor de la\u2026","rel":"","context":"En \u00abPol\u00edtica\u00bb","block_context":{"text":"Pol\u00edtica","link":"https:\/\/www.hoymercedes.com.ar\/principal\/category\/politica\/"},"img":{"alt_text":"","src":"https:\/\/i0.wp.com\/www.hoymercedes.com.ar\/principal\/wp-content\/uploads\/2021\/06\/WhatsApp-Image-2021-06-23-at-08.14.30.jpeg?resize=350%2C200&ssl=1","width":350,"height":200,"srcset":"https:\/\/i0.wp.com\/www.hoymercedes.com.ar\/principal\/wp-content\/uploads\/2021\/06\/WhatsApp-Image-2021-06-23-at-08.14.30.jpeg?resize=350%2C200&ssl=1 1x, https:\/\/i0.wp.com\/www.hoymercedes.com.ar\/principal\/wp-content\/uploads\/2021\/06\/WhatsApp-Image-2021-06-23-at-08.14.30.jpeg?resize=525%2C300&ssl=1 1.5x, https:\/\/i0.wp.com\/www.hoymercedes.com.ar\/principal\/wp-content\/uploads\/2021\/06\/WhatsApp-Image-2021-06-23-at-08.14.30.jpeg?resize=700%2C400&ssl=1 2x"},"classes":[]},{"id":34839,"url":"https:\/\/www.hoymercedes.com.ar\/principal\/2014\/08\/02\/mic-mercedes-apoya-candidatura-de-macri-como-presidente\/","url_meta":{"origin":40107,"position":4},"title":"MIC Mercedes apoya candidatura de Macri como Presidente","author":"hoymercedes","date":"2 agosto, 2014","format":false,"excerpt":"El s\u00e1bado 2 de agosto, el MIC en la esquina de calles 22 y 25, con la participaci\u00f3n de los concejales Jos\u00e9 Cestari y Juan Carlos Badano, militantes y fundamentalmente la juventud se sumaron a la acci\u00f3n a nivel nacional del PRO con m\u00e1s de 1.000 puestos repartidos en todo\u2026","rel":"","context":"En \u00abPol\u00edtica\u00bb","block_context":{"text":"Pol\u00edtica","link":"https:\/\/www.hoymercedes.com.ar\/principal\/category\/politica\/"},"img":{"alt_text":"MIC-PRO-I","src":"https:\/\/i0.wp.com\/www.hoymercedes.com.ar\/principal\/wp-content\/uploads\/2014\/08\/MIC-PRO-I.jpg?resize=350%2C200","width":350,"height":200,"srcset":"https:\/\/i0.wp.com\/www.hoymercedes.com.ar\/principal\/wp-content\/uploads\/2014\/08\/MIC-PRO-I.jpg?resize=350%2C200 1x, https:\/\/i0.wp.com\/www.hoymercedes.com.ar\/principal\/wp-content\/uploads\/2014\/08\/MIC-PRO-I.jpg?resize=525%2C300 1.5x"},"classes":[]},{"id":126311,"url":"https:\/\/www.hoymercedes.com.ar\/principal\/2021\/03\/15\/la-juventud-radical-retomo-la-campana-la-vuelta-al-cole\/","url_meta":{"origin":40107,"position":5},"title":"La Juventud Radical retom\u00f3 la campa\u00f1a \u00abLa Vuelta al Cole\u00bb","author":"hoymercedes","date":"15 marzo, 2021","format":false,"excerpt":"Desde la Juventud Radical de Mercedes informaron que retomaron con la campa\u00f1a \"La Vuelta al Cole\", una campa\u00f1a que se enfoca en hacerle llegar a las escuelas p\u00fablicas, \u00fatiles escolares para sus alumnos. Se enfatiz\u00f3 en las instituciones educativos cuyos alumnos no pueden acceder a materiales b\u00e1sicos de estudios, \u00fatiles\u2026","rel":"","context":"En \u00abPol\u00edtica\u00bb","block_context":{"text":"Pol\u00edtica","link":"https:\/\/www.hoymercedes.com.ar\/principal\/category\/politica\/"},"img":{"alt_text":"","src":"https:\/\/i0.wp.com\/www.hoymercedes.com.ar\/principal\/wp-content\/uploads\/2021\/03\/WhatsApp-Image-2021-03-15-at-15.29.18.jpeg?resize=350%2C200&ssl=1","width":350,"height":200,"srcset":"https:\/\/i0.wp.com\/www.hoymercedes.com.ar\/principal\/wp-content\/uploads\/2021\/03\/WhatsApp-Image-2021-03-15-at-15.29.18.jpeg?resize=350%2C200&ssl=1 1x, https:\/\/i0.wp.com\/www.hoymercedes.com.ar\/principal\/wp-content\/uploads\/2021\/03\/WhatsApp-Image-2021-03-15-at-15.29.18.jpeg?resize=525%2C300&ssl=1 1.5x, https:\/\/i0.wp.com\/www.hoymercedes.com.ar\/principal\/wp-content\/uploads\/2021\/03\/WhatsApp-Image-2021-03-15-at-15.29.18.jpeg?resize=700%2C400&ssl=1 2x"},"classes":[]}],"_links":{"self":[{"href":"https:\/\/www.hoymercedes.com.ar\/principal\/wp-json\/wp\/v2\/posts\/40107","targetHints":{"allow":["GET"]}}],"collection":[{"href":"https:\/\/www.hoymercedes.com.ar\/principal\/wp-json\/wp\/v2\/posts"}],"about":[{"href":"https:\/\/www.hoymercedes.com.ar\/principal\/wp-json\/wp\/v2\/types\/post"}],"author":[{"embeddable":true,"href":"https:\/\/www.hoymercedes.com.ar\/principal\/wp-json\/wp\/v2\/users\/1"}],"replies":[{"embeddable":true,"href":"https:\/\/www.hoymercedes.com.ar\/principal\/wp-json\/wp\/v2\/comments?post=40107"}],"version-history":[{"count":0,"href":"https:\/\/www.hoymercedes.com.ar\/principal\/wp-json\/wp\/v2\/posts\/40107\/revisions"}],"wp:attachment":[{"href":"https:\/\/www.hoymercedes.com.ar\/principal\/wp-json\/wp\/v2\/media?parent=40107"}],"wp:term":[{"taxonomy":"category","embeddable":true,"href":"https:\/\/www.hoymercedes.com.ar\/principal\/wp-json\/wp\/v2\/categories?post=40107"},{"taxonomy":"post_tag","embeddable":true,"href":"https:\/\/www.hoymercedes.com.ar\/principal\/wp-json\/wp\/v2\/tags?post=40107"}],"curies":[{"name":"wp","href":"https:\/\/api.w.org\/{rel}","templated":true}]}}