{"id":40119,"date":"2015-03-14T23:39:25","date_gmt":"2015-03-15T02:39:25","guid":{"rendered":"http:\/\/www.hoymercedes.com.ar\/principal\/?p=40119"},"modified":"2015-03-14T23:39:25","modified_gmt":"2015-03-15T02:39:25","slug":"ustarroz-resalto-la-necesidad-de-articular-lo-publico-y-lo-privado-para-el-desarrollo-de-la-ciudad","status":"publish","type":"post","link":"https:\/\/www.hoymercedes.com.ar\/principal\/2015\/03\/14\/ustarroz-resalto-la-necesidad-de-articular-lo-publico-y-lo-privado-para-el-desarrollo-de-la-ciudad\/","title":{"rendered":"Ustarroz resalt\u00f3 la necesidad de articular \u201clo p\u00fablico y lo privado\u201d para el desarrollo de la ciudad"},"content":{"rendered":"<p><a href=\"https:\/\/www.hoymercedes.com.ar\/principal\/wp-content\/uploads\/2015\/03\/Ustarroz-Seminario.jpg\"><img loading=\"lazy\" decoding=\"async\" data-attachment-id=\"40120\" data-permalink=\"https:\/\/www.hoymercedes.com.ar\/principal\/2015\/03\/14\/ustarroz-resalto-la-necesidad-de-articular-lo-publico-y-lo-privado-para-el-desarrollo-de-la-ciudad\/ustarroz-seminario\/#main\" data-orig-file=\"https:\/\/www.hoymercedes.com.ar\/principal\/wp-content\/uploads\/2015\/03\/Ustarroz-Seminario.jpg\" data-orig-size=\"620,414\" data-comments-opened=\"1\" data-image-meta=\"{&quot;aperture&quot;:&quot;0&quot;,&quot;credit&quot;:&quot;&quot;,&quot;camera&quot;:&quot;&quot;,&quot;caption&quot;:&quot;&quot;,&quot;created_timestamp&quot;:&quot;0&quot;,&quot;copyright&quot;:&quot;&quot;,&quot;focal_length&quot;:&quot;0&quot;,&quot;iso&quot;:&quot;0&quot;,&quot;shutter_speed&quot;:&quot;0&quot;,&quot;title&quot;:&quot;&quot;,&quot;orientation&quot;:&quot;0&quot;}\" data-image-title=\"Ustarroz-Seminario\" data-image-description=\"\" data-image-caption=\"\" data-large-file=\"https:\/\/www.hoymercedes.com.ar\/principal\/wp-content\/uploads\/2015\/03\/Ustarroz-Seminario.jpg\" class=\"Img2014 aligncenter wp-image-40120 size-full\" title=\"Juan Ustarroz\" src=\"https:\/\/www.hoymercedes.com.ar\/principal\/wp-content\/uploads\/2015\/03\/Ustarroz-Seminario.jpg\" alt=\"Ustarroz-Seminario\" width=\"620\" height=\"414\" \/><\/a><\/p>\n<p><em><strong>El presidente del bloque de concejales del Frente Mercedino para la Victoria, Juan Ignacio Ustarroz, resalt\u00f3 la necesidad de la articulaci\u00f3n \u201centre el sector p\u00fablico y el sector privado\u201d para el crecimiento sostenido de la ciudad, uno de las conclusiones destacadas de lo que fue el IX Seminario Internacional sobre Centros Comerciales a cielo abierto.<\/strong><\/em><\/p>\n<p>\u201cLa articulaci\u00f3n entre los sectores p\u00fablico y privado es fundamental para sostener el desarrollo de nuestra ciudad, y tambi\u00e9n es muy importante en el sector comercial, que es el que m\u00e1s puestos de empleo genera en Mercedes -explic\u00f3 Juani Ustarroz-. No es solo la generaci\u00f3n de trabajo genuino, sino tambi\u00e9n el dinamismo de la econom\u00eda regional que eso representa. No es casual que haya sido uno de los puntos salientes del seminario\u201d.<\/p>\n<p>\u201cDesde nuestro espacio, por eso mismo \u2013agreg\u00f3-, tratamos de articular en forma permanente con la C\u00e1mara Econ\u00f3mica para la instrumentaci\u00f3n de herramientas del Estado que los comerciantes tienen a su disposici\u00f3n, o para llevar adelante en conjunto distintos programas como el Pronuree de ahorro de energ\u00eda o el \u2019Ahora 12\u2019\u201d.<\/p>\n<p>El encuentro, del que participaron integrantes de los equipos t\u00e9cnicos del Frente Mercedino y el gerente de la C\u00e1mara Econ\u00f3mica de nuestra ciudad, Ariel Pietrucha, se realiz\u00f3 en Parque Norte y cont\u00f3 con representantes de todas las provincias del pa\u00eds.<\/p>\n<p>Estuvo organizado por la Confederaci\u00f3n Argentina de la Mediana Empresa (CAME), hubo m\u00e1s de mil delegados de 450 c\u00e1maras del pa\u00eds, asistieron invitados de Espa\u00f1a y cont\u00f3 con la exposici\u00f3n del Secretario de Comercio Interior de la Naci\u00f3n, licenciado Augusto Costa.<\/p>\n<p>Fue Oscar Antonione, representante justamente de la CAME, quien puso el eje de su exposici\u00f3n en \u201cla necesidad de fortalecer las relaciones del sector p\u00fablico y privado para contribuir a las mejoras de los Centros Comerciales a Cielo Abierto. Todo esto conlleva a la generaci\u00f3n de m\u00e1s p\u00fablico y, por ende, de mayor cantidad de ventas\u201d, explic\u00f3.<\/p>\n<p>Por su parte, el presidente del Ente Tucum\u00e1n Turismo y presidente del Consejo Federal de Turismo Argentino, Bernardo Racedo Arag\u00f3n, hizo hincapi\u00e9 en estrechar el v\u00ednculo en la relaci\u00f3n comercio y turismo coordinando acciones para mejorar la oferta comercial como un atractivo para el sector tur\u00edstico. \u201cDebe haber asociatividad entre los comerciantes y no competencia, ya que la uni\u00f3n posibilita un mayor consumo\u201d, analiz\u00f3.<\/p>\n<p>Tambi\u00e9n habl\u00f3 el intendente de Rafaela, Luis Castellano, quien se\u00f1al\u00f3: \u201cDebemos mirar a la ciudad en su integralidad, observando que hay distintos centros comerciales en otros sectores. Y se debe trabajar tambi\u00e9n en la revalorizaci\u00f3n del espacio p\u00fablico porque es el lugar democr\u00e1tico por excelencia. A partir de eso, tambi\u00e9n se favorece al comerciante que est\u00e1 instalado o se instala en la zona\u201d.<\/p>\n<p>De los invitados extranjeros, intervino primero Carmen Moreno Llaneza, gerente de la Asociaci\u00f3n de Comerciantes de Gij\u00f3n, Asturias (Espa\u00f1a), quien hizo referencia a que \u201cel comercio acerca productos y servicios a las personas, mejora el medio ambiente, fomenta las relaciones sociales, nos hace sentirnos humanos al comprar, hace la ciudad viva para el paseo y crea empleo y riqueza en la ciudad y el pa\u00eds\u201d.<\/p>\n<p>Y finalmente, la espa\u00f1ola\u00a0Patricia Garc\u00eda S\u00e1nchez, gerente del Centro Comercial Abierto Asociaci\u00f3n de Comerciantes Gasteiz On, present\u00f3 los casos exitosos de promociones comerciales en los Centros Comerciales de Vitoria, en el Pa\u00eds Vasco.<\/p>\n<p>\u201cPara dinamizar el centro comercial \u2013dijo-, hay que trazar estrategias para atraer a la gente a los comercios y servicios de la zona. Evitar las fugas de consumo a ciudades o provincias lim\u00edtrofes resulta imprescindible. El fomento de la promoci\u00f3n, desarrollo y consumo de productos aut\u00f3ctonos puede traer grandes beneficios, al igual que la divulgaci\u00f3n de la cultura gastron\u00f3mica del lugar\u201d.<\/p>\n<p>Ustarroz, en este sentido, record\u00f3 el ejemplo del acuerdo alcanzado entre la ANSES y los corralones de la ciudad para darles beneficios y descuentos a los vecinos que salieron sorteados en los cr\u00e9ditos hipotecarios del plan Procrear.<\/p>\n<p>\u201cMuch\u00edsimos vecinos se iban a otras ciudades a buscar mejores precios en el tema de la construcci\u00f3n, y a partir de este convenio logramos revertir esta tendencia. Lo mismo hicimos con el proyecto del \u2018Compre Mercedino\u2019 presentado oportunamente en el Honorable Concejo Deliberante. Porque la idea central es que el dinero de los mercedinos se quede en Mercedes y nos permita fortalecer la econom\u00eda local\u201d, concluy\u00f3.<\/p>\n<p>&nbsp;<\/p>\n<p>&nbsp;<\/p>\n<p>&nbsp;<\/p>\n","protected":false},"excerpt":{"rendered":"<p>El presidente del bloque de concejales del Frente Mercedino para la Victoria, Juan Ignacio Ustarroz, resalt\u00f3 la necesidad de la &#8230; <a title=\"Ustarroz resalt\u00f3 la necesidad de articular \u201clo p\u00fablico y lo privado\u201d para el desarrollo de la ciudad\" class=\"read-more\" href=\"https:\/\/www.hoymercedes.com.ar\/principal\/2015\/03\/14\/ustarroz-resalto-la-necesidad-de-articular-lo-publico-y-lo-privado-para-el-desarrollo-de-la-ciudad\/\" aria-label=\"Leer m\u00e1s sobre Ustarroz resalt\u00f3 la necesidad de articular \u201clo p\u00fablico y lo privado\u201d para el desarrollo de la ciudad\">Leer m\u00e1s<\/a><\/p>\n","protected":false},"author":1,"featured_media":0,"comment_status":"open","ping_status":"open","sticky":false,"template":"","format":"standard","meta":{"_monsterinsights_skip_tracking":false,"_monsterinsights_sitenote_active":false,"_monsterinsights_sitenote_note":"","_monsterinsights_sitenote_category":0,"jetpack_post_was_ever_published":false,"_jetpack_newsletter_access":"","_jetpack_dont_email_post_to_subs":false,"_jetpack_newsletter_tier_id":0,"_jetpack_memberships_contains_paywalled_content":false,"_jetpack_memberships_contains_paid_content":false,"footnotes":"","jetpack_publicize_message":"","jetpack_publicize_feature_enabled":true,"jetpack_social_post_already_shared":true,"jetpack_social_options":{"image_generator_settings":{"template":"highway","default_image_id":0,"font":"","enabled":false},"version":2},"_wpas_customize_per_network":false},"categories":[5],"tags":[585],"class_list":["post-40119","post","type-post","status-publish","format-standard","hentry","category-politica","tag-juan-ustarroz","generate-columns","tablet-grid-50","mobile-grid-100","grid-parent","grid-50"],"jetpack_publicize_connections":[],"jetpack_featured_media_url":"","wps_subtitle":"Centros Comerciales a Cielo Abierto","jetpack_sharing_enabled":true,"jetpack-related-posts":[{"id":182040,"url":"https:\/\/www.hoymercedes.com.ar\/principal\/2025\/01\/22\/ustarroz-la-articulacion-publico-privada-nos-permite-dar-buenas-respuestas\/","url_meta":{"origin":40119,"position":0},"title":"Ustarroz:\u00a0\u201cLa articulaci\u00f3n p\u00fablico-privada nos permite dar buenas respuestas\u201d","author":"hoymercedes","date":"22 enero, 2025","format":false,"excerpt":"El intendente Juan Ignacio Ustarroz sostuvo que \u201cla articulaci\u00f3n entre lo p\u00fablico y lo privado permite dar buenas respuestas\u201d y resalt\u00f3 la importancia \u201cde generar mesas de trabajo en forma permanente\u201d, durante una visita que hizo al Sector Industrial Planificado junto con funcionarios del ministerio de Producci\u00f3n, Ciencia e Innovaci\u00f3n\u2026","rel":"","context":"En \u00abMunicipio\u00bb","block_context":{"text":"Municipio","link":"https:\/\/www.hoymercedes.com.ar\/principal\/category\/municipio\/"},"img":{"alt_text":"Ustarroz:\u00a0\u201cLa articulaci\u00f3n p\u00fablico-privada nos permite dar buenas respuestas\u201d","src":"https:\/\/i0.wp.com\/www.hoymercedes.com.ar\/principal\/wp-content\/uploads\/2025\/01\/Ustarroz-ParqueIndustrial-scaled.jpg?resize=350%2C200&ssl=1","width":350,"height":200,"srcset":"https:\/\/i0.wp.com\/www.hoymercedes.com.ar\/principal\/wp-content\/uploads\/2025\/01\/Ustarroz-ParqueIndustrial-scaled.jpg?resize=350%2C200&ssl=1 1x, https:\/\/i0.wp.com\/www.hoymercedes.com.ar\/principal\/wp-content\/uploads\/2025\/01\/Ustarroz-ParqueIndustrial-scaled.jpg?resize=525%2C300&ssl=1 1.5x, https:\/\/i0.wp.com\/www.hoymercedes.com.ar\/principal\/wp-content\/uploads\/2025\/01\/Ustarroz-ParqueIndustrial-scaled.jpg?resize=700%2C400&ssl=1 2x, https:\/\/i0.wp.com\/www.hoymercedes.com.ar\/principal\/wp-content\/uploads\/2025\/01\/Ustarroz-ParqueIndustrial-scaled.jpg?resize=1050%2C600&ssl=1 3x, https:\/\/i0.wp.com\/www.hoymercedes.com.ar\/principal\/wp-content\/uploads\/2025\/01\/Ustarroz-ParqueIndustrial-scaled.jpg?resize=1400%2C800&ssl=1 4x"},"classes":[]},{"id":187518,"url":"https:\/\/www.hoymercedes.com.ar\/principal\/2025\/09\/04\/ustarroz-llamo-al-sector-industrial-a-trazar-una-agenda-en-clave-productiva\/","url_meta":{"origin":40119,"position":1},"title":"Ustarroz llam\u00f3 al sector industrial a \u201ctrazar una agenda en clave productiva\u201d","author":"hoymercedes","date":"4 septiembre, 2025","format":false,"excerpt":"El intendente\u00a0Juani Ustarroz\u00a0llam\u00f3 al sector industrial a \u201ctrazar una agenda en clave productiva, con un di\u00e1logo honesto y sincero, para edificar un presente y un mejor futuro de la ciudad y de nuestro pa\u00eds\u201d, en el marco del\u00a0I Encuentro Productivo Mercedino, del que participaron distintos representantes del \u00e1rea. \u201cPara hacer\u2026","rel":"","context":"En \u00abMunicipio\u00bb","block_context":{"text":"Municipio","link":"https:\/\/www.hoymercedes.com.ar\/principal\/category\/municipio\/"},"img":{"alt_text":"Ustarroz llam\u00f3 al sector industrial a \u201ctrazar una agenda en clave productiva\u201d","src":"https:\/\/i0.wp.com\/www.hoymercedes.com.ar\/principal\/wp-content\/uploads\/2025\/09\/231.jpg?resize=350%2C200&ssl=1","width":350,"height":200,"srcset":"https:\/\/i0.wp.com\/www.hoymercedes.com.ar\/principal\/wp-content\/uploads\/2025\/09\/231.jpg?resize=350%2C200&ssl=1 1x, https:\/\/i0.wp.com\/www.hoymercedes.com.ar\/principal\/wp-content\/uploads\/2025\/09\/231.jpg?resize=525%2C300&ssl=1 1.5x, https:\/\/i0.wp.com\/www.hoymercedes.com.ar\/principal\/wp-content\/uploads\/2025\/09\/231.jpg?resize=700%2C400&ssl=1 2x, https:\/\/i0.wp.com\/www.hoymercedes.com.ar\/principal\/wp-content\/uploads\/2025\/09\/231.jpg?resize=1050%2C600&ssl=1 3x"},"classes":[]},{"id":131368,"url":"https:\/\/www.hoymercedes.com.ar\/principal\/2021\/06\/06\/recorrida-por-las-obras-en-el-sector-industrial-planificado\/","url_meta":{"origin":40119,"position":2},"title":"Recorrida por las obras en el Sector Industrial Planificado","author":"hoymercedes","date":"6 junio, 2021","format":false,"excerpt":"Por Prensa Municipal - El intendente Juan Ignacio Ustarroz, junto a empresarios y representantes de la C\u00e1mara Econ\u00f3mica, recorri\u00f3 el Parque Industrial donde se vienen realizando obras de infraestructura que le permiten a las empresas poder expandirse e invertir en nuestra ciudad. En este caso, adem\u00e1s, se reconoci\u00f3 el gran\u2026","rel":"","context":"En \u00abMunicipio\u00bb","block_context":{"text":"Municipio","link":"https:\/\/www.hoymercedes.com.ar\/principal\/category\/municipio\/"},"img":{"alt_text":"","src":"https:\/\/i0.wp.com\/www.hoymercedes.com.ar\/principal\/wp-content\/uploads\/2021\/06\/DSC07339.jpg?resize=350%2C200&ssl=1","width":350,"height":200,"srcset":"https:\/\/i0.wp.com\/www.hoymercedes.com.ar\/principal\/wp-content\/uploads\/2021\/06\/DSC07339.jpg?resize=350%2C200&ssl=1 1x, https:\/\/i0.wp.com\/www.hoymercedes.com.ar\/principal\/wp-content\/uploads\/2021\/06\/DSC07339.jpg?resize=525%2C300&ssl=1 1.5x, https:\/\/i0.wp.com\/www.hoymercedes.com.ar\/principal\/wp-content\/uploads\/2021\/06\/DSC07339.jpg?resize=700%2C400&ssl=1 2x"},"classes":[]},{"id":179614,"url":"https:\/\/www.hoymercedes.com.ar\/principal\/2024\/10\/15\/desde-la-pba-estamos-fortaleciendo-nuestro-acompanamiento-al-sector-privado\/","url_meta":{"origin":40119,"position":3},"title":"\u00abDesde la PBA estamos fortaleciendo nuestro acompa\u00f1amiento al sector privado\u00bb","author":"hoymercedes","date":"15 octubre, 2024","format":false,"excerpt":"El ministro particip\u00f3 de la 76\u00b0 Exposici\u00f3n de Ganader\u00eda, Agricultura, Industria y Comercio en Mercedes y la Fiesta Nacional del Caballo en Bragado. El ministro de Desarrollo Agrario de la provincia de Buenos Aires, Javier Rodr\u00edguez, particip\u00f3 de la 76\u00b0 Exposici\u00f3n de Ganader\u00eda, Agricultura, Industria y Comercio en el municipio\u2026","rel":"","context":"En \u00abSociedad\u00bb","block_context":{"text":"Sociedad","link":"https:\/\/www.hoymercedes.com.ar\/principal\/category\/sociedad\/"},"img":{"alt_text":"\"Desde la PBA estamos fortaleciendo nuestro acompa\u00f1amiento al sector privado\"","src":"https:\/\/i0.wp.com\/www.hoymercedes.com.ar\/principal\/wp-content\/uploads\/2024\/10\/Mercedes-Rural.jpg?resize=350%2C200&ssl=1","width":350,"height":200,"srcset":"https:\/\/i0.wp.com\/www.hoymercedes.com.ar\/principal\/wp-content\/uploads\/2024\/10\/Mercedes-Rural.jpg?resize=350%2C200&ssl=1 1x, https:\/\/i0.wp.com\/www.hoymercedes.com.ar\/principal\/wp-content\/uploads\/2024\/10\/Mercedes-Rural.jpg?resize=525%2C300&ssl=1 1.5x, https:\/\/i0.wp.com\/www.hoymercedes.com.ar\/principal\/wp-content\/uploads\/2024\/10\/Mercedes-Rural.jpg?resize=700%2C400&ssl=1 2x"},"classes":[]},{"id":133698,"url":"https:\/\/www.hoymercedes.com.ar\/principal\/2021\/07\/19\/ustarroz-firma-convenio-para-iniciar-obras-de-infraestructura-en-el-sector-industrial-planificado\/","url_meta":{"origin":40119,"position":4},"title":"Ustarroz firma convenio para iniciar obras de infraestructura en el Sector Industrial Planificado","author":"hoymercedes","date":"19 julio, 2021","format":false,"excerpt":"El intendente Ustarroz firm\u00f3 contrato para la realizaci\u00f3n de una primera etapa de obra p\u00fablica en el Sector Industrial Planificado. Significa mejores condiciones para la Industrias y las PYMES, la generaci\u00f3n de empleo y las condiciones de inversi\u00f3n privada. Es parte de un plan integral de inversi\u00f3n a instancias de\u2026","rel":"","context":"En \u00abMunicipio\u00bb","block_context":{"text":"Municipio","link":"https:\/\/www.hoymercedes.com.ar\/principal\/category\/municipio\/"},"img":{"alt_text":"","src":"https:\/\/i0.wp.com\/www.hoymercedes.com.ar\/principal\/wp-content\/uploads\/2021\/07\/DSC08688.jpg?resize=350%2C200&ssl=1","width":350,"height":200,"srcset":"https:\/\/i0.wp.com\/www.hoymercedes.com.ar\/principal\/wp-content\/uploads\/2021\/07\/DSC08688.jpg?resize=350%2C200&ssl=1 1x, https:\/\/i0.wp.com\/www.hoymercedes.com.ar\/principal\/wp-content\/uploads\/2021\/07\/DSC08688.jpg?resize=525%2C300&ssl=1 1.5x, https:\/\/i0.wp.com\/www.hoymercedes.com.ar\/principal\/wp-content\/uploads\/2021\/07\/DSC08688.jpg?resize=700%2C400&ssl=1 2x, https:\/\/i0.wp.com\/www.hoymercedes.com.ar\/principal\/wp-content\/uploads\/2021\/07\/DSC08688.jpg?resize=1050%2C600&ssl=1 3x"},"classes":[]},{"id":167328,"url":"https:\/\/www.hoymercedes.com.ar\/principal\/2023\/09\/20\/municipio-y-banco-nacion-presentaron-lineas-de-credito-y-apoyo-a-industrial-comercio-y-pymes\/","url_meta":{"origin":40119,"position":5},"title":"Municipio y Banco Naci\u00f3n presentaron l\u00edneas de cr\u00e9dito y apoyo a industrial, comercio y pymes.","author":"hoymercedes","date":"20 septiembre, 2023","format":false,"excerpt":"El intendente Dr. Juan I. Ustarroz acompa\u00f1\u00f3 a la Dra. Julia Strada, directora del Banco Naci\u00f3n, en la presentaci\u00f3n de distintas l\u00edneas de cr\u00e9ditos, programas y apoyo a la industrial, el comercio y las Pymes. Adem\u00e1s, la ocasi\u00f3n fue propicia para que desde la Direcci\u00f3n de Producci\u00f3n municipal se exponga\u2026","rel":"","context":"En \u00abMunicipio\u00bb","block_context":{"text":"Municipio","link":"https:\/\/www.hoymercedes.com.ar\/principal\/category\/municipio\/"},"img":{"alt_text":"","src":"https:\/\/i0.wp.com\/www.hoymercedes.com.ar\/principal\/wp-content\/uploads\/2023\/09\/Ustarroz-Strada.2-scaled.jpg?resize=350%2C200&ssl=1","width":350,"height":200,"srcset":"https:\/\/i0.wp.com\/www.hoymercedes.com.ar\/principal\/wp-content\/uploads\/2023\/09\/Ustarroz-Strada.2-scaled.jpg?resize=350%2C200&ssl=1 1x, https:\/\/i0.wp.com\/www.hoymercedes.com.ar\/principal\/wp-content\/uploads\/2023\/09\/Ustarroz-Strada.2-scaled.jpg?resize=525%2C300&ssl=1 1.5x, https:\/\/i0.wp.com\/www.hoymercedes.com.ar\/principal\/wp-content\/uploads\/2023\/09\/Ustarroz-Strada.2-scaled.jpg?resize=700%2C400&ssl=1 2x, https:\/\/i0.wp.com\/www.hoymercedes.com.ar\/principal\/wp-content\/uploads\/2023\/09\/Ustarroz-Strada.2-scaled.jpg?resize=1050%2C600&ssl=1 3x, https:\/\/i0.wp.com\/www.hoymercedes.com.ar\/principal\/wp-content\/uploads\/2023\/09\/Ustarroz-Strada.2-scaled.jpg?resize=1400%2C800&ssl=1 4x"},"classes":[]}],"_links":{"self":[{"href":"https:\/\/www.hoymercedes.com.ar\/principal\/wp-json\/wp\/v2\/posts\/40119","targetHints":{"allow":["GET"]}}],"collection":[{"href":"https:\/\/www.hoymercedes.com.ar\/principal\/wp-json\/wp\/v2\/posts"}],"about":[{"href":"https:\/\/www.hoymercedes.com.ar\/principal\/wp-json\/wp\/v2\/types\/post"}],"author":[{"embeddable":true,"href":"https:\/\/www.hoymercedes.com.ar\/principal\/wp-json\/wp\/v2\/users\/1"}],"replies":[{"embeddable":true,"href":"https:\/\/www.hoymercedes.com.ar\/principal\/wp-json\/wp\/v2\/comments?post=40119"}],"version-history":[{"count":0,"href":"https:\/\/www.hoymercedes.com.ar\/principal\/wp-json\/wp\/v2\/posts\/40119\/revisions"}],"wp:attachment":[{"href":"https:\/\/www.hoymercedes.com.ar\/principal\/wp-json\/wp\/v2\/media?parent=40119"}],"wp:term":[{"taxonomy":"category","embeddable":true,"href":"https:\/\/www.hoymercedes.com.ar\/principal\/wp-json\/wp\/v2\/categories?post=40119"},{"taxonomy":"post_tag","embeddable":true,"href":"https:\/\/www.hoymercedes.com.ar\/principal\/wp-json\/wp\/v2\/tags?post=40119"}],"curies":[{"name":"wp","href":"https:\/\/api.w.org\/{rel}","templated":true}]}}