{"id":40137,"date":"2015-03-16T08:52:57","date_gmt":"2015-03-16T11:52:57","guid":{"rendered":"http:\/\/www.hoymercedes.com.ar\/principal\/?p=40137"},"modified":"2015-04-11T19:41:05","modified_gmt":"2015-04-11T22:41:05","slug":"mic-en-jornada-nacional-de-mesas-del-pro","status":"publish","type":"post","link":"https:\/\/www.hoymercedes.com.ar\/principal\/2015\/03\/16\/mic-en-jornada-nacional-de-mesas-del-pro\/","title":{"rendered":"MIC en jornada nacional de mesas del PRO"},"content":{"rendered":"<p><a href=\"https:\/\/www.hoymercedes.com.ar\/principal\/wp-content\/uploads\/2015\/03\/pro.jpg\"><img loading=\"lazy\" decoding=\"async\" data-attachment-id=\"40138\" data-permalink=\"https:\/\/www.hoymercedes.com.ar\/principal\/2015\/03\/16\/mic-en-jornada-nacional-de-mesas-del-pro\/pro\/#main\" data-orig-file=\"https:\/\/www.hoymercedes.com.ar\/principal\/wp-content\/uploads\/2015\/03\/pro.jpg\" data-orig-size=\"620,485\" data-comments-opened=\"1\" data-image-meta=\"{&quot;aperture&quot;:&quot;0&quot;,&quot;credit&quot;:&quot;&quot;,&quot;camera&quot;:&quot;&quot;,&quot;caption&quot;:&quot;&quot;,&quot;created_timestamp&quot;:&quot;0&quot;,&quot;copyright&quot;:&quot;&quot;,&quot;focal_length&quot;:&quot;0&quot;,&quot;iso&quot;:&quot;0&quot;,&quot;shutter_speed&quot;:&quot;0&quot;,&quot;title&quot;:&quot;&quot;,&quot;orientation&quot;:&quot;0&quot;}\" data-image-title=\"pro\" data-image-description=\"\" data-image-caption=\"\" data-large-file=\"https:\/\/www.hoymercedes.com.ar\/principal\/wp-content\/uploads\/2015\/03\/pro.jpg\" class=\"aligncenter size-full wp-image-40138\" src=\"https:\/\/www.hoymercedes.com.ar\/principal\/wp-content\/uploads\/2015\/03\/pro.jpg\" alt=\"pro\" width=\"620\" height=\"485\" \/><\/a><\/p>\n<p><em><strong><span style=\"color: #000000;\">El s\u00e1bado 14 de marzo se llev\u00f3 a cabo la jornada nacional de mesas del Pro. El MIC Pro en Mercedes estuvo en dos lugares, la esquina de calle 24 y 25; y tambi\u00e9n en calle 18 y Avenida 29. Participaron referentes de la fuerza pol\u00edtica junto a la juventud.<\/span><\/strong><\/em><\/p>\n<p><span style=\"color: #000000;\">El Precandidato a Intendente por Mercedes, concejal Jos\u00e9 Cestari, y una delegaci\u00f3n del MIC, fueron invitados a visitar la zona comercial de Ramos Mej\u00eda, Partido de la Matanza. Recorrieron la zona con el Precandidato a Presidente Mauricio Macri y la Precandidata a Gobernadora Mar\u00eda Eugenia Vidal. Fue significativo el nivel de adhesi\u00f3n de los vecinos en el recorrido. Se percibe claramente que la sociedad quiere un cambio y Mauricio Macri es la opci\u00f3n en el 2015.<\/span><\/p>\n<p><span style=\"color: #000000;\">Tambi\u00e9n la juventud del MIC fue a pintar las instalaciones del Jard\u00edn 910, ubicado en la esquina de calles 13 y 106, junto a otras fuerzas pol\u00edticas, grupos juveniles y j\u00f3venes mercedinos que se sumaron al voluntariado.<\/span><\/p>\n<p>&nbsp;<\/p>\n<p>&nbsp;<\/p>\n","protected":false},"excerpt":{"rendered":"<p>El s\u00e1bado 14 de marzo se llev\u00f3 a cabo la jornada nacional de mesas del Pro. El MIC Pro en &#8230; <a title=\"MIC en jornada nacional de mesas del PRO\" class=\"read-more\" href=\"https:\/\/www.hoymercedes.com.ar\/principal\/2015\/03\/16\/mic-en-jornada-nacional-de-mesas-del-pro\/\" aria-label=\"Leer m\u00e1s sobre MIC en jornada nacional de mesas del PRO\">Leer m\u00e1s<\/a><\/p>\n","protected":false},"author":1,"featured_media":0,"comment_status":"open","ping_status":"open","sticky":false,"template":"","format":"standard","meta":{"_monsterinsights_skip_tracking":false,"_monsterinsights_sitenote_active":false,"_monsterinsights_sitenote_note":"","_monsterinsights_sitenote_category":0,"jetpack_post_was_ever_published":false,"_jetpack_newsletter_access":"","_jetpack_dont_email_post_to_subs":false,"_jetpack_newsletter_tier_id":0,"_jetpack_memberships_contains_paywalled_content":false,"_jetpack_memberships_contains_paid_content":false,"footnotes":"","jetpack_publicize_message":"","jetpack_publicize_feature_enabled":true,"jetpack_social_post_already_shared":true,"jetpack_social_options":{"image_generator_settings":{"template":"highway","default_image_id":0,"font":"","enabled":false},"version":2},"_wpas_customize_per_network":false},"categories":[5],"tags":[321,1972,633],"class_list":["post-40137","post","type-post","status-publish","format-standard","hentry","category-politica","tag-jose-cestari","tag-mic","tag-pro","generate-columns","tablet-grid-50","mobile-grid-100","grid-parent","grid-50"],"jetpack_publicize_connections":[],"jetpack_featured_media_url":"","wps_subtitle":"Radio C\u00e9ntrico","jetpack_sharing_enabled":true,"jetpack-related-posts":[{"id":42051,"url":"https:\/\/www.hoymercedes.com.ar\/principal\/2015\/05\/30\/maraton-mauricio-2015-desde-el-mic-pro-siguiendo-la-actividad-a-nivel-nacional\/","url_meta":{"origin":40137,"position":0},"title":"\u00abMarat\u00f3n Mauricio 2015\u00bb, desde el MIC-PRO, siguiendo la actividad a nivel nacional","author":"hoymercedes","date":"30 mayo, 2015","format":false,"excerpt":"En correlaci\u00f3n con lo efectuado a nivel nacional el MIC de Mercedes en la l\u00ednea de Jos\u00e9 Cestari y Carlos Badano llev\u00f3 adelante la campa\u00f1a \u201cMarat\u00f3n Mauricio 2015\u201d donde colocaron mesas en distintos espacios de la ciudad y tocaron timbre en las casas de los mercedinos para hacerles llegar informaci\u00f3n\u2026","rel":"","context":"En \u00abSociedad\u00bb","block_context":{"text":"Sociedad","link":"https:\/\/www.hoymercedes.com.ar\/principal\/category\/sociedad\/"},"img":{"alt_text":"","src":"https:\/\/i0.wp.com\/www.hoymercedes.com.ar\/principal\/wp-content\/uploads\/2015\/05\/mic-pro-cestari-campa%C3%B1a2015.jpg?resize=350%2C200&ssl=1","width":350,"height":200,"srcset":"https:\/\/i0.wp.com\/www.hoymercedes.com.ar\/principal\/wp-content\/uploads\/2015\/05\/mic-pro-cestari-campa%C3%B1a2015.jpg?resize=350%2C200&ssl=1 1x, https:\/\/i0.wp.com\/www.hoymercedes.com.ar\/principal\/wp-content\/uploads\/2015\/05\/mic-pro-cestari-campa%C3%B1a2015.jpg?resize=525%2C300&ssl=1 1.5x"},"classes":[]},{"id":32749,"url":"https:\/\/www.hoymercedes.com.ar\/principal\/2014\/05\/11\/mic-mercedes-lanzado-con-el-pro-y-macri\/","url_meta":{"origin":40137,"position":1},"title":"MIC y Jos\u00e9 Cestari relanzados con el PRO y Macri","author":"hoymercedes","date":"11 mayo, 2014","format":false,"excerpt":"El espacio pol\u00edtico de Jos\u00e9 Cestari ha dado un giro importante. Se ha incorporado plenamente a una fuerza nacional y a una figura central: Mauricio Macri y el PRO, que buscan construir en la provincia y el pa\u00eds con miras al 2015.\u00a0 Desde el Mercedes Independiente Comunal, que tiene a\u2026","rel":"","context":"En \u00abPol\u00edtica\u00bb","block_context":{"text":"Pol\u00edtica","link":"https:\/\/www.hoymercedes.com.ar\/principal\/category\/politica\/"},"img":{"alt_text":"MIC-PRO-II","src":"https:\/\/i0.wp.com\/www.hoymercedes.com.ar\/principal\/wp-content\/uploads\/2014\/05\/MIC-PRO-II.jpg?resize=350%2C200","width":350,"height":200,"srcset":"https:\/\/i0.wp.com\/www.hoymercedes.com.ar\/principal\/wp-content\/uploads\/2014\/05\/MIC-PRO-II.jpg?resize=350%2C200 1x, https:\/\/i0.wp.com\/www.hoymercedes.com.ar\/principal\/wp-content\/uploads\/2014\/05\/MIC-PRO-II.jpg?resize=525%2C300 1.5x"},"classes":[]},{"id":39772,"url":"https:\/\/www.hoymercedes.com.ar\/principal\/2015\/02\/25\/mic-pro-junto-a-jorge-macri-en-encuentro-en-pilar\/","url_meta":{"origin":40137,"position":2},"title":"MIC-PRO junto a Jorge Macri en encuentro en Pilar","author":"hoymercedes","date":"25 febrero, 2015","format":false,"excerpt":"El precandidato a intendente, Jos\u00e9 Cestari, fue invitado por el precandidato a intendente de Pilar, Nicol\u00e1s Ducote, el d\u00eda martes 24 de febrero en horas de la tarde noche, para participar de una charla pol\u00edtica con al actual intendente de Vicente L\u00f3pez Jorge Macri. Fueron oradores del evento Nicol\u00e1s Ducote\u2026","rel":"","context":"En \u00abSociedad\u00bb","block_context":{"text":"Sociedad","link":"https:\/\/www.hoymercedes.com.ar\/principal\/category\/sociedad\/"},"img":{"alt_text":"cestari-jorgemacri-pilar","src":"https:\/\/i0.wp.com\/www.hoymercedes.com.ar\/principal\/wp-content\/uploads\/2015\/02\/cestari-jorgemacri-pilar.jpg?resize=350%2C200","width":350,"height":200,"srcset":"https:\/\/i0.wp.com\/www.hoymercedes.com.ar\/principal\/wp-content\/uploads\/2015\/02\/cestari-jorgemacri-pilar.jpg?resize=350%2C200 1x, https:\/\/i0.wp.com\/www.hoymercedes.com.ar\/principal\/wp-content\/uploads\/2015\/02\/cestari-jorgemacri-pilar.jpg?resize=525%2C300 1.5x"},"classes":[]},{"id":41323,"url":"https:\/\/www.hoymercedes.com.ar\/principal\/2015\/05\/01\/el-mic-continua-trabajando-y-profundizando-lazos-con-el-pro-de-macri\/","url_meta":{"origin":40137,"position":3},"title":"El MIC contin\u00faa trabajando y profundizando lazos con el PRO de Macri","author":"hoymercedes","date":"1 mayo, 2015","format":false,"excerpt":"Una delegaci\u00f3n del MIC fue invitada a la localidad de Marcos Paz, por el precandidato a intendente del PRO Jos\u00e9 Arboledas. En dicho evento se encontraban presentes el precandidato del PRO de General Las Heras Pablo Valerga, Fernando Niembro y uno de los m\u00e1s importantes referentes de la Juventud del\u2026","rel":"","context":"En \u00abPol\u00edtica\u00bb","block_context":{"text":"Pol\u00edtica","link":"https:\/\/www.hoymercedes.com.ar\/principal\/category\/politica\/"},"img":{"alt_text":"","src":"https:\/\/i0.wp.com\/www.hoymercedes.com.ar\/principal\/wp-content\/uploads\/2015\/05\/cestari-pro-cena.jpg?resize=350%2C200&ssl=1","width":350,"height":200,"srcset":"https:\/\/i0.wp.com\/www.hoymercedes.com.ar\/principal\/wp-content\/uploads\/2015\/05\/cestari-pro-cena.jpg?resize=350%2C200&ssl=1 1x, https:\/\/i0.wp.com\/www.hoymercedes.com.ar\/principal\/wp-content\/uploads\/2015\/05\/cestari-pro-cena.jpg?resize=525%2C300&ssl=1 1.5x"},"classes":[]},{"id":34839,"url":"https:\/\/www.hoymercedes.com.ar\/principal\/2014\/08\/02\/mic-mercedes-apoya-candidatura-de-macri-como-presidente\/","url_meta":{"origin":40137,"position":4},"title":"MIC Mercedes apoya candidatura de Macri como Presidente","author":"hoymercedes","date":"2 agosto, 2014","format":false,"excerpt":"El s\u00e1bado 2 de agosto, el MIC en la esquina de calles 22 y 25, con la participaci\u00f3n de los concejales Jos\u00e9 Cestari y Juan Carlos Badano, militantes y fundamentalmente la juventud se sumaron a la acci\u00f3n a nivel nacional del PRO con m\u00e1s de 1.000 puestos repartidos en todo\u2026","rel":"","context":"En \u00abPol\u00edtica\u00bb","block_context":{"text":"Pol\u00edtica","link":"https:\/\/www.hoymercedes.com.ar\/principal\/category\/politica\/"},"img":{"alt_text":"MIC-PRO-I","src":"https:\/\/i0.wp.com\/www.hoymercedes.com.ar\/principal\/wp-content\/uploads\/2014\/08\/MIC-PRO-I.jpg?resize=350%2C200","width":350,"height":200,"srcset":"https:\/\/i0.wp.com\/www.hoymercedes.com.ar\/principal\/wp-content\/uploads\/2014\/08\/MIC-PRO-I.jpg?resize=350%2C200 1x, https:\/\/i0.wp.com\/www.hoymercedes.com.ar\/principal\/wp-content\/uploads\/2014\/08\/MIC-PRO-I.jpg?resize=525%2C300 1.5x"},"classes":[]},{"id":36177,"url":"https:\/\/www.hoymercedes.com.ar\/principal\/2014\/09\/18\/mic-sigue-trabajando-fuerte-con-el-g25-del-pro-de-mauricio-macri\/","url_meta":{"origin":40137,"position":5},"title":"MIC sigue trabajando fuerte con el G25 del PRO de Mauricio Macri","author":"hoymercedes","date":"18 septiembre, 2014","format":false,"excerpt":"Una importante delegaci\u00f3n del MIC, encabezada por los concejales Jos\u00e9 Cestari y Juan Carlos Badano, asisti\u00f3 al mi\u00e9rcoles a la charla \u2013 debate \u201cLa Argentina que queremos es posible. Hag\u00e1mosla realidad juntos\u201d en la que se pudo conversar sobre pol\u00edticas de seguridad, justicia, educaci\u00f3n, econom\u00eda con Mar\u00eda Eugenia Vidal y\u2026","rel":"","context":"En \u00abPol\u00edtica\u00bb","block_context":{"text":"Pol\u00edtica","link":"https:\/\/www.hoymercedes.com.ar\/principal\/category\/politica\/"},"img":{"alt_text":"Cestari-Badano-VIdal","src":"https:\/\/i0.wp.com\/www.hoymercedes.com.ar\/principal\/wp-content\/uploads\/2014\/09\/Cestari-Badano-VIdal.jpg?resize=350%2C200","width":350,"height":200,"srcset":"https:\/\/i0.wp.com\/www.hoymercedes.com.ar\/principal\/wp-content\/uploads\/2014\/09\/Cestari-Badano-VIdal.jpg?resize=350%2C200 1x, https:\/\/i0.wp.com\/www.hoymercedes.com.ar\/principal\/wp-content\/uploads\/2014\/09\/Cestari-Badano-VIdal.jpg?resize=525%2C300 1.5x"},"classes":[]}],"_links":{"self":[{"href":"https:\/\/www.hoymercedes.com.ar\/principal\/wp-json\/wp\/v2\/posts\/40137","targetHints":{"allow":["GET"]}}],"collection":[{"href":"https:\/\/www.hoymercedes.com.ar\/principal\/wp-json\/wp\/v2\/posts"}],"about":[{"href":"https:\/\/www.hoymercedes.com.ar\/principal\/wp-json\/wp\/v2\/types\/post"}],"author":[{"embeddable":true,"href":"https:\/\/www.hoymercedes.com.ar\/principal\/wp-json\/wp\/v2\/users\/1"}],"replies":[{"embeddable":true,"href":"https:\/\/www.hoymercedes.com.ar\/principal\/wp-json\/wp\/v2\/comments?post=40137"}],"version-history":[{"count":0,"href":"https:\/\/www.hoymercedes.com.ar\/principal\/wp-json\/wp\/v2\/posts\/40137\/revisions"}],"wp:attachment":[{"href":"https:\/\/www.hoymercedes.com.ar\/principal\/wp-json\/wp\/v2\/media?parent=40137"}],"wp:term":[{"taxonomy":"category","embeddable":true,"href":"https:\/\/www.hoymercedes.com.ar\/principal\/wp-json\/wp\/v2\/categories?post=40137"},{"taxonomy":"post_tag","embeddable":true,"href":"https:\/\/www.hoymercedes.com.ar\/principal\/wp-json\/wp\/v2\/tags?post=40137"}],"curies":[{"name":"wp","href":"https:\/\/api.w.org\/{rel}","templated":true}]}}