{"id":40140,"date":"2015-03-16T08:55:57","date_gmt":"2015-03-16T11:55:57","guid":{"rendered":"http:\/\/www.hoymercedes.com.ar\/principal\/?p=40140"},"modified":"2023-12-10T03:10:36","modified_gmt":"2023-12-10T06:10:36","slug":"400-mercedinos-en-50-comisiones-inician-clases-del-plan-fines","status":"publish","type":"post","link":"https:\/\/www.hoymercedes.com.ar\/principal\/2015\/03\/16\/400-mercedinos-en-50-comisiones-inician-clases-del-plan-fines\/","title":{"rendered":"400 mercedinos en 50 comisiones inician clases del Plan Fines"},"content":{"rendered":"<p><a href=\"https:\/\/www.hoymercedes.com.ar\/principal\/wp-content\/uploads\/2015\/03\/PlanFines-Mercedes.jpg\"><img loading=\"lazy\" decoding=\"async\" data-attachment-id=\"40141\" data-permalink=\"https:\/\/www.hoymercedes.com.ar\/principal\/2015\/03\/16\/400-mercedinos-en-50-comisiones-inician-clases-del-plan-fines\/planfines-mercedes\/#main\" data-orig-file=\"https:\/\/www.hoymercedes.com.ar\/principal\/wp-content\/uploads\/2015\/03\/PlanFines-Mercedes.jpg\" data-orig-size=\"620,413\" data-comments-opened=\"1\" data-image-meta=\"{&quot;aperture&quot;:&quot;0&quot;,&quot;credit&quot;:&quot;&quot;,&quot;camera&quot;:&quot;&quot;,&quot;caption&quot;:&quot;&quot;,&quot;created_timestamp&quot;:&quot;0&quot;,&quot;copyright&quot;:&quot;&quot;,&quot;focal_length&quot;:&quot;0&quot;,&quot;iso&quot;:&quot;0&quot;,&quot;shutter_speed&quot;:&quot;0&quot;,&quot;title&quot;:&quot;&quot;,&quot;orientation&quot;:&quot;0&quot;}\" data-image-title=\"PlanFines-Mercedes\" data-image-description=\"\" data-image-caption=\"\" data-large-file=\"https:\/\/www.hoymercedes.com.ar\/principal\/wp-content\/uploads\/2015\/03\/PlanFines-Mercedes.jpg\" class=\"Img2014 aligncenter wp-image-40141 \" title=\"Plan Fines Mercedes \" src=\"https:\/\/www.hoymercedes.com.ar\/principal\/wp-content\/uploads\/2015\/03\/PlanFines-Mercedes.jpg\" alt=\"PlanFines-Mercedes\" width=\"921\" height=\"614\" \/><\/a><\/p>\n<p><em><strong>Alrededor de 400 alumnos, repartidos en m\u00e1s de 50 comisiones y 23 locaciones de Mercedes, iniciar\u00e1n este lunes 16 las clases del plan Fines 2, un programa impulsado por el gobierno nacional que permite la finalizaci\u00f3n de los estudios secundarios y que en nuestra ciudad se viene desarrollando con un \u00e9xito rotundo.<\/strong><\/em><\/p>\n<p>\u201cEl Plan FINES 2 es un ejemplo concreto de la idea de educaci\u00f3n inclusiva que se impulsa permanentemente desde el gobierno nacional, de garant\u00eda de derechos, de igualdad de oportunidades, y contar este a\u00f1o con casi 400 nuevos alumnos para nosotros es un motivo de alegr\u00eda y de orgullo\u201d, expres\u00f3 Jorge Luis Montaldo, inspector distrital de la modalidad Adultos y uno de los principales impulsores del programa en nuestra ciudad.<\/p>\n<p>\u201cNosotros no podemos dejar de agradecer el apoyo constante de Juani Ustarroz y de todo el Frente Mercedino para la Victoria, porque es el espacio pol\u00edtico que apoya la iniciativa y ayuda en la gesti\u00f3n de los recursos que se necesitan\u201d, agreg\u00f3 Montaldo.<\/p>\n<p>Las 52 comisiones que se abrir\u00e1n est\u00e1n repartidas en 23 locaciones distintas de nuestra ciudad, desde barrios como el Ravello o el Marchetti hasta localidades m\u00e1s distantes, entre ellas Goldney y Gowland. \u201cEl eje del programa es acercar la educaci\u00f3n a los vecinos, independientemente de donde vivan; y tanto autoridades como docentes tenemos la obligaci\u00f3n de darles ese derecho\u201d, explic\u00f3 el inspector de Adultos.<\/p>\n<p>\u201cTodo el esfuerzo y el sacrificio que hacen los alumnos, que en muchos casos deben adaptar su rutina laboral y familiar a su deseo de completar la secundaria, se termina expresando al momento de recibir el diploma. Todav\u00eda recuerdo la emoci\u00f3n del acto de fin de a\u00f1o de 2014, en la Trocha. Ese instante vale completamente la pena\u201d, cont\u00f3.<\/p>\n<p>En efecto, casi 300 vecinos de Mercedes egresaron del plan FINES 2 en diciembre de 2014 y recibieron su diploma en un emotivo acto realizado en el Complejo Cultural La Trocha. El orgullo de los nuevos egresados se puso de manifiesto a lo largo de la fiesta, en la que hubo llantos de alegr\u00eda, abrazos, fotograf\u00edas familiares y m\u00e1s de 1.200 personas.<\/p>\n<p>\u201cEs un orgullo verlos cumplir este sue\u00f1o, porque en su sacrificio por terminar sus estudios secundarios est\u00e1 tambi\u00e9n el sacrificio de sus familias y el deseo de todos de construir un pa\u00eds mejor, una ciudad mejor\u201d, indic\u00f3 entonces Juan Ignacio Ustarroz, presidente del bloque de concejales del Frente Mercedino para la Victoria.<\/p>\n<p>\u201cYo no tengo m\u00e1s que palabras de agradecimiento y de felicitaci\u00f3n. Para los responsables del programa, para los docentes y fundamentalmente para ustedes, los alumnos. Los que egresan hoy y los que todav\u00eda siguen estudiando para tener su t\u00edtulo. Yo no veo hoy una etapa que se cierra, sino muchas puertas que se abren\u201d, concluy\u00f3.<\/p>\n","protected":false},"excerpt":{"rendered":"<p>Alrededor de 400 alumnos, repartidos en m\u00e1s de 50 comisiones y 23 locaciones de Mercedes, iniciar\u00e1n este lunes 16 las &#8230; <a title=\"400 mercedinos en 50 comisiones inician clases del Plan Fines\" class=\"read-more\" href=\"https:\/\/www.hoymercedes.com.ar\/principal\/2015\/03\/16\/400-mercedinos-en-50-comisiones-inician-clases-del-plan-fines\/\" aria-label=\"Leer m\u00e1s sobre 400 mercedinos en 50 comisiones inician clases del Plan Fines\">Leer m\u00e1s<\/a><\/p>\n","protected":false},"author":1,"featured_media":0,"comment_status":"open","ping_status":"open","sticky":false,"template":"","format":"standard","meta":{"_monsterinsights_skip_tracking":false,"_monsterinsights_sitenote_active":false,"_monsterinsights_sitenote_note":"","_monsterinsights_sitenote_category":0,"jetpack_post_was_ever_published":false,"_jetpack_newsletter_access":"","_jetpack_dont_email_post_to_subs":false,"_jetpack_newsletter_tier_id":0,"_jetpack_memberships_contains_paywalled_content":false,"_jetpack_memberships_contains_paid_content":false,"footnotes":"","jetpack_publicize_message":"","jetpack_publicize_feature_enabled":true,"jetpack_social_post_already_shared":true,"jetpack_social_options":{"image_generator_settings":{"template":"highway","default_image_id":0,"font":"","enabled":false},"version":2},"_wpas_customize_per_network":false},"categories":[8],"tags":[7044,5159],"class_list":["post-40140","post","type-post","status-publish","format-standard","hentry","category-sociedad","tag-fines","tag-plan-fines-mercedes","generate-columns","tablet-grid-50","mobile-grid-100","grid-parent","grid-50"],"jetpack_publicize_connections":[],"jetpack_featured_media_url":"","wps_subtitle":"Programa Nacional","jetpack_sharing_enabled":true,"_links":{"self":[{"href":"https:\/\/www.hoymercedes.com.ar\/principal\/wp-json\/wp\/v2\/posts\/40140","targetHints":{"allow":["GET"]}}],"collection":[{"href":"https:\/\/www.hoymercedes.com.ar\/principal\/wp-json\/wp\/v2\/posts"}],"about":[{"href":"https:\/\/www.hoymercedes.com.ar\/principal\/wp-json\/wp\/v2\/types\/post"}],"author":[{"embeddable":true,"href":"https:\/\/www.hoymercedes.com.ar\/principal\/wp-json\/wp\/v2\/users\/1"}],"replies":[{"embeddable":true,"href":"https:\/\/www.hoymercedes.com.ar\/principal\/wp-json\/wp\/v2\/comments?post=40140"}],"version-history":[{"count":0,"href":"https:\/\/www.hoymercedes.com.ar\/principal\/wp-json\/wp\/v2\/posts\/40140\/revisions"}],"wp:attachment":[{"href":"https:\/\/www.hoymercedes.com.ar\/principal\/wp-json\/wp\/v2\/media?parent=40140"}],"wp:term":[{"taxonomy":"category","embeddable":true,"href":"https:\/\/www.hoymercedes.com.ar\/principal\/wp-json\/wp\/v2\/categories?post=40140"},{"taxonomy":"post_tag","embeddable":true,"href":"https:\/\/www.hoymercedes.com.ar\/principal\/wp-json\/wp\/v2\/tags?post=40140"}],"curies":[{"name":"wp","href":"https:\/\/api.w.org\/{rel}","templated":true}]}}