{"id":40158,"date":"2015-03-17T21:35:24","date_gmt":"2015-03-18T00:35:24","guid":{"rendered":"http:\/\/www.hoymercedes.com.ar\/principal\/?p=40158"},"modified":"2015-04-11T19:30:00","modified_gmt":"2015-04-11T22:30:00","slug":"vilma-ripoll-y-guillermo-pacagnini-visitaran-mercedes","status":"publish","type":"post","link":"https:\/\/www.hoymercedes.com.ar\/principal\/2015\/03\/17\/vilma-ripoll-y-guillermo-pacagnini-visitaran-mercedes\/","title":{"rendered":"Vilma Ripoll y Guillermo Pacagnini visitar\u00e1n Mercedes"},"content":{"rendered":"<p><a href=\"https:\/\/www.hoymercedes.com.ar\/principal\/wp-content\/uploads\/2015\/03\/Ripoll-Pa.jpg\"><img loading=\"lazy\" decoding=\"async\" data-attachment-id=\"40159\" data-permalink=\"https:\/\/www.hoymercedes.com.ar\/principal\/2015\/03\/17\/vilma-ripoll-y-guillermo-pacagnini-visitaran-mercedes\/ripoll-pa\/#main\" data-orig-file=\"https:\/\/www.hoymercedes.com.ar\/principal\/wp-content\/uploads\/2015\/03\/Ripoll-Pa.jpg\" data-orig-size=\"620,262\" data-comments-opened=\"1\" data-image-meta=\"{&quot;aperture&quot;:&quot;6.3&quot;,&quot;credit&quot;:&quot;degofotografia&quot;,&quot;camera&quot;:&quot;Canon EOS REBEL T2i&quot;,&quot;caption&quot;:&quot;&quot;,&quot;created_timestamp&quot;:&quot;1374592171&quot;,&quot;copyright&quot;:&quot;&quot;,&quot;focal_length&quot;:&quot;64&quot;,&quot;iso&quot;:&quot;800&quot;,&quot;shutter_speed&quot;:&quot;0.0666666666667&quot;,&quot;title&quot;:&quot;&quot;,&quot;orientation&quot;:&quot;0&quot;}\" data-image-title=\"Ripoll-Pa\" data-image-description=\"\" data-image-caption=\"\" data-large-file=\"https:\/\/www.hoymercedes.com.ar\/principal\/wp-content\/uploads\/2015\/03\/Ripoll-Pa.jpg\" class=\"Img2014 aligncenter wp-image-40159 size-full\" src=\"https:\/\/www.hoymercedes.com.ar\/principal\/wp-content\/uploads\/2015\/03\/Ripoll-Pa.jpg\" alt=\"Ripoll-Pa\" width=\"620\" height=\"262\" \/><\/a><\/p>\n<p><em><strong>La Diputada Nacional Vilma Ripoll volver\u00e1 a visitar nuestra ciudad el pr\u00f3ximo jueves donde dialogar\u00e1 con los medios de comunicaci\u00f3n respecto a distintas tem\u00e1ticas actuales. Lo har\u00e1 junto a\u00a0Guillermo Pacagnini.<\/strong><\/em><\/p>\n<p>Desde cercan\u00edas a Ripoll afirmaron que lo hacen con el objetivo de: \u00abterminar con la impunidad, los privilegios de los funcionarios, la contaminaci\u00f3n y la violencia de g\u00e9nero hace falta una Nueva Izquierda.\u00a0El caso Nisman, inundaciones, cortes de luz, problemas de transporte, femicidios son algunas de las secuelas del gobierno que se va; mientras no tiene programa alternativo para salir de la crisis saltan de frente en frente con c\u00e1lculos electoralistas.\u00a0Desde el MST Nueva Izquierda creemos que se puede ser alternativa desde la izquierda si se abandona el sectarismo. Hay que terminar con los privilegios de pol\u00edticos, sindicalistas, jueces, comisarios y corporaciones. Nuestros pre candidatos son Alejandro Bodart y Vilma Ripoll como presidente y Vice y el m\u00e9dico Guillermo Pacagnini como gobernador\u00bb, remarcaron, dentro de la campa\u00f1a 2015.<\/p>\n<p>Ripoll no es la primera vez que visita Mercedes siendo una de las m\u00e1s recordadas las movilizaciones por las hermanas Jara durante el a\u00f1o que pas\u00f3.<\/p>\n<p>&nbsp;<\/p>\n<p>&nbsp;<\/p>\n<p>&nbsp;<\/p>\n","protected":false},"excerpt":{"rendered":"<p>La Diputada Nacional Vilma Ripoll volver\u00e1 a visitar nuestra ciudad el pr\u00f3ximo jueves donde dialogar\u00e1 con los medios de comunicaci\u00f3n &#8230; <a title=\"Vilma Ripoll y Guillermo Pacagnini visitar\u00e1n Mercedes\" class=\"read-more\" href=\"https:\/\/www.hoymercedes.com.ar\/principal\/2015\/03\/17\/vilma-ripoll-y-guillermo-pacagnini-visitaran-mercedes\/\" aria-label=\"Leer m\u00e1s sobre Vilma Ripoll y Guillermo Pacagnini visitar\u00e1n Mercedes\">Leer m\u00e1s<\/a><\/p>\n","protected":false},"author":1,"featured_media":0,"comment_status":"open","ping_status":"open","sticky":false,"template":"","format":"standard","meta":{"_monsterinsights_skip_tracking":false,"_monsterinsights_sitenote_active":false,"_monsterinsights_sitenote_note":"","_monsterinsights_sitenote_category":0,"jetpack_post_was_ever_published":false,"_jetpack_newsletter_access":"","_jetpack_dont_email_post_to_subs":false,"_jetpack_newsletter_tier_id":0,"_jetpack_memberships_contains_paywalled_content":false,"_jetpack_memberships_contains_paid_content":false,"footnotes":"","jetpack_publicize_message":"","jetpack_publicize_feature_enabled":true,"jetpack_social_post_already_shared":true,"jetpack_social_options":{"image_generator_settings":{"template":"highway","default_image_id":0,"font":"","enabled":false},"version":2},"_wpas_customize_per_network":false},"categories":[5],"tags":[7047,7046],"class_list":["post-40158","post","type-post","status-publish","format-standard","hentry","category-politica","tag-mst-mercedes","tag-vilma-ripoll-y-guillermo-pacagnini","generate-columns","tablet-grid-50","mobile-grid-100","grid-parent","grid-50"],"jetpack_publicize_connections":[],"jetpack_featured_media_url":"","wps_subtitle":"Campa\u00f1a 2015","jetpack_sharing_enabled":true,"jetpack-related-posts":[{"id":40222,"url":"https:\/\/www.hoymercedes.com.ar\/principal\/2015\/03\/19\/vilma-ripoll-para-nosotros-los-jueces-los-tiene-que-elegir-el-voto-popular\/","url_meta":{"origin":40158,"position":0},"title":"Vilma Ripoll: \u201cPara nosotros los jueces los tiene que elegir el voto popular\u201d","author":"hoymercedes","date":"19 marzo, 2015","format":false,"excerpt":"Dos referentes nacionales del MST pasaron por Mercedes y expusieron sobre diversos temas de la actualidad: Nisman, trabajo, industria nacional, justicia, violencia de g\u00e9nero y la necesidad imperiosa de dar un cambio al sector pol\u00edtico hist\u00f3ricamente arraigado en los espacios de gesti\u00f3n. Vilma Ripoll y Guillermo Pacagnini, candidatos a Vicepresidente\u2026","rel":"","context":"En \u00abPol\u00edtica\u00bb","block_context":{"text":"Pol\u00edtica","link":"https:\/\/www.hoymercedes.com.ar\/principal\/category\/politica\/"},"img":{"alt_text":"Vipoll-Pacnanini","src":"https:\/\/i0.wp.com\/www.hoymercedes.com.ar\/principal\/wp-content\/uploads\/2015\/03\/Vipoll-Pacnanini.jpg?resize=350%2C200","width":350,"height":200,"srcset":"https:\/\/i0.wp.com\/www.hoymercedes.com.ar\/principal\/wp-content\/uploads\/2015\/03\/Vipoll-Pacnanini.jpg?resize=350%2C200 1x, https:\/\/i0.wp.com\/www.hoymercedes.com.ar\/principal\/wp-content\/uploads\/2015\/03\/Vipoll-Pacnanini.jpg?resize=525%2C300 1.5x"},"classes":[]},{"id":24429,"url":"https:\/\/www.hoymercedes.com.ar\/principal\/2013\/08\/01\/vilma-ripoll-en-encuentro-abierto-en-mercedes-junto-a-podemos\/","url_meta":{"origin":40158,"position":1},"title":"Vilma Ripoll en encuentro abierto en Mercedes junto a PODEMOS","author":"hoymercedes","date":"1 agosto, 2013","format":false,"excerpt":"El Frente Popular Democr\u00e1tico y Social que lleva a Hugo Bonafina y Jos\u00e9 Lu\u00eds Pisano como pre candidatos a Concejales invita a una reuni\u00f3n abierta este s\u00e1bado con Vilma Ripoll a las 20.00hs en el local del Casa del Pueblo. El comunicado oficial emitido por la fuerza invitando a la\u2026","rel":"","context":"En \u00abPol\u00edtica\u00bb","block_context":{"text":"Pol\u00edtica","link":"https:\/\/www.hoymercedes.com.ar\/principal\/category\/politica\/"},"img":{"alt_text":"Vilma Ripoll en Mercedes ","src":"https:\/\/i0.wp.com\/www.hoymercedes.com.ar\/principal\/wp-content\/uploads\/2013\/08\/reunionvilma.jpg?resize=350%2C200","width":350,"height":200,"srcset":"https:\/\/i0.wp.com\/www.hoymercedes.com.ar\/principal\/wp-content\/uploads\/2013\/08\/reunionvilma.jpg?resize=350%2C200 1x, https:\/\/i0.wp.com\/www.hoymercedes.com.ar\/principal\/wp-content\/uploads\/2013\/08\/reunionvilma.jpg?resize=525%2C300 1.5x"},"classes":[]},{"id":43818,"url":"https:\/\/www.hoymercedes.com.ar\/principal\/2015\/08\/10\/maria-eugenia-vidal-fue-la-mas-votada-en-mercedes-para-provincia\/","url_meta":{"origin":40158,"position":2},"title":"Mar\u00eda Eugenia Vidal fue la m\u00e1s votada en Mercedes para Provincia","author":"hoymercedes","date":"10 agosto, 2015","format":false,"excerpt":"\u00a0 En Mercedes tambi\u00e9n se votaron pre candidatos a gobernador por la Provincia de Buenos Aires. En dicho rubro Mar\u00eda Eugenia Vidal, del PRO, logr\u00f3 desde el \u201cFrente Cambiemos\u201d el 38.94% seguida por Felipe Sol\u00e1 de \u201cUna Nueva Alternativa\u201d con el 20.79% y cierre el podio de los tres primeros\u2026","rel":"","context":"En \u00abPol\u00edtica\u00bb","block_context":{"text":"Pol\u00edtica","link":"https:\/\/www.hoymercedes.com.ar\/principal\/category\/politica\/"},"img":{"alt_text":"","src":"https:\/\/i0.wp.com\/www.hoymercedes.com.ar\/principal\/wp-content\/uploads\/2014\/10\/eugenia-vidal-mercedes.jpg?resize=350%2C200&ssl=1","width":350,"height":200,"srcset":"https:\/\/i0.wp.com\/www.hoymercedes.com.ar\/principal\/wp-content\/uploads\/2014\/10\/eugenia-vidal-mercedes.jpg?resize=350%2C200&ssl=1 1x, https:\/\/i0.wp.com\/www.hoymercedes.com.ar\/principal\/wp-content\/uploads\/2014\/10\/eugenia-vidal-mercedes.jpg?resize=525%2C300&ssl=1 1.5x"},"classes":[]},{"id":95209,"url":"https:\/\/www.hoymercedes.com.ar\/principal\/2019\/06\/15\/se-lanzo-frente-de-izquierda-unidad\/","url_meta":{"origin":40158,"position":3},"title":"Se lanz\u00f3 Frente de Izquierda-Unidad","author":"hoymercedes","date":"15 junio, 2019","format":false,"excerpt":"Las fuerzas integrantes del Frente de Izquierda\u00a0 (Partido Obrero, Partido de Trabajadores por el Socialismo, Izquierda Socialista) y el Movimiento Socialista de los Trabajadores presentaron esta tarde la alianza Frente de Izquierda-Unidad, que participar\u00e1 en todo el pa\u00eds en las elecciones. En Mercedes se espera la confirmaci\u00f3n de los candidatos\u2026","rel":"","context":"En \u00abPol\u00edtica\u00bb","block_context":{"text":"Pol\u00edtica","link":"https:\/\/www.hoymercedes.com.ar\/principal\/category\/politica\/"},"img":{"alt_text":"","src":"https:\/\/i0.wp.com\/www.hoymercedes.com.ar\/principal\/wp-content\/uploads\/2019\/06\/15-izquierda.jpeg?resize=350%2C200&ssl=1","width":350,"height":200,"srcset":"https:\/\/i0.wp.com\/www.hoymercedes.com.ar\/principal\/wp-content\/uploads\/2019\/06\/15-izquierda.jpeg?resize=350%2C200&ssl=1 1x, https:\/\/i0.wp.com\/www.hoymercedes.com.ar\/principal\/wp-content\/uploads\/2019\/06\/15-izquierda.jpeg?resize=525%2C300&ssl=1 1.5x, https:\/\/i0.wp.com\/www.hoymercedes.com.ar\/principal\/wp-content\/uploads\/2019\/06\/15-izquierda.jpeg?resize=700%2C400&ssl=1 2x"},"classes":[]},{"id":24532,"url":"https:\/\/www.hoymercedes.com.ar\/principal\/2013\/08\/04\/podemos-vilma-ripoll-presento-ideas-propuestas-y-dialogo-con-mercedinos\/","url_meta":{"origin":40158,"position":4},"title":"PODEMOS: Vilma Ripoll present\u00f3 ideas, propuestas y dialog\u00f3 con mercedinos","author":"hoymercedes","date":"4 agosto, 2013","format":false,"excerpt":"Este s\u00e1bado Mercedes volvi\u00f3 a contar con al visita de la tradicional dirigente pol\u00edtica Vilma Ripoll, actual pre candidata a diputada por el Frente PODEMOS. Particip\u00f3 de una nutrida reuni\u00f3n de intercambio de ideas y debates en el espacio de Casa del Pueblo con diversos dirigentes locales, como los pre\u2026","rel":"","context":"En \u00abPol\u00edtica\u00bb","block_context":{"text":"Pol\u00edtica","link":"https:\/\/www.hoymercedes.com.ar\/principal\/category\/politica\/"},"img":{"alt_text":"VilmaRipoll-Mercedes-Podemos-I","src":"https:\/\/i0.wp.com\/www.hoymercedes.com.ar\/principal\/wp-content\/uploads\/2013\/08\/VilmaRipoll-Mercedes-Podemos-I.jpg?resize=350%2C200","width":350,"height":200,"srcset":"https:\/\/i0.wp.com\/www.hoymercedes.com.ar\/principal\/wp-content\/uploads\/2013\/08\/VilmaRipoll-Mercedes-Podemos-I.jpg?resize=350%2C200 1x, https:\/\/i0.wp.com\/www.hoymercedes.com.ar\/principal\/wp-content\/uploads\/2013\/08\/VilmaRipoll-Mercedes-Podemos-I.jpg?resize=525%2C300 1.5x"},"classes":[]},{"id":43827,"url":"https:\/\/www.hoymercedes.com.ar\/principal\/2015\/08\/10\/mauricio-macri-mas-votado-en-mercedes-muy-cerca-de-scioli-para-presidente\/","url_meta":{"origin":40158,"position":5},"title":"Mauricio Macri m\u00e1s votado en Mercedes muy cerca de Scioli para presidente","author":"hoymercedes","date":"10 agosto, 2015","format":false,"excerpt":"A nivel pre candidatos a Presidente de la Naci\u00f3n la ciudad de Mercedes eligi\u00f3 a Mauricio Macri siendo el pre candidato que m\u00e1s votos se llev\u00f3 con 12.087 votos seguido de Daniel Scioli 11.516 votos a favor. La F\u00f3rmula Macri \u2013 Michetti se qued\u00f3, adem\u00e1s, con la interna del Frente\u2026","rel":"","context":"En \u00abPol\u00edtica\u00bb","block_context":{"text":"Pol\u00edtica","link":"https:\/\/www.hoymercedes.com.ar\/principal\/category\/politica\/"},"img":{"alt_text":"","src":"https:\/\/i0.wp.com\/www.hoymercedes.com.ar\/principal\/wp-content\/uploads\/2015\/08\/macri.jpg?resize=350%2C200&ssl=1","width":350,"height":200,"srcset":"https:\/\/i0.wp.com\/www.hoymercedes.com.ar\/principal\/wp-content\/uploads\/2015\/08\/macri.jpg?resize=350%2C200&ssl=1 1x, https:\/\/i0.wp.com\/www.hoymercedes.com.ar\/principal\/wp-content\/uploads\/2015\/08\/macri.jpg?resize=525%2C300&ssl=1 1.5x"},"classes":[]}],"_links":{"self":[{"href":"https:\/\/www.hoymercedes.com.ar\/principal\/wp-json\/wp\/v2\/posts\/40158","targetHints":{"allow":["GET"]}}],"collection":[{"href":"https:\/\/www.hoymercedes.com.ar\/principal\/wp-json\/wp\/v2\/posts"}],"about":[{"href":"https:\/\/www.hoymercedes.com.ar\/principal\/wp-json\/wp\/v2\/types\/post"}],"author":[{"embeddable":true,"href":"https:\/\/www.hoymercedes.com.ar\/principal\/wp-json\/wp\/v2\/users\/1"}],"replies":[{"embeddable":true,"href":"https:\/\/www.hoymercedes.com.ar\/principal\/wp-json\/wp\/v2\/comments?post=40158"}],"version-history":[{"count":0,"href":"https:\/\/www.hoymercedes.com.ar\/principal\/wp-json\/wp\/v2\/posts\/40158\/revisions"}],"wp:attachment":[{"href":"https:\/\/www.hoymercedes.com.ar\/principal\/wp-json\/wp\/v2\/media?parent=40158"}],"wp:term":[{"taxonomy":"category","embeddable":true,"href":"https:\/\/www.hoymercedes.com.ar\/principal\/wp-json\/wp\/v2\/categories?post=40158"},{"taxonomy":"post_tag","embeddable":true,"href":"https:\/\/www.hoymercedes.com.ar\/principal\/wp-json\/wp\/v2\/tags?post=40158"}],"curies":[{"name":"wp","href":"https:\/\/api.w.org\/{rel}","templated":true}]}}