{"id":40161,"date":"2015-03-17T21:39:08","date_gmt":"2015-03-18T00:39:08","guid":{"rendered":"http:\/\/www.hoymercedes.com.ar\/principal\/?p=40161"},"modified":"2015-03-17T21:39:08","modified_gmt":"2015-03-18T00:39:08","slug":"ustarroz-los-dirigentes-no-deben-tomar-decisiones-de-espaldas-a-la-gente","status":"publish","type":"post","link":"https:\/\/www.hoymercedes.com.ar\/principal\/2015\/03\/17\/ustarroz-los-dirigentes-no-deben-tomar-decisiones-de-espaldas-a-la-gente\/","title":{"rendered":"Ustarroz: \u201clos dirigentes no deben tomar decisiones de espaldas a la gente\u201d"},"content":{"rendered":"<div><a href=\"https:\/\/www.hoymercedes.com.ar\/principal\/wp-content\/uploads\/2015\/03\/ustarroz-juan-frentemercedino.jpg\"><img loading=\"lazy\" decoding=\"async\" data-attachment-id=\"40162\" data-permalink=\"https:\/\/www.hoymercedes.com.ar\/principal\/2015\/03\/17\/ustarroz-los-dirigentes-no-deben-tomar-decisiones-de-espaldas-a-la-gente\/ustarroz-juan-frentemercedino\/#main\" data-orig-file=\"https:\/\/www.hoymercedes.com.ar\/principal\/wp-content\/uploads\/2015\/03\/ustarroz-juan-frentemercedino.jpg\" data-orig-size=\"620,422\" data-comments-opened=\"1\" data-image-meta=\"{&quot;aperture&quot;:&quot;4.2&quot;,&quot;credit&quot;:&quot;&quot;,&quot;camera&quot;:&quot;COOLPIX L310&quot;,&quot;caption&quot;:&quot;&quot;,&quot;created_timestamp&quot;:&quot;1423684440&quot;,&quot;copyright&quot;:&quot;&quot;,&quot;focal_length&quot;:&quot;15.1&quot;,&quot;iso&quot;:&quot;400&quot;,&quot;shutter_speed&quot;:&quot;0.0333333333333&quot;,&quot;title&quot;:&quot;&quot;,&quot;orientation&quot;:&quot;0&quot;}\" data-image-title=\"ustarroz, juan, frentemercedino\" data-image-description=\"\" data-image-caption=\"\" data-large-file=\"https:\/\/www.hoymercedes.com.ar\/principal\/wp-content\/uploads\/2015\/03\/ustarroz-juan-frentemercedino.jpg\" class=\"Img2014 aligncenter wp-image-40162 size-full\" title=\"Juan Ustarroz, Frente Mercedino\" src=\"https:\/\/www.hoymercedes.com.ar\/principal\/wp-content\/uploads\/2015\/03\/ustarroz-juan-frentemercedino.jpg\" alt=\"ustarroz, juan, frentemercedino\" width=\"620\" height=\"422\" \/><\/a><\/div>\n<div><\/div>\n<div><em><strong>El presidente del bloque de concejales del Frente Mercedino para la Victoria, Juan Ignacio Ustarroz, consider\u00f3 que \u201clos dirigentes de un partido no deben tomar decisiones a espaldas de sus bases y alejados del sentimiento de su militancia\u201d, y asegur\u00f3 que la incorporaci\u00f3n de la Uni\u00f3n C\u00edvica Radical al PRO de Mauricio Macri \u201ctiene solamente fines electoralistas y recuerda lo que fue la Alianza\u201d que llev\u00f3 a la presidencia de la Naci\u00f3n a Fernando de la R\u00faa en 1999.<\/strong><\/em><\/div>\n<div><span lang=\"ES-TRAD\">\u00a0<\/span><\/div>\n<div><span lang=\"ES-TRAD\">\u201cCuando los dirigentes le dan la espalda a la militancia y hacen acuerdos que se alejan de sus bases, el que resulta perjudicado es el pueblo\u201d, dijo Ustarroz respecto de la alianza electoral sellada entre la UCR, el macrismo y la Coalici\u00f3n C\u00edvica de Elisa Carri\u00f3.<\/span><\/div>\n<div><\/div>\n<div><span lang=\"ES-TRAD\">\u201cEste acuerdo parece tener fines meramente electoralistas y recuerda lo que fue la Alianza, con Fernando de la R\u00faa, en el 99\u201d, agreg\u00f3.<\/span><\/div>\n<div><\/div>\n<div><span lang=\"ES-TRAD\">Ustarroz cont\u00f3 adem\u00e1s: \u201cMuch\u00edsimos militantes del radicalismo me llamaron luego de lo ocurrido en la convenci\u00f3n de la UCR del domingo con la intenci\u00f3n de acercarse, de hablar, de debatir, porque encuentran muchas coincidencias en las ideas de Hip\u00f3lito Yrigoyen y Ra\u00fal Alfons\u00edn con las que se sostienen desde el Frente para la Victoria\u201d.<\/span><\/div>\n<div><span lang=\"ES-TRAD\">\u00a0<\/span><\/div>\n<div><span lang=\"ES-TRAD\">El concejal puso el ejemplo concreto de la Concertaci\u00f3n FORJA, agrupaci\u00f3n de extracci\u00f3n radical que forma parte del Frente Mercedino para la Victoria.<\/span><\/div>\n<div><span lang=\"ES-TRAD\">\u00a0<\/span><\/div>\n<div><span lang=\"ES-TRAD\">\u201cForja, que se nutre de la esencia del radicalismo, forma parte de nuestro espacio tanto a nivel local como nacional y est\u00e1 liderada por dirigentes que ven que este proyecto reivindica su conciencia hist\u00f3rica. Lo mismo ocurre con sus militantes, y unos y otros forman parte del debate diario para fortalecer este proyecto\u201d, apunt\u00f3.<\/span><\/div>\n<div><span lang=\"ES-TRAD\">\u00a0<\/span><\/div>\n<div><span lang=\"ES-TRAD\">\u201cHay cosas por mejorar, est\u00e1 claro, pero desde la llegada de N\u00e9stor Kirchner al gobierno, y luego con Cristina Fern\u00e1ndez de Kirchner, Argentina encontr\u00f3 un camino en el que hay inclusi\u00f3n, hay trabajo, hay igualdad de oportunidades, hay ampliaci\u00f3n de derechos, hay una apuesta firme a la educaci\u00f3n, a la cultura, a la producci\u00f3n nacional, a defender el pa\u00eds en definitiva. En esos mismos valores se encuentran las bases del radicalismo, y estoy seguro de que su militancia saldr\u00e1 levantar esas banderas m\u00e1s all\u00e1 de la alianza que han sellado sus dirigentes con el neoliberalismo\u201d, concluy\u00f3.<\/span><\/div>\n<div><\/div>\n<div><\/div>\n<div><\/div>\n","protected":false},"excerpt":{"rendered":"<p>El presidente del bloque de concejales del Frente Mercedino para la Victoria, Juan Ignacio Ustarroz, consider\u00f3 que \u201clos dirigentes de &#8230; <a title=\"Ustarroz: \u201clos dirigentes no deben tomar decisiones de espaldas a la gente\u201d\" class=\"read-more\" href=\"https:\/\/www.hoymercedes.com.ar\/principal\/2015\/03\/17\/ustarroz-los-dirigentes-no-deben-tomar-decisiones-de-espaldas-a-la-gente\/\" aria-label=\"Leer m\u00e1s sobre Ustarroz: \u201clos dirigentes no deben tomar decisiones de espaldas a la gente\u201d\">Leer m\u00e1s<\/a><\/p>\n","protected":false},"author":1,"featured_media":0,"comment_status":"open","ping_status":"open","sticky":false,"template":"","format":"standard","meta":{"_monsterinsights_skip_tracking":false,"_monsterinsights_sitenote_active":false,"_monsterinsights_sitenote_note":"","_monsterinsights_sitenote_category":0,"jetpack_post_was_ever_published":false,"_jetpack_newsletter_access":"","_jetpack_dont_email_post_to_subs":false,"_jetpack_newsletter_tier_id":0,"_jetpack_memberships_contains_paywalled_content":false,"_jetpack_memberships_contains_paid_content":false,"footnotes":"","jetpack_publicize_message":"","jetpack_publicize_feature_enabled":true,"jetpack_social_post_already_shared":true,"jetpack_social_options":{"image_generator_settings":{"template":"highway","default_image_id":0,"font":"","enabled":false},"version":2},"_wpas_customize_per_network":false},"categories":[5],"tags":[1007,7045,424],"class_list":["post-40161","post","type-post","status-publish","format-standard","hentry","category-politica","tag-frente-mercedino","tag-ucr-pro","tag-ustarroz","generate-columns","tablet-grid-50","mobile-grid-100","grid-parent","grid-50"],"jetpack_publicize_connections":[],"jetpack_featured_media_url":"","wps_subtitle":"Sobre acuerdo UCR-PRO","jetpack_sharing_enabled":true,"jetpack-related-posts":[{"id":38618,"url":"https:\/\/www.hoymercedes.com.ar\/principal\/2014\/12\/22\/ustarroz-clamo-por-una-ciudad-unida-en-encuentro-de-fin-de-ano-del-fmpv\/","url_meta":{"origin":40161,"position":0},"title":"Ustarroz clam\u00f3 por \u00abuna ciudad unida\u00bb en encuentro de fin de a\u00f1o del FMpV","author":"hoymercedes","date":"22 diciembre, 2014","format":false,"excerpt":"El Frente Mercedino para la Victoria, encabezados por Juan Ustarroz y con la mayor\u00eda de sus dirigentes pol\u00edticos, llevo adelante el pasado viernes un multitudinario encuentro en el Club Uni\u00f3n para despedir el a\u00f1o y brindarse aliento entre los presentes para lo que ser\u00e1 el 2015. Ustarroz fue el \u00fanico\u2026","rel":"","context":"En \u00abSociedad\u00bb","block_context":{"text":"Sociedad","link":"https:\/\/www.hoymercedes.com.ar\/principal\/category\/sociedad\/"},"img":{"alt_text":"Juan Ustarroz, Frente Mercedino","src":"https:\/\/i0.wp.com\/www.hoymercedes.com.ar\/principal\/wp-content\/uploads\/2014\/12\/ustarroz-juan-findea%C3%B1o-II.jpg?resize=350%2C200","width":350,"height":200,"srcset":"https:\/\/i0.wp.com\/www.hoymercedes.com.ar\/principal\/wp-content\/uploads\/2014\/12\/ustarroz-juan-findea%C3%B1o-II.jpg?resize=350%2C200 1x, https:\/\/i0.wp.com\/www.hoymercedes.com.ar\/principal\/wp-content\/uploads\/2014\/12\/ustarroz-juan-findea%C3%B1o-II.jpg?resize=525%2C300 1.5x"},"classes":[]},{"id":185259,"url":"https:\/\/www.hoymercedes.com.ar\/principal\/2025\/06\/12\/masivo-acto-en-repudio-al-fallo-ilegal-contra-cristina-fernandez-de-kirchner\/","url_meta":{"origin":40161,"position":1},"title":"Masivo acto en repudio al fallo ilegal contra Cristina Fern\u00e1ndez de Kirchner","author":"hoymercedes","date":"12 junio, 2025","format":false,"excerpt":"Dirigentes y militantes de distintas expresiones del campo nacional y popular, entre ellas distintas agrupaciones peronistas y de la izquierda, protagonizaron hoy un masivo acto en repudio a la decisi\u00f3n de la Corte Suprema de la Naci\u00f3n de condenar y proscribir a Cristina Fern\u00e1ndez de Kirchner, \u201cun cepo a la\u2026","rel":"","context":"En \u00abPol\u00edtica\u00bb","block_context":{"text":"Pol\u00edtica","link":"https:\/\/www.hoymercedes.com.ar\/principal\/category\/politica\/"},"img":{"alt_text":"Militancia-CFK","src":"https:\/\/i0.wp.com\/www.hoymercedes.com.ar\/principal\/wp-content\/uploads\/2025\/06\/Militancia-CFK.2.jpg?resize=350%2C200&ssl=1","width":350,"height":200,"srcset":"https:\/\/i0.wp.com\/www.hoymercedes.com.ar\/principal\/wp-content\/uploads\/2025\/06\/Militancia-CFK.2.jpg?resize=350%2C200&ssl=1 1x, https:\/\/i0.wp.com\/www.hoymercedes.com.ar\/principal\/wp-content\/uploads\/2025\/06\/Militancia-CFK.2.jpg?resize=525%2C300&ssl=1 1.5x, https:\/\/i0.wp.com\/www.hoymercedes.com.ar\/principal\/wp-content\/uploads\/2025\/06\/Militancia-CFK.2.jpg?resize=700%2C400&ssl=1 2x, https:\/\/i0.wp.com\/www.hoymercedes.com.ar\/principal\/wp-content\/uploads\/2025\/06\/Militancia-CFK.2.jpg?resize=1050%2C600&ssl=1 3x, https:\/\/i0.wp.com\/www.hoymercedes.com.ar\/principal\/wp-content\/uploads\/2025\/06\/Militancia-CFK.2.jpg?resize=1400%2C800&ssl=1 4x"},"classes":[]},{"id":193199,"url":"https:\/\/www.hoymercedes.com.ar\/principal\/2026\/03\/16\/ustarroz-asumio-la-presidencia-del-partido-justicialista\/","url_meta":{"origin":40161,"position":2},"title":"Ustarroz asumi\u00f3 la presidencia del Partido Justicialista","author":"hoymercedes","date":"16 marzo, 2026","format":false,"excerpt":"El partido justicialista de Mercedes realiz\u00f3 el acto de asunci\u00f3n de las nuevas autoridades con Juani Ustarroz erigido como presidente de la unidad lograda. Varios centenares de personas se hicieron presente en el acto con presencia de todas las l\u00edneas internas que confluyeron en la lista institucionalizada. Fue en el\u2026","rel":"","context":"En \u00abPol\u00edtica\u00bb","block_context":{"text":"Pol\u00edtica","link":"https:\/\/www.hoymercedes.com.ar\/principal\/category\/politica\/"},"img":{"alt_text":"Ustarroz asume la presidencia del Partido Justicialista","src":"https:\/\/i0.wp.com\/www.hoymercedes.com.ar\/principal\/wp-content\/uploads\/2026\/03\/WhatsApp-Image-2026-03-16-at-09.30.421.jpeg?resize=350%2C200&ssl=1","width":350,"height":200,"srcset":"https:\/\/i0.wp.com\/www.hoymercedes.com.ar\/principal\/wp-content\/uploads\/2026\/03\/WhatsApp-Image-2026-03-16-at-09.30.421.jpeg?resize=350%2C200&ssl=1 1x, https:\/\/i0.wp.com\/www.hoymercedes.com.ar\/principal\/wp-content\/uploads\/2026\/03\/WhatsApp-Image-2026-03-16-at-09.30.421.jpeg?resize=525%2C300&ssl=1 1.5x, https:\/\/i0.wp.com\/www.hoymercedes.com.ar\/principal\/wp-content\/uploads\/2026\/03\/WhatsApp-Image-2026-03-16-at-09.30.421.jpeg?resize=700%2C400&ssl=1 2x, https:\/\/i0.wp.com\/www.hoymercedes.com.ar\/principal\/wp-content\/uploads\/2026\/03\/WhatsApp-Image-2026-03-16-at-09.30.421.jpeg?resize=1050%2C600&ssl=1 3x"},"classes":[]},{"id":188911,"url":"https:\/\/www.hoymercedes.com.ar\/principal\/2025\/10\/20\/el-pj-mercedino-tuvo-su-acto-central-por-el-17-de-octubre\/","url_meta":{"origin":40161,"position":3},"title":"El PJ mercedino tuvo su acto central por el 17 de octubre","author":"hoymercedes","date":"20 octubre, 2025","format":false,"excerpt":"Este viernes al mediod\u00eda el peronismo unido de Mercedes conmemor\u00f3 el 80 aniversario del 17 de octubre con un acto central en la tradicional esquina de 23 y 30, junto a los bustos de Eva y Juan Domingo Per\u00f3n.La militancia del Partido Justicialista de Mercedes realiz\u00f3 varias actividades en la\u2026","rel":"","context":"En \u00abPol\u00edtica\u00bb","block_context":{"text":"Pol\u00edtica","link":"https:\/\/www.hoymercedes.com.ar\/principal\/category\/politica\/"},"img":{"alt_text":"El PJ mercedino tuvo su acto central por el 17 de octubre","src":"https:\/\/i0.wp.com\/www.hoymercedes.com.ar\/principal\/wp-content\/uploads\/2025\/10\/PJ-Acto.jpg?resize=350%2C200&ssl=1","width":350,"height":200,"srcset":"https:\/\/i0.wp.com\/www.hoymercedes.com.ar\/principal\/wp-content\/uploads\/2025\/10\/PJ-Acto.jpg?resize=350%2C200&ssl=1 1x, https:\/\/i0.wp.com\/www.hoymercedes.com.ar\/principal\/wp-content\/uploads\/2025\/10\/PJ-Acto.jpg?resize=525%2C300&ssl=1 1.5x, https:\/\/i0.wp.com\/www.hoymercedes.com.ar\/principal\/wp-content\/uploads\/2025\/10\/PJ-Acto.jpg?resize=700%2C400&ssl=1 2x, https:\/\/i0.wp.com\/www.hoymercedes.com.ar\/principal\/wp-content\/uploads\/2025\/10\/PJ-Acto.jpg?resize=1050%2C600&ssl=1 3x"},"classes":[]},{"id":136776,"url":"https:\/\/www.hoymercedes.com.ar\/principal\/2021\/09\/06\/ustarroz-y-frente-de-todos-en-gowland-es-una-eleccion-muy-importante-para-seguir-haciendo-por-mercedes\/","url_meta":{"origin":40161,"position":4},"title":"Ustarroz y Frente de Todos en Gowland \u00abes una elecci\u00f3n muy importante para seguir haciendo por Mercedes\u00bb","author":"hoymercedes","date":"6 septiembre, 2021","format":false,"excerpt":"Este viernes por la noche la militancia del Frente Todos se hizo presente en la flamante agrupaci\u00f3n peronista de la calle 504 y el intendente Juan Ustarroz llam\u00f3 a militar el voto casa a casa, vecino a vecino por \u201cLa vida que queremos\u201d y por entre todas y todos \u201cseguir\u2026","rel":"","context":"En \u00abPASO 2021\u00bb","block_context":{"text":"PASO 2021","link":"https:\/\/www.hoymercedes.com.ar\/principal\/category\/paso-2021\/"},"img":{"alt_text":"","src":"https:\/\/i0.wp.com\/www.hoymercedes.com.ar\/principal\/wp-content\/uploads\/2021\/09\/DSC02496-scaled.jpg?resize=350%2C200&ssl=1","width":350,"height":200,"srcset":"https:\/\/i0.wp.com\/www.hoymercedes.com.ar\/principal\/wp-content\/uploads\/2021\/09\/DSC02496-scaled.jpg?resize=350%2C200&ssl=1 1x, https:\/\/i0.wp.com\/www.hoymercedes.com.ar\/principal\/wp-content\/uploads\/2021\/09\/DSC02496-scaled.jpg?resize=525%2C300&ssl=1 1.5x, https:\/\/i0.wp.com\/www.hoymercedes.com.ar\/principal\/wp-content\/uploads\/2021\/09\/DSC02496-scaled.jpg?resize=700%2C400&ssl=1 2x, https:\/\/i0.wp.com\/www.hoymercedes.com.ar\/principal\/wp-content\/uploads\/2021\/09\/DSC02496-scaled.jpg?resize=1050%2C600&ssl=1 3x, https:\/\/i0.wp.com\/www.hoymercedes.com.ar\/principal\/wp-content\/uploads\/2021\/09\/DSC02496-scaled.jpg?resize=1400%2C800&ssl=1 4x"},"classes":[]},{"id":35056,"url":"https:\/\/www.hoymercedes.com.ar\/principal\/2014\/08\/11\/carlos-selva-no-claudicamos-con-ninguna-de-las-posturas-que-tomamos-el-ano-pasado\/","url_meta":{"origin":40161,"position":5},"title":"Carlos Selva: \u201cNo claudicamos con ninguna de las posturas que tomamos el a\u00f1o pasado\u201d","author":"hoymercedes","date":"11 agosto, 2014","format":false,"excerpt":"El Frente Renovador renov\u00f3 su alianza con la militancia y dirigentes a un a\u00f1o del triunfo en las elecciones Primarias con un almuerzo de camarader\u00eda que se desarroll\u00f3 en el Polideportivo de la localidad de almirante Brown. El intendente Carlos Selva particip\u00f3, junto a Sergio Massa, Dar\u00edo Giustozzi y dem\u00e1s\u2026","rel":"","context":"En \u00abPol\u00edtica\u00bb","block_context":{"text":"Pol\u00edtica","link":"https:\/\/www.hoymercedes.com.ar\/principal\/category\/politica\/"},"img":{"alt_text":"selva-massa","src":"https:\/\/i0.wp.com\/www.hoymercedes.com.ar\/principal\/wp-content\/uploads\/2014\/08\/selva-massa.jpg?resize=350%2C200","width":350,"height":200,"srcset":"https:\/\/i0.wp.com\/www.hoymercedes.com.ar\/principal\/wp-content\/uploads\/2014\/08\/selva-massa.jpg?resize=350%2C200 1x, https:\/\/i0.wp.com\/www.hoymercedes.com.ar\/principal\/wp-content\/uploads\/2014\/08\/selva-massa.jpg?resize=525%2C300 1.5x"},"classes":[]}],"_links":{"self":[{"href":"https:\/\/www.hoymercedes.com.ar\/principal\/wp-json\/wp\/v2\/posts\/40161","targetHints":{"allow":["GET"]}}],"collection":[{"href":"https:\/\/www.hoymercedes.com.ar\/principal\/wp-json\/wp\/v2\/posts"}],"about":[{"href":"https:\/\/www.hoymercedes.com.ar\/principal\/wp-json\/wp\/v2\/types\/post"}],"author":[{"embeddable":true,"href":"https:\/\/www.hoymercedes.com.ar\/principal\/wp-json\/wp\/v2\/users\/1"}],"replies":[{"embeddable":true,"href":"https:\/\/www.hoymercedes.com.ar\/principal\/wp-json\/wp\/v2\/comments?post=40161"}],"version-history":[{"count":0,"href":"https:\/\/www.hoymercedes.com.ar\/principal\/wp-json\/wp\/v2\/posts\/40161\/revisions"}],"wp:attachment":[{"href":"https:\/\/www.hoymercedes.com.ar\/principal\/wp-json\/wp\/v2\/media?parent=40161"}],"wp:term":[{"taxonomy":"category","embeddable":true,"href":"https:\/\/www.hoymercedes.com.ar\/principal\/wp-json\/wp\/v2\/categories?post=40161"},{"taxonomy":"post_tag","embeddable":true,"href":"https:\/\/www.hoymercedes.com.ar\/principal\/wp-json\/wp\/v2\/tags?post=40161"}],"curies":[{"name":"wp","href":"https:\/\/api.w.org\/{rel}","templated":true}]}}