{"id":40171,"date":"2015-03-17T22:12:54","date_gmt":"2015-03-18T01:12:54","guid":{"rendered":"http:\/\/www.hoymercedes.com.ar\/principal\/?p=40171"},"modified":"2015-04-11T19:30:33","modified_gmt":"2015-04-11T22:30:33","slug":"ajb-asambleas-rechazan-propuesta-salarial-paro-y-movilizacion","status":"publish","type":"post","link":"https:\/\/www.hoymercedes.com.ar\/principal\/2015\/03\/17\/ajb-asambleas-rechazan-propuesta-salarial-paro-y-movilizacion\/","title":{"rendered":"AJB: Asambleas rechazan propuesta salarial, paro y movilizaci\u00f3n"},"content":{"rendered":"<p><a href=\"https:\/\/www.hoymercedes.com.ar\/principal\/wp-content\/uploads\/2015\/03\/paroajb18.03.2015.jpg\"><img loading=\"lazy\" decoding=\"async\" data-attachment-id=\"40172\" data-permalink=\"https:\/\/www.hoymercedes.com.ar\/principal\/2015\/03\/17\/ajb-asambleas-rechazan-propuesta-salarial-paro-y-movilizacion\/paroajb18-03-2015\/#main\" data-orig-file=\"https:\/\/www.hoymercedes.com.ar\/principal\/wp-content\/uploads\/2015\/03\/paroajb18.03.2015.jpg\" data-orig-size=\"620,876\" data-comments-opened=\"1\" data-image-meta=\"{&quot;aperture&quot;:&quot;0&quot;,&quot;credit&quot;:&quot;&quot;,&quot;camera&quot;:&quot;&quot;,&quot;caption&quot;:&quot;&quot;,&quot;created_timestamp&quot;:&quot;0&quot;,&quot;copyright&quot;:&quot;&quot;,&quot;focal_length&quot;:&quot;0&quot;,&quot;iso&quot;:&quot;0&quot;,&quot;shutter_speed&quot;:&quot;0&quot;,&quot;title&quot;:&quot;&quot;,&quot;orientation&quot;:&quot;0&quot;}\" data-image-title=\"paroajb18.03.2015\" data-image-description=\"\" data-image-caption=\"\" data-large-file=\"https:\/\/www.hoymercedes.com.ar\/principal\/wp-content\/uploads\/2015\/03\/paroajb18.03.2015.jpg\" class=\"Img2014 aligncenter wp-image-40172 size-full\" title=\"Ajb, paro judiciales, movilizaci\u00f3n judicales departamental mercedes\" src=\"https:\/\/www.hoymercedes.com.ar\/principal\/wp-content\/uploads\/2015\/03\/paroajb18.03.2015.jpg\" alt=\"paroajb18.03.2015\" width=\"620\" height=\"876\" srcset=\"https:\/\/www.hoymercedes.com.ar\/principal\/wp-content\/uploads\/2015\/03\/paroajb18.03.2015.jpg 620w, https:\/\/www.hoymercedes.com.ar\/principal\/wp-content\/uploads\/2015\/03\/paroajb18.03.2015-439x620.jpg 439w\" sizes=\"auto, (max-width: 620px) 100vw, 620px\" \/><\/a><\/p>\n<p><em><strong>Desde Mercedes ser\u00e1n parte de la movilizaci\u00f3n que los trabajadores judiciales que rechazaron de forma contundente la propuesta salarial del Poder Ejecutivo efectuar\u00e1n \u00e9ste mi\u00e9rcoles 18\u00a0con paro incluido. El escenario ser\u00e1 la Capital Provincial: La Plata.<\/strong><\/em><\/p>\n<p>Realizadas diecisiete de las dieciocho asambleas departamentales, los trabajadores judiciales rechazaron la propuesta efectuada ayer por el Poder Ejecutivo. Once asambleas votaron contra la pauta salarial ofrecida por el gobierno de la provincia.<\/p>\n<p>Los principales motivos del contundente rechazo son la falta de conocimiento del aumento que se propondr\u00e1 a los magistrados, la negativa de la Suprema Corte de eliminar el nivel Auxiliar 5\u00b0 como categor\u00eda de ingreso, la falta de una mejor propuesta de aumento en los b\u00e1sicos de los niveles 18.75 a 19.50, y el car\u00e1cter condicional del incremento del 1% al b\u00e1sico del nivel 18.50. Adem\u00e1s, las asambleas reclamaron que el porcentaje de aumento correspondiente al mes de marzo (primera cuota) sea superior al ofrecido.<\/p>\n<p>Ante esta situaci\u00f3n y tal lo que se desprende de los mandatos asamblearios, se convoca a paro y movilizaci\u00f3n para el pr\u00f3ximo mi\u00e9rcoles 18 de marzo. La concentraci\u00f3n se realizar\u00e1 en horas de la ma\u00f1ana en el edificio de la Suprema Corte de Justicia en La Plata.<\/p>\n<p>Ma\u00f1ana la AJB le har\u00e1 llegar al gobierno provincial de manera formal la decisi\u00f3n adoptada por los trabajadores judiciales, los fundamentos del rechazo y el pedido de una nueva convocatoria que permita avanzar en la negociaci\u00f3n.<\/p>\n<p>&nbsp;<\/p>\n<p>&nbsp;<\/p>\n<p>&nbsp;<\/p>\n","protected":false},"excerpt":{"rendered":"<p>Desde Mercedes ser\u00e1n parte de la movilizaci\u00f3n que los trabajadores judiciales que rechazaron de forma contundente la propuesta salarial del &#8230; <a title=\"AJB: Asambleas rechazan propuesta salarial, paro y movilizaci\u00f3n\" class=\"read-more\" href=\"https:\/\/www.hoymercedes.com.ar\/principal\/2015\/03\/17\/ajb-asambleas-rechazan-propuesta-salarial-paro-y-movilizacion\/\" aria-label=\"Leer m\u00e1s sobre AJB: Asambleas rechazan propuesta salarial, paro y movilizaci\u00f3n\">Leer m\u00e1s<\/a><\/p>\n","protected":false},"author":1,"featured_media":0,"comment_status":"open","ping_status":"open","sticky":false,"template":"","format":"standard","meta":{"_monsterinsights_skip_tracking":false,"_monsterinsights_sitenote_active":false,"_monsterinsights_sitenote_note":"","_monsterinsights_sitenote_category":0,"jetpack_post_was_ever_published":false,"_jetpack_newsletter_access":"","_jetpack_dont_email_post_to_subs":false,"_jetpack_newsletter_tier_id":0,"_jetpack_memberships_contains_paywalled_content":false,"_jetpack_memberships_contains_paid_content":false,"footnotes":"","jetpack_publicize_message":"","jetpack_publicize_feature_enabled":true,"jetpack_social_post_already_shared":true,"jetpack_social_options":{"image_generator_settings":{"template":"highway","default_image_id":0,"font":"","enabled":false},"version":2},"_wpas_customize_per_network":false},"categories":[8],"tags":[95,7051,720],"class_list":["post-40171","post","type-post","status-publish","format-standard","hentry","category-sociedad","tag-ajb","tag-movilizacion-judicales-departamental-mercedes","tag-paro-judiciales","generate-columns","tablet-grid-50","mobile-grid-100","grid-parent","grid-50"],"jetpack_publicize_connections":[],"jetpack_featured_media_url":"","wps_subtitle":"Ir\u00e1n a La Plata","jetpack_sharing_enabled":true,"_links":{"self":[{"href":"https:\/\/www.hoymercedes.com.ar\/principal\/wp-json\/wp\/v2\/posts\/40171","targetHints":{"allow":["GET"]}}],"collection":[{"href":"https:\/\/www.hoymercedes.com.ar\/principal\/wp-json\/wp\/v2\/posts"}],"about":[{"href":"https:\/\/www.hoymercedes.com.ar\/principal\/wp-json\/wp\/v2\/types\/post"}],"author":[{"embeddable":true,"href":"https:\/\/www.hoymercedes.com.ar\/principal\/wp-json\/wp\/v2\/users\/1"}],"replies":[{"embeddable":true,"href":"https:\/\/www.hoymercedes.com.ar\/principal\/wp-json\/wp\/v2\/comments?post=40171"}],"version-history":[{"count":0,"href":"https:\/\/www.hoymercedes.com.ar\/principal\/wp-json\/wp\/v2\/posts\/40171\/revisions"}],"wp:attachment":[{"href":"https:\/\/www.hoymercedes.com.ar\/principal\/wp-json\/wp\/v2\/media?parent=40171"}],"wp:term":[{"taxonomy":"category","embeddable":true,"href":"https:\/\/www.hoymercedes.com.ar\/principal\/wp-json\/wp\/v2\/categories?post=40171"},{"taxonomy":"post_tag","embeddable":true,"href":"https:\/\/www.hoymercedes.com.ar\/principal\/wp-json\/wp\/v2\/tags?post=40171"}],"curies":[{"name":"wp","href":"https:\/\/api.w.org\/{rel}","templated":true}]}}