{"id":40174,"date":"2015-03-17T22:48:00","date_gmt":"2015-03-18T01:48:00","guid":{"rendered":"http:\/\/www.hoymercedes.com.ar\/principal\/?p=40174"},"modified":"2015-03-17T22:48:00","modified_gmt":"2015-03-18T01:48:00","slug":"roban-a-punta-de-pistola-en-idygol-disfraces","status":"publish","type":"post","link":"https:\/\/www.hoymercedes.com.ar\/principal\/2015\/03\/17\/roban-a-punta-de-pistola-en-idygol-disfraces\/","title":{"rendered":"Roban a punta de pistola en \u201cIdygol Disfraces\u201d"},"content":{"rendered":"<p><a href=\"https:\/\/www.hoymercedes.com.ar\/principal\/wp-content\/uploads\/2015\/03\/policia-bonaerense-custodia.jpg\"><img loading=\"lazy\" decoding=\"async\" data-attachment-id=\"40175\" data-permalink=\"https:\/\/www.hoymercedes.com.ar\/principal\/2015\/03\/17\/roban-a-punta-de-pistola-en-idygol-disfraces\/policia-bonaerense-custodia\/#main\" data-orig-file=\"https:\/\/www.hoymercedes.com.ar\/principal\/wp-content\/uploads\/2015\/03\/policia-bonaerense-custodia.jpg\" data-orig-size=\"620,179\" data-comments-opened=\"1\" data-image-meta=\"{&quot;aperture&quot;:&quot;0&quot;,&quot;credit&quot;:&quot;&quot;,&quot;camera&quot;:&quot;&quot;,&quot;caption&quot;:&quot;&quot;,&quot;created_timestamp&quot;:&quot;0&quot;,&quot;copyright&quot;:&quot;&quot;,&quot;focal_length&quot;:&quot;0&quot;,&quot;iso&quot;:&quot;0&quot;,&quot;shutter_speed&quot;:&quot;0&quot;,&quot;title&quot;:&quot;&quot;,&quot;orientation&quot;:&quot;0&quot;}\" data-image-title=\"policia-bonaerense-custodia\" data-image-description=\"\" data-image-caption=\"\" data-large-file=\"https:\/\/www.hoymercedes.com.ar\/principal\/wp-content\/uploads\/2015\/03\/policia-bonaerense-custodia.jpg\" class=\"Img2014 aligncenter wp-image-40175 size-full\" src=\"https:\/\/www.hoymercedes.com.ar\/principal\/wp-content\/uploads\/2015\/03\/policia-bonaerense-custodia.jpg\" alt=\"policia-bonaerense-custodia\" width=\"620\" height=\"179\" \/><\/a><\/p>\n<p><em><strong>El comercio dedicado al alquiler y venta de disfrace ubicado en pleno radio c\u00e9ntrico de nuestra ciudad dado que se encuentra en calle 31 entre 26 y 28 fue escenario de un robo de importancia el pasado lunes cuando a punta de pistola asaltaron el mismo.<\/strong><\/em><\/p>\n<p>En el local en horario de atenci\u00f3n al p\u00fablico se encontraba Yanina qui\u00e9n es hija de la propietaria y quien se encontraba al frente del negocio en ese terrible momento.<\/p>\n<p>El pasado lunes alrededor de las 20 hs dos sujetos armados y acompa\u00f1ados por una mujer ingresaron al comercio y empu\u00f1ando un arma de fuego expuesta todo el tiempo intimidaron a Yanina y pudieron sustraer dinero en efectivo en muy poca cantidad y un celular.<\/p>\n<p>Adem\u00e1s los sujetos estaban armados con distintos elementos, uno de ellos cortopunsante, semejante a una navaja, que tambi\u00e9n es un elemento sumamente intimidante y peligroso para el pr\u00f3jimo.<\/p>\n<p>La situaci\u00f3n se volvi\u00f3 tensa dado que Yanina estaba dispuesta a entregarle todo lo solicitado, pero, los asaltantes de todas maneras llevaron adelanta una actitud sumamente deleznable para la comerciante que fue muy maltratada.<\/p>\n<p>Desde el comercio dejaron en claro que el r\u00e1pido accionar de las fuerzas policiales bonaerenses.<\/p>\n<p>Por estas horas, el Director de Seguridad del municipio y dem\u00e1s fuerzas se encuentran en etapa de investigaci\u00f3n y apoy\u00e1ndose en las c\u00e1maras de seguridad de la ciudad con tal de dar con estos delincuentes.<\/p>\n<p>Fuente: Semanario D\u00e9cadas (Edici\u00f3n pr\u00f3ximo s\u00e1bado)<\/p>\n<p>&nbsp;<\/p>\n","protected":false},"excerpt":{"rendered":"<p>El comercio dedicado al alquiler y venta de disfrace ubicado en pleno radio c\u00e9ntrico de nuestra ciudad dado que se &#8230; <a title=\"Roban a punta de pistola en \u201cIdygol Disfraces\u201d\" class=\"read-more\" href=\"https:\/\/www.hoymercedes.com.ar\/principal\/2015\/03\/17\/roban-a-punta-de-pistola-en-idygol-disfraces\/\" aria-label=\"Leer m\u00e1s sobre Roban a punta de pistola en \u201cIdygol Disfraces\u201d\">Leer m\u00e1s<\/a><\/p>\n","protected":false},"author":1,"featured_media":0,"comment_status":"open","ping_status":"open","sticky":false,"template":"","format":"standard","meta":{"_monsterinsights_skip_tracking":false,"_monsterinsights_sitenote_active":false,"_monsterinsights_sitenote_note":"","_monsterinsights_sitenote_category":0,"jetpack_post_was_ever_published":false,"_jetpack_newsletter_access":"","_jetpack_dont_email_post_to_subs":false,"_jetpack_newsletter_tier_id":0,"_jetpack_memberships_contains_paywalled_content":false,"_jetpack_memberships_contains_paid_content":false,"footnotes":"","jetpack_publicize_message":"","jetpack_publicize_feature_enabled":true,"jetpack_social_post_already_shared":true,"jetpack_social_options":{"image_generator_settings":{"template":"highway","default_image_id":0,"font":"","enabled":false},"version":2},"_wpas_customize_per_network":false},"categories":[85],"tags":[7052,7053],"class_list":["post-40174","post","type-post","status-publish","format-standard","hentry","category-policial","tag-roban-idygol","tag-robosmercedes","generate-columns","tablet-grid-50","mobile-grid-100","grid-parent","grid-50"],"jetpack_publicize_connections":[],"jetpack_featured_media_url":"","wps_subtitle":"Tardecita del lunes","jetpack_sharing_enabled":true,"_links":{"self":[{"href":"https:\/\/www.hoymercedes.com.ar\/principal\/wp-json\/wp\/v2\/posts\/40174","targetHints":{"allow":["GET"]}}],"collection":[{"href":"https:\/\/www.hoymercedes.com.ar\/principal\/wp-json\/wp\/v2\/posts"}],"about":[{"href":"https:\/\/www.hoymercedes.com.ar\/principal\/wp-json\/wp\/v2\/types\/post"}],"author":[{"embeddable":true,"href":"https:\/\/www.hoymercedes.com.ar\/principal\/wp-json\/wp\/v2\/users\/1"}],"replies":[{"embeddable":true,"href":"https:\/\/www.hoymercedes.com.ar\/principal\/wp-json\/wp\/v2\/comments?post=40174"}],"version-history":[{"count":0,"href":"https:\/\/www.hoymercedes.com.ar\/principal\/wp-json\/wp\/v2\/posts\/40174\/revisions"}],"wp:attachment":[{"href":"https:\/\/www.hoymercedes.com.ar\/principal\/wp-json\/wp\/v2\/media?parent=40174"}],"wp:term":[{"taxonomy":"category","embeddable":true,"href":"https:\/\/www.hoymercedes.com.ar\/principal\/wp-json\/wp\/v2\/categories?post=40174"},{"taxonomy":"post_tag","embeddable":true,"href":"https:\/\/www.hoymercedes.com.ar\/principal\/wp-json\/wp\/v2\/tags?post=40174"}],"curies":[{"name":"wp","href":"https:\/\/api.w.org\/{rel}","templated":true}]}}