{"id":40189,"date":"2015-03-18T21:42:10","date_gmt":"2015-03-19T00:42:10","guid":{"rendered":"http:\/\/www.hoymercedes.com.ar\/principal\/?p=40189"},"modified":"2015-03-18T21:42:10","modified_gmt":"2015-03-19T00:42:10","slug":"llega-a-mercedes-la-red-comprar-tras-gestion-de-ustarroz","status":"publish","type":"post","link":"https:\/\/www.hoymercedes.com.ar\/principal\/2015\/03\/18\/llega-a-mercedes-la-red-comprar-tras-gestion-de-ustarroz\/","title":{"rendered":"Llega a Mercedes la \u00abRed comprar\u00bb tras gesti\u00f3n de Ustarroz"},"content":{"rendered":"<p>&nbsp;<\/p>\n<p><a href=\"https:\/\/www.hoymercedes.com.ar\/principal\/wp-content\/uploads\/2015\/03\/redcomprar-ustarroz.jpg\"><img loading=\"lazy\" decoding=\"async\" data-attachment-id=\"40190\" data-permalink=\"https:\/\/www.hoymercedes.com.ar\/principal\/2015\/03\/18\/llega-a-mercedes-la-red-comprar-tras-gestion-de-ustarroz\/redcomprar-ustarroz\/#main\" data-orig-file=\"https:\/\/www.hoymercedes.com.ar\/principal\/wp-content\/uploads\/2015\/03\/redcomprar-ustarroz.jpg\" data-orig-size=\"787,523\" data-comments-opened=\"1\" data-image-meta=\"{&quot;aperture&quot;:&quot;0&quot;,&quot;credit&quot;:&quot;Moreira Mario Hugo&quot;,&quot;camera&quot;:&quot;&quot;,&quot;caption&quot;:&quot;&quot;,&quot;created_timestamp&quot;:&quot;0&quot;,&quot;copyright&quot;:&quot;Moreira Mario Hugo&quot;,&quot;focal_length&quot;:&quot;0&quot;,&quot;iso&quot;:&quot;0&quot;,&quot;shutter_speed&quot;:&quot;0&quot;,&quot;title&quot;:&quot;&quot;,&quot;orientation&quot;:&quot;0&quot;}\" data-image-title=\"redcomprar-ustarroz\" data-image-description=\"\" data-image-caption=\"\" data-large-file=\"https:\/\/www.hoymercedes.com.ar\/principal\/wp-content\/uploads\/2015\/03\/redcomprar-ustarroz.jpg\" class=\"Img2014 aligncenter wp-image-40190\" title=\"Ustarroz, red comprar, c\u00e1mara econ\u00f3mica mercedina\" src=\"https:\/\/www.hoymercedes.com.ar\/principal\/wp-content\/uploads\/2015\/03\/redcomprar-ustarroz.jpg\" alt=\"redcomprar-ustarroz\" width=\"620\" height=\"412\" srcset=\"https:\/\/www.hoymercedes.com.ar\/principal\/wp-content\/uploads\/2015\/03\/redcomprar-ustarroz.jpg 787w, https:\/\/www.hoymercedes.com.ar\/principal\/wp-content\/uploads\/2015\/03\/redcomprar-ustarroz-630x419.jpg 630w\" sizes=\"auto, (max-width: 620px) 100vw, 620px\" \/><\/a><\/p>\n<p><em><strong>La \u2018Red Comprar\u2019, que permite vender los productos del programa nacional \u201cPrecios Cuidados\u201d en peque\u00f1os comercios como supermercados, autoservicios, almacenes, despensas, productores locales, kioscos o \u2018maxikioscos\u2019, ser\u00e1 presentada en nuestra ciudad la pr\u00f3xima semana, luego de gestiones realizadas en tal sentido por el presidente del bloque de concejales del Frente Mercedino para la Victoria, Juan Ignacio Ustarroz.<\/strong><\/em><\/p>\n<p>\u201cNos pone muy contentos la posibilidad de traer a la ciudad la \u2018Red Comprar\u2019, porque les da a todos los comerciantes igualdad de condiciones respecto de las grandes cadenas e incorporarse a un programa exitoso como el de Precios Cuidados\u201d, se\u00f1al\u00f3 Ustarroz.<\/p>\n<p>La presentaci\u00f3n se har\u00e1 el viernes 27 de marzo, a partir de las 14, en las instalaciones de la C\u00e1mara Econ\u00f3mica Mercedina, esquina de calles 20 y 21. Estar\u00e1n presentes el Secretario de Comercio Interior, licenciado Augusto Costa; y el Coordinador Nacional del Ministerio de Econom\u00eda y Finanzas P\u00fablicas de la Naci\u00f3n, licenciado Santiago Fraschina.<\/p>\n<p>Tambi\u00e9n participar\u00e1n autoridades de RENATEA, concejales y dirigentes del Frente Mercedino para la Victoria, representantes de la propia CEM y comerciantes de la ciudad.<\/p>\n<p>\u201cTambi\u00e9n nos da mucha satisfacci\u00f3n articular estos instrumentos con la CEM, cuya comisi\u00f3n directiva est\u00e1 atenta en forma constante a conseguir recursos\u00a0 y oportunidades para todos los comerciantes de Mercedes\u201d, agreg\u00f3 el concejal del Frente Mercedino.<\/p>\n<p>A trav\u00e9s de la C\u00e1mara Econ\u00f3mica, el Frente Mercedino para la Victoria logr\u00f3 articular, por citar algunos ejemplos, seminarios con la Fundaci\u00f3n Exportar; charlas informativas acerca del programa Ahora 12; visitas a exposiciones de Centros Comerciales a Cielo Abierto; encuentros de Pymes con el Banco Naci\u00f3n para acceder a diferentes l\u00edneas crediticias; y la implementaci\u00f3n del Programa Nacional de Uso Racional y Eficiente de la Energ\u00eda.<\/p>\n<p>\u201cCon el PRONUREE llegamos a casi dos mil comercios de la ciudad, en los que entregamos l\u00e1mparas de bajo consumo y leds que representan un beneficio concreto para la demanda de energ\u00eda local y para la ciudad, entre otras cosas\u201d, record\u00f3 Juani Ustarroz.<\/p>\n<p>Ahora llega el turno de la \u2018Red Comprar\u2019, de la que Costa y Fraschina dar\u00e1n explicaciones t\u00e9cnicas a los comerciantes mercedinos. \u201cEl programa viene dando resultados \u00f3ptimos en muchas ciudades de la Argentina y esperemos que sea de inter\u00e9s y provecho para todos los comerciantes mercedinos, a quienes esperamos en el acto del viernes\u201d, dijo Juani.<\/p>\n<p>\u00bfQu\u00e9 es Precios Cuidados? Un Compromiso asumido por el Gobierno Nacional, las empresas comercializadoras, los distribuidores y sus principales proveedores para una administraci\u00f3n de precios flexibles. El programa busca brindar previsibilidad, estabilidad y transparencia en el proceso de formaci\u00f3n de precios.<\/p>\n<p>\u00bfQui\u00e9nes participan del programa Precios Cuidados? Es de alcance nacional y establece el compromiso por parte de empresas proveedoras y comercializadoras de abastecer al p\u00fablico una cantidad de productos a un precio acordado entre las partes. El acuerdo se revisa trimestralmente. Actualmente hay Precios Cuidados en una gran diversidad de bienes de consumo masivo y bocas de expendio de todo el pa\u00eds.<\/p>\n<p>Avellaneda, Salto, Baradero. Tandi y La Plata son algunos de los municipios que se sumaron al programa de la Red Comprar en las \u00faltimas semanas; y ahora los peque\u00f1os comerciantes de Mercedes tendr\u00e1n tambi\u00e9n la posibilidad de incorporarse.<\/p>\n<p>&nbsp;<\/p>\n<p>&nbsp;<\/p>\n<p>&nbsp;<\/p>\n<p>&nbsp;<\/p>\n<p>&nbsp;<\/p>\n","protected":false},"excerpt":{"rendered":"<p>&nbsp; La \u2018Red Comprar\u2019, que permite vender los productos del programa nacional \u201cPrecios Cuidados\u201d en peque\u00f1os comercios como supermercados, autoservicios, &#8230; <a title=\"Llega a Mercedes la \u00abRed comprar\u00bb tras gesti\u00f3n de Ustarroz\" class=\"read-more\" href=\"https:\/\/www.hoymercedes.com.ar\/principal\/2015\/03\/18\/llega-a-mercedes-la-red-comprar-tras-gestion-de-ustarroz\/\" aria-label=\"Leer m\u00e1s sobre Llega a Mercedes la \u00abRed comprar\u00bb tras gesti\u00f3n de Ustarroz\">Leer m\u00e1s<\/a><\/p>\n","protected":false},"author":1,"featured_media":0,"comment_status":"open","ping_status":"open","sticky":false,"template":"","format":"standard","meta":{"_monsterinsights_skip_tracking":false,"_monsterinsights_sitenote_active":false,"_monsterinsights_sitenote_note":"","_monsterinsights_sitenote_category":0,"jetpack_post_was_ever_published":false,"_jetpack_newsletter_access":"","_jetpack_dont_email_post_to_subs":false,"_jetpack_newsletter_tier_id":0,"_jetpack_memberships_contains_paywalled_content":false,"_jetpack_memberships_contains_paid_content":false,"footnotes":"","jetpack_publicize_message":"","jetpack_publicize_feature_enabled":true,"jetpack_social_post_already_shared":true,"jetpack_social_options":{"image_generator_settings":{"template":"highway","default_image_id":0,"font":"","enabled":false},"version":2},"_wpas_customize_per_network":false},"categories":[85],"tags":[267,7056,424],"class_list":["post-40189","post","type-post","status-publish","format-standard","hentry","category-policial","tag-camara-economica-mercedina","tag-red-comprar","tag-ustarroz","generate-columns","tablet-grid-50","mobile-grid-100","grid-parent","grid-50"],"jetpack_publicize_connections":[],"jetpack_featured_media_url":"","wps_subtitle":"Pensado en peque\u00f1os comercios","jetpack_sharing_enabled":true,"_links":{"self":[{"href":"https:\/\/www.hoymercedes.com.ar\/principal\/wp-json\/wp\/v2\/posts\/40189","targetHints":{"allow":["GET"]}}],"collection":[{"href":"https:\/\/www.hoymercedes.com.ar\/principal\/wp-json\/wp\/v2\/posts"}],"about":[{"href":"https:\/\/www.hoymercedes.com.ar\/principal\/wp-json\/wp\/v2\/types\/post"}],"author":[{"embeddable":true,"href":"https:\/\/www.hoymercedes.com.ar\/principal\/wp-json\/wp\/v2\/users\/1"}],"replies":[{"embeddable":true,"href":"https:\/\/www.hoymercedes.com.ar\/principal\/wp-json\/wp\/v2\/comments?post=40189"}],"version-history":[{"count":0,"href":"https:\/\/www.hoymercedes.com.ar\/principal\/wp-json\/wp\/v2\/posts\/40189\/revisions"}],"wp:attachment":[{"href":"https:\/\/www.hoymercedes.com.ar\/principal\/wp-json\/wp\/v2\/media?parent=40189"}],"wp:term":[{"taxonomy":"category","embeddable":true,"href":"https:\/\/www.hoymercedes.com.ar\/principal\/wp-json\/wp\/v2\/categories?post=40189"},{"taxonomy":"post_tag","embeddable":true,"href":"https:\/\/www.hoymercedes.com.ar\/principal\/wp-json\/wp\/v2\/tags?post=40189"}],"curies":[{"name":"wp","href":"https:\/\/api.w.org\/{rel}","templated":true}]}}