{"id":40211,"date":"2015-03-19T13:33:03","date_gmt":"2015-03-19T16:33:03","guid":{"rendered":"http:\/\/www.hoymercedes.com.ar\/principal\/?p=40211"},"modified":"2015-04-11T19:35:17","modified_gmt":"2015-04-11T22:35:17","slug":"frente-mercedino-entrego-becas-a-estudiantes-universitario","status":"publish","type":"post","link":"https:\/\/www.hoymercedes.com.ar\/principal\/2015\/03\/19\/frente-mercedino-entrego-becas-a-estudiantes-universitario\/","title":{"rendered":"Frente Mercedino entreg\u00f3 becas a estudiantes universitario"},"content":{"rendered":"<p><a href=\"https:\/\/www.hoymercedes.com.ar\/principal\/wp-content\/uploads\/2015\/03\/becas-frentemercedino.jpg\"><img loading=\"lazy\" decoding=\"async\" data-attachment-id=\"40212\" data-permalink=\"https:\/\/www.hoymercedes.com.ar\/principal\/2015\/03\/19\/frente-mercedino-entrego-becas-a-estudiantes-universitario\/becas-frentemercedino\/#main\" data-orig-file=\"https:\/\/www.hoymercedes.com.ar\/principal\/wp-content\/uploads\/2015\/03\/becas-frentemercedino.jpg\" data-orig-size=\"620,414\" data-comments-opened=\"1\" data-image-meta=\"{&quot;aperture&quot;:&quot;0&quot;,&quot;credit&quot;:&quot;&quot;,&quot;camera&quot;:&quot;&quot;,&quot;caption&quot;:&quot;&quot;,&quot;created_timestamp&quot;:&quot;0&quot;,&quot;copyright&quot;:&quot;&quot;,&quot;focal_length&quot;:&quot;0&quot;,&quot;iso&quot;:&quot;0&quot;,&quot;shutter_speed&quot;:&quot;0&quot;,&quot;title&quot;:&quot;&quot;,&quot;orientation&quot;:&quot;0&quot;}\" data-image-title=\"becas-frentemercedino\" data-image-description=\"\" data-image-caption=\"\" data-large-file=\"https:\/\/www.hoymercedes.com.ar\/principal\/wp-content\/uploads\/2015\/03\/becas-frentemercedino.jpg\" class=\"Img2014 aligncenter wp-image-40212 size-full\" src=\"https:\/\/www.hoymercedes.com.ar\/principal\/wp-content\/uploads\/2015\/03\/becas-frentemercedino.jpg\" alt=\"becas-frentemercedino\" width=\"620\" height=\"414\" \/><\/a><\/p>\n<p><em><strong>El bloque de concejales del Frente Mercedino para la Victoria entreg\u00f3 este martes alrededor de 20 becas para estudiantes universitarios, y el presidente de la bancada, Juan Ignacio Ustarroz, remarc\u00f3 \u201cla obligaci\u00f3n de fortalecer la educaci\u00f3n y facilitarles a los j\u00f3venes el acceso a una carrera para construir un pa\u00eds mejor y una ciudad mejor\u201d.<\/strong><\/em><\/p>\n<p>\u201cDesde el gobierno nacional se impulsa una pol\u00edtica de Estado vinculada a la educaci\u00f3n con distintas herramientas y un \u00fanico objetivo: la construcci\u00f3n de un pa\u00eds mejor. Nosotros tenemos la obligaci\u00f3n de hacer llegar todos estos instrumentos que est\u00e1n a disposici\u00f3n de los vecinos para hacer una ciudad cada d\u00eda mejor\u201d, asegur\u00f3 Ustarroz.<\/p>\n<p>Juani estuvo acompa\u00f1ado por sus compa\u00f1eros de bancada Juan Pablo L\u00f3pez Baggio y Marianela Arenillas: las becas entregadas fueron gestionadas ante la C\u00e1mara de Diputados de la Naci\u00f3n por el hoy Secretario General de la Presidencia, Eduardo \u2018Wado\u2019 de Pedro.<\/p>\n<p>\u201cHay muchos programas relacionados con la facilitaci\u00f3n de los estudios \u2013explic\u00f3 Ustarroz-, desde los programas de Becas del Bicentenario, que aqu\u00ed se tramitan en la Secretar\u00eda de la Juventud del Centro de Articulaci\u00f3n de Desarrollo Social (calles 11 y 6), hasta el plan Fines 2 para la finalizaci\u00f3n de los estudios secundarios. Son oportunidades para aprovechar\u201d.<\/p>\n<p>En su condici\u00f3n de gerente regional de la ANSES, Juani tambi\u00e9n mostr\u00f3 su satisfacci\u00f3n por el aumento decidido por el gobierno nacional para los planes PROGRESAR, que se gestiona justamente a trav\u00e9s del organismo (la UDAI Mercedes est\u00e1 ubicada en 29 y 34).<\/p>\n<p>\u201cEl subsidio del Progresar pas\u00f3 de 600 a 900 pesos, y adem\u00e1s ampli\u00f3 el universo de argentinos a los que llega \u2013dijo-. Este es un apoyo muy importante. La educaci\u00f3n no solo permite el crecimiento individual de las personas sino tambi\u00e9n el colectivo, nos hace mejor sociedad, ofrece beneficios en much\u00edsimos aspectos, nos permite proyectar una ciudad cada d\u00eda m\u00e1s parecida a la que so\u00f1amos todos los mercedinos\u201d.<\/p>\n<p>El presidente del bloque de concejales del Frente Mercedino resalt\u00f3 tambi\u00e9n que \u201cel recurso humano y el talento\u201d debe afianzarse con el estudio, y que \u201cla formaci\u00f3n acad\u00e9mica permite poner el saber de una persona al servicio de la sociedad que integra\u201d.<\/p>\n<p>Desde el espacio que conduce Ustarroz se hacen gestiones permanentes para la llegada de recursos para los estudiantes: el a\u00f1o pasado, sin ir m\u00e1s lejos y tras un trabajo del legislador provincial mercedino Alberto Espa\u00f1a, se entregaron becas de estudios y culturales de la C\u00e1mara de Diputados provincial que fueron articuladas por las distintas agrupaciones pol\u00edticas que tienen representaci\u00f3n en nuestra ciudad.<\/p>\n<p>Y los equipos de Educaci\u00f3n del Frente Mercedino sostienen un trabajo permanente con las escuelas locales, para las que se consiguieron 11 aulas digitales y subsidios de distintos montos apuntados tanto a mejoras edilicias como a la compra de nuevos mobiliarios, entre otros recursos.<\/p>\n<p>&nbsp;<\/p>\n<p>&nbsp;<\/p>\n<p>&nbsp;<\/p>\n","protected":false},"excerpt":{"rendered":"<p>El bloque de concejales del Frente Mercedino para la Victoria entreg\u00f3 este martes alrededor de 20 becas para estudiantes universitarios, &#8230; <a title=\"Frente Mercedino entreg\u00f3 becas a estudiantes universitario\" class=\"read-more\" href=\"https:\/\/www.hoymercedes.com.ar\/principal\/2015\/03\/19\/frente-mercedino-entrego-becas-a-estudiantes-universitario\/\" aria-label=\"Leer m\u00e1s sobre Frente Mercedino entreg\u00f3 becas a estudiantes universitario\">Leer m\u00e1s<\/a><\/p>\n","protected":false},"author":1,"featured_media":0,"comment_status":"open","ping_status":"open","sticky":false,"template":"","format":"standard","meta":{"_monsterinsights_skip_tracking":false,"_monsterinsights_sitenote_active":false,"_monsterinsights_sitenote_note":"","_monsterinsights_sitenote_category":0,"jetpack_post_was_ever_published":false,"_jetpack_newsletter_access":"","_jetpack_dont_email_post_to_subs":false,"_jetpack_newsletter_tier_id":0,"_jetpack_memberships_contains_paywalled_content":false,"_jetpack_memberships_contains_paid_content":false,"footnotes":"","jetpack_publicize_message":"","jetpack_publicize_feature_enabled":true,"jetpack_social_post_already_shared":true,"jetpack_social_options":{"image_generator_settings":{"template":"highway","default_image_id":0,"font":"","enabled":false},"version":2},"_wpas_customize_per_network":false},"categories":[23],"tags":[3894,1007],"class_list":["post-40211","post","type-post","status-publish","format-standard","hentry","category-educacion","tag-becas","tag-frente-mercedino","generate-columns","tablet-grid-50","mobile-grid-100","grid-parent","grid-50"],"jetpack_publicize_connections":[],"jetpack_featured_media_url":"","wps_subtitle":"Beneficio social ","jetpack_sharing_enabled":true,"_links":{"self":[{"href":"https:\/\/www.hoymercedes.com.ar\/principal\/wp-json\/wp\/v2\/posts\/40211","targetHints":{"allow":["GET"]}}],"collection":[{"href":"https:\/\/www.hoymercedes.com.ar\/principal\/wp-json\/wp\/v2\/posts"}],"about":[{"href":"https:\/\/www.hoymercedes.com.ar\/principal\/wp-json\/wp\/v2\/types\/post"}],"author":[{"embeddable":true,"href":"https:\/\/www.hoymercedes.com.ar\/principal\/wp-json\/wp\/v2\/users\/1"}],"replies":[{"embeddable":true,"href":"https:\/\/www.hoymercedes.com.ar\/principal\/wp-json\/wp\/v2\/comments?post=40211"}],"version-history":[{"count":0,"href":"https:\/\/www.hoymercedes.com.ar\/principal\/wp-json\/wp\/v2\/posts\/40211\/revisions"}],"wp:attachment":[{"href":"https:\/\/www.hoymercedes.com.ar\/principal\/wp-json\/wp\/v2\/media?parent=40211"}],"wp:term":[{"taxonomy":"category","embeddable":true,"href":"https:\/\/www.hoymercedes.com.ar\/principal\/wp-json\/wp\/v2\/categories?post=40211"},{"taxonomy":"post_tag","embeddable":true,"href":"https:\/\/www.hoymercedes.com.ar\/principal\/wp-json\/wp\/v2\/tags?post=40211"}],"curies":[{"name":"wp","href":"https:\/\/api.w.org\/{rel}","templated":true}]}}