{"id":40237,"date":"2015-03-20T19:50:41","date_gmt":"2015-03-20T22:50:41","guid":{"rendered":"http:\/\/www.hoymercedes.com.ar\/principal\/?p=40237"},"modified":"2015-04-11T19:35:48","modified_gmt":"2015-04-11T22:35:48","slug":"frente-mercedino-hizo-entrega-de-subsidio-a-caidim","status":"publish","type":"post","link":"https:\/\/www.hoymercedes.com.ar\/principal\/2015\/03\/20\/frente-mercedino-hizo-entrega-de-subsidio-a-caidim\/","title":{"rendered":"Frente Mercedino hizo entrega de subsidio a CAIDIM"},"content":{"rendered":"<p><a href=\"https:\/\/www.hoymercedes.com.ar\/principal\/wp-content\/uploads\/2015\/03\/caidim-subsidio.jpg\"><img loading=\"lazy\" decoding=\"async\" data-attachment-id=\"40238\" data-permalink=\"https:\/\/www.hoymercedes.com.ar\/principal\/2015\/03\/20\/frente-mercedino-hizo-entrega-de-subsidio-a-caidim\/caidim-subsidio\/#main\" data-orig-file=\"https:\/\/www.hoymercedes.com.ar\/principal\/wp-content\/uploads\/2015\/03\/caidim-subsidio.jpg\" data-orig-size=\"620,414\" data-comments-opened=\"1\" data-image-meta=\"{&quot;aperture&quot;:&quot;0&quot;,&quot;credit&quot;:&quot;&quot;,&quot;camera&quot;:&quot;&quot;,&quot;caption&quot;:&quot;&quot;,&quot;created_timestamp&quot;:&quot;0&quot;,&quot;copyright&quot;:&quot;&quot;,&quot;focal_length&quot;:&quot;0&quot;,&quot;iso&quot;:&quot;0&quot;,&quot;shutter_speed&quot;:&quot;0&quot;,&quot;title&quot;:&quot;&quot;,&quot;orientation&quot;:&quot;0&quot;}\" data-image-title=\"caidim-subsidio\" data-image-description=\"\" data-image-caption=\"\" data-large-file=\"https:\/\/www.hoymercedes.com.ar\/principal\/wp-content\/uploads\/2015\/03\/caidim-subsidio.jpg\" class=\"Img2014 aligncenter wp-image-40238 size-full\" title=\"CAIDIM\" src=\"https:\/\/www.hoymercedes.com.ar\/principal\/wp-content\/uploads\/2015\/03\/caidim-subsidio.jpg\" alt=\"caidim-subsidio\" width=\"620\" height=\"414\" \/><\/a><\/p>\n<p><em><strong>El presidente del bloque de concejales del Frente Mercedino para la Victoria, Juan Ignacio Ustarroz, destac\u00f3 \u201cel trabajo de inclusi\u00f3n\u201d realizado por los talleres protegidos de CAIDIM, a los que este viernes les entreg\u00f3 un subsidio de $ 7.500 gestionado ante la C\u00e1mara de Diputados de la Naci\u00f3n por el hoy Secretario General de Presidencia, Eduardo de Pedro.<\/strong><\/em><\/p>\n<p>\u201cCuando una organizaci\u00f3n hace un trabajo de estas caracter\u00edsticas, es una obligaci\u00f3n de los dirigentes encontrar la forma de apoyarla. Nos da mucha felicidad poder aportar desde nuestro espacio, esta vez con un subsidio de la C\u00e1mara de Diputados nacionales que fue gestionado por \u2018Wado\u2019 de Pedro, pero m\u00e1s felicidad nos da ver a tantos mercedinos comprometidos en valores esenciales como la solidaridad\u201d, asegur\u00f3 Ustarroz.<\/p>\n<p>Junto con Juani estuvieron su compa\u00f1ero de bancada (y jefe de la delegaci\u00f3n local del PAMI) Mat\u00edas Dematei, y Tatiana L\u00f3pez, una de las principales referentes de la Comisi\u00f3n de Salud y Discapacidad del Frente Mercedino para la Victoria. Tambi\u00e9n las autoridades de la instituci\u00f3n, que podr\u00e1n usar el aporte en refacciones edilicias o compra de mobiliarios.<\/p>\n<p>\u201cEl apoyo hacia las instituciones de nuestra ciudad est\u00e1 entre las prioridades del Frente Mercedino, porque cumplen un papel relevante en la construcci\u00f3n de una ciudad cada d\u00eda mejor \u2013agreg\u00f3 Ustarroz-. Cada vez que lo necesiten, y en la medida que podamos, saben que pueden contar con nuestra colaboraci\u00f3n, porque significa un gran orgullo\u201d.<\/p>\n<p>CAIDIM, ubicado en las calles 43 y 30 y con m\u00e1s de 45 a\u00f1os en nuestra ciudad, permite la inclusi\u00f3n laboral de vecinos con discapacidad intelectual en sus talleres, donde producen y comercializan. Tambi\u00e9n colaboran en distintos actos y dan ejemplos de higiene urbana: en los corsos, por caso, juntan los aerosoles vac\u00edos de espuma, separan la lata del pl\u00e1stico y reciclan los materiales para las distintas producciones que llevan adelante.<\/p>\n<p>\u201cHace muchos a\u00f1os que hacemos esto. Separamos para llevarnos la hojalata. Adem\u00e1s de poder obtener una diferencia econ\u00f3mica, colaboramos con el medio ambiente ya que nos proponemos no dejar ni una sola lata suelta en la ciudad\u201d, explic\u00f3 Mar\u00eda Silva, directora de CAIDIM, a los medios period\u00edsticos despu\u00e9s de los carnavales de este 2015.<\/p>\n<p>Actualmente, el taller protegido est\u00e1 haciendo trabajos para la f\u00e1brica MAPED Argentina (plastilinas, l\u00e1pices, gomas, t\u00e9mperas, art\u00edculos escolares y de oficina); y tambi\u00e9n produce art\u00edculos para comercios locales, como bolsas de supermercados con su logo.<\/p>\n<p>CAIDIM provee de empleo remunerado a vecinos con discapacidad intelectual o motriz a los que les cuesta insertarse en el mercado laboral: \u201cLo que queremos es que sean reconocidos como personas productivas, no como personas a las que lamentablemente se les cuelga el cartelito o el r\u00f3tulo de que no sirven\u201d, explic\u00f3 tiempo atr\u00e1s la propia Silva.<\/p>\n<p>CAIDIM, que no recibe subvenciones, se sostiene con la venta de sus productos, el aporte de socios, donaciones y la recaudaci\u00f3n de eventos como rifas o cenas. Tambi\u00e9n con el reciclado de botellas, pl\u00e1sticos, cart\u00f3n, papel y aceite.<\/p>\n","protected":false},"excerpt":{"rendered":"<p>El presidente del bloque de concejales del Frente Mercedino para la Victoria, Juan Ignacio Ustarroz, destac\u00f3 \u201cel trabajo de inclusi\u00f3n\u201d &#8230; <a title=\"Frente Mercedino hizo entrega de subsidio a CAIDIM\" class=\"read-more\" href=\"https:\/\/www.hoymercedes.com.ar\/principal\/2015\/03\/20\/frente-mercedino-hizo-entrega-de-subsidio-a-caidim\/\" aria-label=\"Leer m\u00e1s sobre Frente Mercedino hizo entrega de subsidio a CAIDIM\">Leer m\u00e1s<\/a><\/p>\n","protected":false},"author":1,"featured_media":0,"comment_status":"open","ping_status":"open","sticky":false,"template":"","format":"standard","meta":{"_monsterinsights_skip_tracking":false,"_monsterinsights_sitenote_active":false,"_monsterinsights_sitenote_note":"","_monsterinsights_sitenote_category":0,"jetpack_post_was_ever_published":false,"_jetpack_newsletter_access":"","_jetpack_dont_email_post_to_subs":false,"_jetpack_newsletter_tier_id":0,"_jetpack_memberships_contains_paywalled_content":false,"_jetpack_memberships_contains_paid_content":false,"footnotes":"","jetpack_publicize_message":"","jetpack_publicize_feature_enabled":true,"jetpack_social_post_already_shared":true,"jetpack_social_options":{"image_generator_settings":{"template":"highway","default_image_id":0,"font":"","enabled":false},"version":2},"_wpas_customize_per_network":false},"categories":[5],"tags":[2483,6957,1007],"class_list":["post-40237","post","type-post","status-publish","format-standard","hentry","category-politica","tag-caidim","tag-caidim-mercedes","tag-frente-mercedino","generate-columns","tablet-grid-50","mobile-grid-100","grid-parent","grid-50"],"jetpack_publicize_connections":[],"jetpack_featured_media_url":"","wps_subtitle":"Gestionado en Diputados","jetpack_sharing_enabled":true,"jetpack-related-posts":[{"id":188541,"url":"https:\/\/www.hoymercedes.com.ar\/principal\/2025\/10\/07\/caidim-tuvo-su-cena-solidaria-con-amplia-participacion\/","url_meta":{"origin":40237,"position":0},"title":"CAIDIM tuvo su cena solidaria con amplia participaci\u00f3n","author":"hoymercedes","date":"7 octubre, 2025","format":false,"excerpt":"Se llev\u00f3 adelante un nuevo encuentro solidario. Fue en beneficio de CAIDIM, que est\u00e1 pasando un momento dif\u00edcil. La velada se desarroll\u00f3 en la sede del Hogar Granja Arco Iris el pasado s\u00e1bado. Hubo cena, baile y show en vivo. La iniciativa de la respetada instituci\u00f3n cont\u00f3 con el apoyo\u2026","rel":"","context":"En \u00abSociedad\u00bb","block_context":{"text":"Sociedad","link":"https:\/\/www.hoymercedes.com.ar\/principal\/category\/sociedad\/"},"img":{"alt_text":"CAIDIM tuvo su cena solidaria con amplia participaci\u00f3n","src":"https:\/\/i0.wp.com\/www.hoymercedes.com.ar\/principal\/wp-content\/uploads\/2025\/10\/CAIDIM-Cena-Solidaria.2.jpg?resize=350%2C200&ssl=1","width":350,"height":200,"srcset":"https:\/\/i0.wp.com\/www.hoymercedes.com.ar\/principal\/wp-content\/uploads\/2025\/10\/CAIDIM-Cena-Solidaria.2.jpg?resize=350%2C200&ssl=1 1x, https:\/\/i0.wp.com\/www.hoymercedes.com.ar\/principal\/wp-content\/uploads\/2025\/10\/CAIDIM-Cena-Solidaria.2.jpg?resize=525%2C300&ssl=1 1.5x, https:\/\/i0.wp.com\/www.hoymercedes.com.ar\/principal\/wp-content\/uploads\/2025\/10\/CAIDIM-Cena-Solidaria.2.jpg?resize=700%2C400&ssl=1 2x, https:\/\/i0.wp.com\/www.hoymercedes.com.ar\/principal\/wp-content\/uploads\/2025\/10\/CAIDIM-Cena-Solidaria.2.jpg?resize=1050%2C600&ssl=1 3x"},"classes":[]},{"id":168371,"url":"https:\/\/www.hoymercedes.com.ar\/principal\/2023\/10\/15\/fallecio-maria-silva-directora-de-caidim\/","url_meta":{"origin":40237,"position":1},"title":"Falleci\u00f3 Mar\u00eda Silva, directora de CAIDIM","author":"hoymercedes","date":"15 octubre, 2023","format":false,"excerpt":"Durante la jornada de este domingo se conoci\u00f3 una triste noticia: el fallecimiento de la Directora de CAIDIM, Mar\u00eda Silva. Qui\u00e9n fuera principal referente de la instituci\u00f3n de 30 y 43, integr\u00f3 tambi\u00e9n la comisi\u00f3n municipal de discapacidad. \"Con profundo dolor, la comunidad de CAIDIM despide a nuestra querida directora\u2026","rel":"","context":"En \u00abCiudad\u00bb","block_context":{"text":"Ciudad","link":"https:\/\/www.hoymercedes.com.ar\/principal\/category\/ciudad\/"},"img":{"alt_text":"","src":"https:\/\/i0.wp.com\/www.hoymercedes.com.ar\/principal\/wp-content\/uploads\/2023\/10\/FB_IMG_1697408243184_copy_800x533.jpg?resize=350%2C200&ssl=1","width":350,"height":200,"srcset":"https:\/\/i0.wp.com\/www.hoymercedes.com.ar\/principal\/wp-content\/uploads\/2023\/10\/FB_IMG_1697408243184_copy_800x533.jpg?resize=350%2C200&ssl=1 1x, https:\/\/i0.wp.com\/www.hoymercedes.com.ar\/principal\/wp-content\/uploads\/2023\/10\/FB_IMG_1697408243184_copy_800x533.jpg?resize=525%2C300&ssl=1 1.5x, https:\/\/i0.wp.com\/www.hoymercedes.com.ar\/principal\/wp-content\/uploads\/2023\/10\/FB_IMG_1697408243184_copy_800x533.jpg?resize=700%2C400&ssl=1 2x"},"classes":[]},{"id":101175,"url":"https:\/\/www.hoymercedes.com.ar\/principal\/2019\/10\/10\/caidim-celebra-sus-50-anos-de-labor-interrumpida\/","url_meta":{"origin":40237,"position":2},"title":"CAIDIM celebra sus 50 a\u00f1os de labor interrumpida","author":"hoymercedes","date":"10 octubre, 2019","format":false,"excerpt":"El 8 de octubre de 1969 se cre\u00f3 la instituci\u00f3n que hoy como Asociaci\u00f3n Civil y Taller Protegido de Producci\u00f3n provee trabajo a personas con discapacidad intelectual. El festejo ser\u00e1 el jueves 17 de octubre, 21 horas, en Casa An\u00fas. Las entradas pueden adquirirse en la sede de la instituci\u00f3n\u2026","rel":"","context":"En \u00abSociedad\u00bb","block_context":{"text":"Sociedad","link":"https:\/\/www.hoymercedes.com.ar\/principal\/category\/sociedad\/"},"img":{"alt_text":"","src":"https:\/\/i0.wp.com\/www.hoymercedes.com.ar\/principal\/wp-content\/uploads\/2019\/10\/caidim1.jpg?resize=350%2C200&ssl=1","width":350,"height":200,"srcset":"https:\/\/i0.wp.com\/www.hoymercedes.com.ar\/principal\/wp-content\/uploads\/2019\/10\/caidim1.jpg?resize=350%2C200&ssl=1 1x, https:\/\/i0.wp.com\/www.hoymercedes.com.ar\/principal\/wp-content\/uploads\/2019\/10\/caidim1.jpg?resize=525%2C300&ssl=1 1.5x, https:\/\/i0.wp.com\/www.hoymercedes.com.ar\/principal\/wp-content\/uploads\/2019\/10\/caidim1.jpg?resize=700%2C400&ssl=1 2x, https:\/\/i0.wp.com\/www.hoymercedes.com.ar\/principal\/wp-content\/uploads\/2019\/10\/caidim1.jpg?resize=1050%2C600&ssl=1 3x"},"classes":[]},{"id":20826,"url":"https:\/\/www.hoymercedes.com.ar\/principal\/2013\/03\/21\/ustarroz-entrego-subsidio-a-lalcen-por-10mil-pesos\/","url_meta":{"origin":40237,"position":3},"title":"Ustarr\u00f3z entreg\u00f3 subsidio a LALCEC por 10mil pesos","author":"hoymercedes","date":"21 marzo, 2013","format":false,"excerpt":"Se llev\u00f3 a cabo la entrega de un subsidio a LALCEC Mercedes a manos del Juan Ustarr\u00f3z. Se trata de \u00a010.000 pesos. El mismo fue gestionado por Eduardo De Pedro en la C\u00e1mara de Diputados Nacionales.El referente del Frente Mercedino para la Victoria sostuvo: \"Nuestra idea es, en la medida\u2026","rel":"","context":"En \u00abSociedad\u00bb","block_context":{"text":"Sociedad","link":"https:\/\/www.hoymercedes.com.ar\/principal\/category\/sociedad\/"},"img":{"alt_text":"","src":"","width":0,"height":0},"classes":[]},{"id":187458,"url":"https:\/\/www.hoymercedes.com.ar\/principal\/2025\/09\/02\/instituciones-unidas-y-cena-solidaria-por-caidim\/","url_meta":{"origin":40237,"position":4},"title":"Instituciones unidas y cena solidaria por CAIDIM","author":"hoymercedes","date":"2 septiembre, 2025","format":false,"excerpt":"Se viene una importante jornada solidaria por CAIDIM, con apoyo de otras instituciones y el municipio. Honor \u201cPara nosotros es un orgullo, un honor recibir ac\u00e1 en la Municipalidad a gente tan valiosa que hace cosas importantes por nuestra ciudad\u201d sostuvo el intendente Juani Ustarroz y mencion\u00f3 que \u201ctuvimos una\u2026","rel":"","context":"En \u00abSociedad\u00bb","block_context":{"text":"Sociedad","link":"https:\/\/www.hoymercedes.com.ar\/principal\/category\/sociedad\/"},"img":{"alt_text":"Instituciones unidas, municipio y otra cena solidaria en beneficio de CADIM","src":"https:\/\/i0.wp.com\/www.hoymercedes.com.ar\/principal\/wp-content\/uploads\/2025\/09\/Solidaridad.jpg?resize=350%2C200&ssl=1","width":350,"height":200,"srcset":"https:\/\/i0.wp.com\/www.hoymercedes.com.ar\/principal\/wp-content\/uploads\/2025\/09\/Solidaridad.jpg?resize=350%2C200&ssl=1 1x, https:\/\/i0.wp.com\/www.hoymercedes.com.ar\/principal\/wp-content\/uploads\/2025\/09\/Solidaridad.jpg?resize=525%2C300&ssl=1 1.5x, https:\/\/i0.wp.com\/www.hoymercedes.com.ar\/principal\/wp-content\/uploads\/2025\/09\/Solidaridad.jpg?resize=700%2C400&ssl=1 2x, https:\/\/i0.wp.com\/www.hoymercedes.com.ar\/principal\/wp-content\/uploads\/2025\/09\/Solidaridad.jpg?resize=1050%2C600&ssl=1 3x"},"classes":[]},{"id":124036,"url":"https:\/\/www.hoymercedes.com.ar\/principal\/2021\/01\/29\/arreglan-veredas-de-acceso-a-caidim\/","url_meta":{"origin":40237,"position":5},"title":"Arreglan veredas de acceso a CAIDIM","author":"hoymercedes","date":"29 enero, 2021","format":false,"excerpt":"Desde el \u00e1rea de Servicios P\u00fablicos trabajan en la reparaci\u00f3n y mejoras de las veredas de la instituci\u00f3n de calle 30 y 43, CAIDIM. Se colocaron nuevas rampas de acceso para discapacitados y reparaci\u00f3n de la acera. \u00a0 Para Tatiana L\u00f3pez, directora de discapacidad del Municipio es \u201cuna obra importante\u201d\u2026","rel":"","context":"En \u00abMunicipio\u00bb","block_context":{"text":"Municipio","link":"https:\/\/www.hoymercedes.com.ar\/principal\/category\/municipio\/"},"img":{"alt_text":"","src":"https:\/\/i0.wp.com\/www.hoymercedes.com.ar\/principal\/wp-content\/uploads\/2021\/01\/142147014_683426775660126_8881066141908678407_o.jpg?resize=350%2C200&ssl=1","width":350,"height":200,"srcset":"https:\/\/i0.wp.com\/www.hoymercedes.com.ar\/principal\/wp-content\/uploads\/2021\/01\/142147014_683426775660126_8881066141908678407_o.jpg?resize=350%2C200&ssl=1 1x, https:\/\/i0.wp.com\/www.hoymercedes.com.ar\/principal\/wp-content\/uploads\/2021\/01\/142147014_683426775660126_8881066141908678407_o.jpg?resize=525%2C300&ssl=1 1.5x, https:\/\/i0.wp.com\/www.hoymercedes.com.ar\/principal\/wp-content\/uploads\/2021\/01\/142147014_683426775660126_8881066141908678407_o.jpg?resize=700%2C400&ssl=1 2x"},"classes":[]}],"_links":{"self":[{"href":"https:\/\/www.hoymercedes.com.ar\/principal\/wp-json\/wp\/v2\/posts\/40237","targetHints":{"allow":["GET"]}}],"collection":[{"href":"https:\/\/www.hoymercedes.com.ar\/principal\/wp-json\/wp\/v2\/posts"}],"about":[{"href":"https:\/\/www.hoymercedes.com.ar\/principal\/wp-json\/wp\/v2\/types\/post"}],"author":[{"embeddable":true,"href":"https:\/\/www.hoymercedes.com.ar\/principal\/wp-json\/wp\/v2\/users\/1"}],"replies":[{"embeddable":true,"href":"https:\/\/www.hoymercedes.com.ar\/principal\/wp-json\/wp\/v2\/comments?post=40237"}],"version-history":[{"count":0,"href":"https:\/\/www.hoymercedes.com.ar\/principal\/wp-json\/wp\/v2\/posts\/40237\/revisions"}],"wp:attachment":[{"href":"https:\/\/www.hoymercedes.com.ar\/principal\/wp-json\/wp\/v2\/media?parent=40237"}],"wp:term":[{"taxonomy":"category","embeddable":true,"href":"https:\/\/www.hoymercedes.com.ar\/principal\/wp-json\/wp\/v2\/categories?post=40237"},{"taxonomy":"post_tag","embeddable":true,"href":"https:\/\/www.hoymercedes.com.ar\/principal\/wp-json\/wp\/v2\/tags?post=40237"}],"curies":[{"name":"wp","href":"https:\/\/api.w.org\/{rel}","templated":true}]}}