{"id":40278,"date":"2015-03-22T19:24:08","date_gmt":"2015-03-22T22:24:08","guid":{"rendered":"http:\/\/www.hoymercedes.com.ar\/principal\/?p=40278"},"modified":"2015-03-22T19:24:08","modified_gmt":"2015-03-22T22:24:08","slug":"asalto-a-mano-armada-en-lobos-a-repartidor-mercedino","status":"publish","type":"post","link":"https:\/\/www.hoymercedes.com.ar\/principal\/2015\/03\/22\/asalto-a-mano-armada-en-lobos-a-repartidor-mercedino\/","title":{"rendered":"Asalto a mano armada en Lobos a repartidor mercedino"},"content":{"rendered":"<p><a href=\"https:\/\/www.hoymercedes.com.ar\/principal\/wp-content\/uploads\/2015\/03\/roboetchebhere-A.jpg\"><img loading=\"lazy\" decoding=\"async\" data-attachment-id=\"40279\" data-permalink=\"https:\/\/www.hoymercedes.com.ar\/principal\/2015\/03\/22\/asalto-a-mano-armada-en-lobos-a-repartidor-mercedino\/roboetchebhere-a\/#main\" data-orig-file=\"https:\/\/www.hoymercedes.com.ar\/principal\/wp-content\/uploads\/2015\/03\/roboetchebhere-A.jpg\" data-orig-size=\"620,404\" data-comments-opened=\"1\" data-image-meta=\"{&quot;aperture&quot;:&quot;0&quot;,&quot;credit&quot;:&quot;&quot;,&quot;camera&quot;:&quot;&quot;,&quot;caption&quot;:&quot;&quot;,&quot;created_timestamp&quot;:&quot;0&quot;,&quot;copyright&quot;:&quot;&quot;,&quot;focal_length&quot;:&quot;0&quot;,&quot;iso&quot;:&quot;0&quot;,&quot;shutter_speed&quot;:&quot;0&quot;,&quot;title&quot;:&quot;&quot;,&quot;orientation&quot;:&quot;0&quot;}\" data-image-title=\"roboetchebhere-A\" data-image-description=\"\" data-image-caption=\"\" data-large-file=\"https:\/\/www.hoymercedes.com.ar\/principal\/wp-content\/uploads\/2015\/03\/roboetchebhere-A.jpg\" class=\"Img2014 aligncenter wp-image-40279 size-full\" title=\"Asalto en lobos, asalto etchebehre\" src=\"https:\/\/www.hoymercedes.com.ar\/principal\/wp-content\/uploads\/2015\/03\/roboetchebhere-A.jpg\" alt=\"roboetchebhere-A\" width=\"620\" height=\"404\" \/><\/a><\/p>\n<p><em><strong>Un repartidor de la firma Etchebehere fue asaltado en la localidad de Lobos en lo que se denomin\u00f3 un \u201crobo tipo comando\u201d por las caracter\u00edsticas que tuvo. Fue el pasado jueves y el mercedino sali\u00f3 ileso del atraco.<\/strong><\/em><\/p>\n<p>Todo sucedi\u00f3 alrededor de las 15.15hs cuando dos sujetos por la fuerza abordaron el cami\u00f3n de la empresa \u201cDistribuidora Etchebehere\u201d de nuestra ciudad que se encontraba efectuando reparto de mercader\u00edas en la ciudad de Lobos con productos \u201cMolinos R\u00edo de la Plata\u201d, se supo.<\/p>\n<p>Los delincuentes tras forcejear con el conductor, un hombre de 33 a\u00f1os que hab\u00eda salido desde Mercedes a efectuar su tarea diaria, se llevaron $4.000, las llaves del cami\u00f3n frigor\u00edfico y otros elementos no determinados.<\/p>\n<p>El conductor, llamado N\u00e9stor Del Castillo luego del forcejeo sufri\u00f3 un da\u00f1o leve en el t\u00f3rax, producido por el arma de fuego del asaltante, pero, sin requerir intervenci\u00f3n m\u00e9dica espec\u00edfica por el asunto.<\/p>\n<p>La situaci\u00f3n ocurri\u00f3 en calle Las Heras entre Bord\u00f3n y Patagones de la localidad de Lobos hasta donde se dirigi\u00f3 el titular de la firma para interiorizarse del estado de su empleado, se supo.<\/p>\n<p>La polic\u00eda de Lobos r\u00e1pidamente se hizo presente en el lugar.<\/p>\n<p>&nbsp;<\/p>\n<p><span style=\"color: #808080;\">Foto: Gentileza Lobosnews.com<\/span><\/p>\n<p>&nbsp;<\/p>\n<p>&nbsp;<\/p>\n<p>&nbsp;<\/p>\n<p>&nbsp;<\/p>\n","protected":false},"excerpt":{"rendered":"<p>Un repartidor de la firma Etchebehere fue asaltado en la localidad de Lobos en lo que se denomin\u00f3 un \u201crobo &#8230; <a title=\"Asalto a mano armada en Lobos a repartidor mercedino\" class=\"read-more\" href=\"https:\/\/www.hoymercedes.com.ar\/principal\/2015\/03\/22\/asalto-a-mano-armada-en-lobos-a-repartidor-mercedino\/\" aria-label=\"Leer m\u00e1s sobre Asalto a mano armada en Lobos a repartidor mercedino\">Leer m\u00e1s<\/a><\/p>\n","protected":false},"author":1,"featured_media":0,"comment_status":"open","ping_status":"open","sticky":false,"template":"","format":"standard","meta":{"_monsterinsights_skip_tracking":false,"_monsterinsights_sitenote_active":false,"_monsterinsights_sitenote_note":"","_monsterinsights_sitenote_category":0,"jetpack_post_was_ever_published":false,"_jetpack_newsletter_access":"","_jetpack_dont_email_post_to_subs":false,"_jetpack_newsletter_tier_id":0,"_jetpack_memberships_contains_paywalled_content":false,"_jetpack_memberships_contains_paid_content":false,"footnotes":"","jetpack_publicize_message":"","jetpack_publicize_feature_enabled":true,"jetpack_social_post_already_shared":true,"jetpack_social_options":{"image_generator_settings":{"template":"highway","default_image_id":0,"font":"","enabled":false},"version":2},"_wpas_customize_per_network":false},"categories":[85],"tags":[7077,7078],"class_list":["post-40278","post","type-post","status-publish","format-standard","hentry","category-policial","tag-asalto-en-lobos","tag-asalto-etchebehre","generate-columns","tablet-grid-50","mobile-grid-100","grid-parent","grid-50"],"jetpack_publicize_connections":[],"jetpack_featured_media_url":"","wps_subtitle":"De distribuidora Etchebhere","jetpack_sharing_enabled":true,"_links":{"self":[{"href":"https:\/\/www.hoymercedes.com.ar\/principal\/wp-json\/wp\/v2\/posts\/40278","targetHints":{"allow":["GET"]}}],"collection":[{"href":"https:\/\/www.hoymercedes.com.ar\/principal\/wp-json\/wp\/v2\/posts"}],"about":[{"href":"https:\/\/www.hoymercedes.com.ar\/principal\/wp-json\/wp\/v2\/types\/post"}],"author":[{"embeddable":true,"href":"https:\/\/www.hoymercedes.com.ar\/principal\/wp-json\/wp\/v2\/users\/1"}],"replies":[{"embeddable":true,"href":"https:\/\/www.hoymercedes.com.ar\/principal\/wp-json\/wp\/v2\/comments?post=40278"}],"version-history":[{"count":0,"href":"https:\/\/www.hoymercedes.com.ar\/principal\/wp-json\/wp\/v2\/posts\/40278\/revisions"}],"wp:attachment":[{"href":"https:\/\/www.hoymercedes.com.ar\/principal\/wp-json\/wp\/v2\/media?parent=40278"}],"wp:term":[{"taxonomy":"category","embeddable":true,"href":"https:\/\/www.hoymercedes.com.ar\/principal\/wp-json\/wp\/v2\/categories?post=40278"},{"taxonomy":"post_tag","embeddable":true,"href":"https:\/\/www.hoymercedes.com.ar\/principal\/wp-json\/wp\/v2\/tags?post=40278"}],"curies":[{"name":"wp","href":"https:\/\/api.w.org\/{rel}","templated":true}]}}