{"id":40281,"date":"2015-03-23T15:55:47","date_gmt":"2015-03-23T18:55:47","guid":{"rendered":"http:\/\/www.hoymercedes.com.ar\/principal\/?p=40281"},"modified":"2015-03-23T15:55:47","modified_gmt":"2015-03-23T18:55:47","slug":"joven-mercedino-mato-a-su-tio-con-un-arma-blanca","status":"publish","type":"post","link":"https:\/\/www.hoymercedes.com.ar\/principal\/2015\/03\/23\/joven-mercedino-mato-a-su-tio-con-un-arma-blanca\/","title":{"rendered":"Joven mercedino mat\u00f3 a su t\u00edo con un arma blanca"},"content":{"rendered":"<p><a href=\"https:\/\/www.hoymercedes.com.ar\/principal\/wp-content\/uploads\/2015\/03\/Comisaria-SanIsidro.jpg\"><img loading=\"lazy\" decoding=\"async\" data-attachment-id=\"40282\" data-permalink=\"https:\/\/www.hoymercedes.com.ar\/principal\/2015\/03\/23\/joven-mercedino-mato-a-su-tio-con-un-arma-blanca\/comisaria-sanisidro\/#main\" data-orig-file=\"https:\/\/www.hoymercedes.com.ar\/principal\/wp-content\/uploads\/2015\/03\/Comisaria-SanIsidro.jpg\" data-orig-size=\"620,347\" data-comments-opened=\"1\" data-image-meta=\"{&quot;aperture&quot;:&quot;0&quot;,&quot;credit&quot;:&quot;&quot;,&quot;camera&quot;:&quot;&quot;,&quot;caption&quot;:&quot;&quot;,&quot;created_timestamp&quot;:&quot;0&quot;,&quot;copyright&quot;:&quot;&quot;,&quot;focal_length&quot;:&quot;0&quot;,&quot;iso&quot;:&quot;0&quot;,&quot;shutter_speed&quot;:&quot;0&quot;,&quot;title&quot;:&quot;&quot;,&quot;orientation&quot;:&quot;0&quot;}\" data-image-title=\"Comisaria-SanIsidro\" data-image-description=\"\" data-image-caption=\"\" data-large-file=\"https:\/\/www.hoymercedes.com.ar\/principal\/wp-content\/uploads\/2015\/03\/Comisaria-SanIsidro.jpg\" class=\"Img2014 aligncenter wp-image-40282 size-full\" src=\"https:\/\/www.hoymercedes.com.ar\/principal\/wp-content\/uploads\/2015\/03\/Comisaria-SanIsidro.jpg\" alt=\"Comisaria-SanIsidro\" width=\"620\" height=\"347\" \/><\/a><\/p>\n<p><em><strong>Un joven de nuestra ciudad se convirti\u00f3 en noticia durante la semana que pas\u00f3 cuando mat\u00f3 a su t\u00edo, tambi\u00e9n mercedino. El victimario est\u00e1 detenido, tiene 25 a\u00f1os de edad y le gener\u00f3 con un arma blanca la herida de muerte a su t\u00edo de 80 a\u00f1os.<\/strong><\/em><\/p>\n<p>No fue en Mercedes por eso las indagaciones en la polic\u00eda y la justicia hab\u00edan sido infructuosas para obtener detalles de lo que se conoci\u00f3 en la ciudad como una tragedia familiar durante los d\u00edas pasados, sin embargo, medios nacionales brindaron detalles.<\/p>\n<p>Osvaldo Juan Bertone es la v\u00edctima y el desenlace se dio tras una fuerte discusi\u00f3n entre ambos, se presume por temas familiares, generando el fatal desenlace.<\/p>\n<p>En el fragor de la discusi\u00f3n el joven Sarangello toma un cuchillo que termina penetr\u00e1ndolo en el est\u00f3mago del t\u00edo cayendo r\u00e1pidamente con una herida de gravedad. Fue trasladado a un hospital en la localidad de San Isidro donde intentaron salvarle la vida, cuesti\u00f3n que finalmente no se logr\u00f3.<\/p>\n<p>Sarangello fue detenido por la polic\u00eda de San Isidro ya que el hecho sucedi\u00f3 en la localidad de \u201cLas Barracas\u201d. El joven era un conocido hincha de Boca y las versiones son que viv\u00eda en un conventillo de la Boca.<\/p>\n<p>Los primeros an\u00e1lisis de la justicia determinaron que tendr\u00eda sus facultades mentales alteradas y es por\u00a0 eso que fue alojado en una instituci\u00f3n especializada y no dentro de la red habitual de los servicios de detenci\u00f3n de personas.<\/p>\n<p>La tragedia golpe\u00f3 fuertemente a una familia mercedina tomando el asunto relevancia nacional.<\/p>\n<p>\u201cIntervino en la causa, que fue caratulada \u201cHomicidio\u201d, el doctor Gast\u00f3n Garbus, fiscal de Mart\u00ednez, dependiente del departamento judicial de San Isidro.\u201d, remarc\u00f3 el Diario Cr\u00f3nica.<\/p>\n<p>&nbsp;<\/p>\n<p>&nbsp;<\/p>\n","protected":false},"excerpt":{"rendered":"<p>Un joven de nuestra ciudad se convirti\u00f3 en noticia durante la semana que pas\u00f3 cuando mat\u00f3 a su t\u00edo, tambi\u00e9n &#8230; <a title=\"Joven mercedino mat\u00f3 a su t\u00edo con un arma blanca\" class=\"read-more\" href=\"https:\/\/www.hoymercedes.com.ar\/principal\/2015\/03\/23\/joven-mercedino-mato-a-su-tio-con-un-arma-blanca\/\" aria-label=\"Leer m\u00e1s sobre Joven mercedino mat\u00f3 a su t\u00edo con un arma blanca\">Leer m\u00e1s<\/a><\/p>\n","protected":false},"author":1,"featured_media":0,"comment_status":"open","ping_status":"open","sticky":false,"template":"","format":"standard","meta":{"_monsterinsights_skip_tracking":false,"_monsterinsights_sitenote_active":false,"_monsterinsights_sitenote_note":"","_monsterinsights_sitenote_category":0,"jetpack_post_was_ever_published":false,"_jetpack_newsletter_access":"","_jetpack_dont_email_post_to_subs":false,"_jetpack_newsletter_tier_id":0,"_jetpack_memberships_contains_paywalled_content":false,"_jetpack_memberships_contains_paid_content":false,"footnotes":"","jetpack_publicize_message":"","jetpack_publicize_feature_enabled":true,"jetpack_social_post_already_shared":true,"jetpack_social_options":{"image_generator_settings":{"template":"highway","default_image_id":0,"font":"","enabled":false},"version":2},"_wpas_customize_per_network":false},"categories":[85],"tags":[7079,7080],"class_list":["post-40281","post","type-post","status-publish","format-standard","hentry","category-policial","tag-joven-mercedino-mato-a-su-tio","tag-marcelo-sarangello","generate-columns","tablet-grid-50","mobile-grid-100","grid-parent","grid-50"],"jetpack_publicize_connections":[],"jetpack_featured_media_url":"","wps_subtitle":"El hecho sucedi\u00f3 en San Isidro","jetpack_sharing_enabled":true,"_links":{"self":[{"href":"https:\/\/www.hoymercedes.com.ar\/principal\/wp-json\/wp\/v2\/posts\/40281","targetHints":{"allow":["GET"]}}],"collection":[{"href":"https:\/\/www.hoymercedes.com.ar\/principal\/wp-json\/wp\/v2\/posts"}],"about":[{"href":"https:\/\/www.hoymercedes.com.ar\/principal\/wp-json\/wp\/v2\/types\/post"}],"author":[{"embeddable":true,"href":"https:\/\/www.hoymercedes.com.ar\/principal\/wp-json\/wp\/v2\/users\/1"}],"replies":[{"embeddable":true,"href":"https:\/\/www.hoymercedes.com.ar\/principal\/wp-json\/wp\/v2\/comments?post=40281"}],"version-history":[{"count":0,"href":"https:\/\/www.hoymercedes.com.ar\/principal\/wp-json\/wp\/v2\/posts\/40281\/revisions"}],"wp:attachment":[{"href":"https:\/\/www.hoymercedes.com.ar\/principal\/wp-json\/wp\/v2\/media?parent=40281"}],"wp:term":[{"taxonomy":"category","embeddable":true,"href":"https:\/\/www.hoymercedes.com.ar\/principal\/wp-json\/wp\/v2\/categories?post=40281"},{"taxonomy":"post_tag","embeddable":true,"href":"https:\/\/www.hoymercedes.com.ar\/principal\/wp-json\/wp\/v2\/tags?post=40281"}],"curies":[{"name":"wp","href":"https:\/\/api.w.org\/{rel}","templated":true}]}}