{"id":40284,"date":"2015-03-23T16:06:43","date_gmt":"2015-03-23T19:06:43","guid":{"rendered":"http:\/\/www.hoymercedes.com.ar\/principal\/?p=40284"},"modified":"2015-03-23T16:06:43","modified_gmt":"2015-03-23T19:06:43","slug":"randazzo-el-viernes-visitara-la-trocha-para-inaugurar-obras","status":"publish","type":"post","link":"https:\/\/www.hoymercedes.com.ar\/principal\/2015\/03\/23\/randazzo-el-viernes-visitara-la-trocha-para-inaugurar-obras\/","title":{"rendered":"Randazzo el viernes visitar\u00e1 La Trocha para inaugurar obras"},"content":{"rendered":"<p><a href=\"https:\/\/www.hoymercedes.com.ar\/principal\/wp-content\/uploads\/2015\/03\/Ustarroz-Randazzo.jpg\"><img loading=\"lazy\" decoding=\"async\" data-attachment-id=\"40285\" data-permalink=\"https:\/\/www.hoymercedes.com.ar\/principal\/2015\/03\/23\/randazzo-el-viernes-visitara-la-trocha-para-inaugurar-obras\/ustarroz-randazzo\/#main\" data-orig-file=\"https:\/\/www.hoymercedes.com.ar\/principal\/wp-content\/uploads\/2015\/03\/Ustarroz-Randazzo.jpg\" data-orig-size=\"620,413\" data-comments-opened=\"1\" data-image-meta=\"{&quot;aperture&quot;:&quot;3.2&quot;,&quot;credit&quot;:&quot;AUSPITZ&quot;,&quot;camera&quot;:&quot;NIKON D3&quot;,&quot;caption&quot;:&quot;&quot;,&quot;created_timestamp&quot;:&quot;1412186378&quot;,&quot;copyright&quot;:&quot;&quot;,&quot;focal_length&quot;:&quot;55&quot;,&quot;iso&quot;:&quot;1250&quot;,&quot;shutter_speed&quot;:&quot;0.00625&quot;,&quot;title&quot;:&quot;&quot;,&quot;orientation&quot;:&quot;0&quot;}\" data-image-title=\"Ustarroz-Randazzo\" data-image-description=\"\" data-image-caption=\"\" data-large-file=\"https:\/\/www.hoymercedes.com.ar\/principal\/wp-content\/uploads\/2015\/03\/Ustarroz-Randazzo.jpg\" class=\"Img2014 aligncenter wp-image-40285 size-full\" title=\"Randazzo y Juan Ustarroz \" src=\"https:\/\/www.hoymercedes.com.ar\/principal\/wp-content\/uploads\/2015\/03\/Ustarroz-Randazzo.jpg\" alt=\"Ustarroz-Randazzo\" width=\"620\" height=\"413\" \/><\/a><\/p>\n<p><em><strong>El ministro de Interior y Transporte de la Naci\u00f3n, Florencio Randazzo, estar\u00e1 el pr\u00f3ximo viernes en Mercedes, donde inaugurar\u00e1 formalmente las obras de recuperaci\u00f3n del predio de la vieja estaci\u00f3n Trocha y entregar\u00e1 materiales relacionados con la seguridad vial.<\/strong><\/em><\/p>\n<p>El ministro, vecino de Chivilcoy y que est\u00e1 al frente de un profundo proceso de recuperaci\u00f3n y puesta en funcionamiento de los ferrocarriles argentinos (abandonados y sometidos al desguace durante los a\u00f1os de neoliberalismo), llegar\u00e1 acompa\u00f1ado por el Secretario General de la Presidencia, el mercedino Eduardo \u2018Wado\u2019 de Pedro.<\/p>\n<p>En el acto, cuyo inicio est\u00e1 previsto para las 11 de la ma\u00f1ana, Randazzo \u2013precandidato a la presidencia por el Frente para la Victoria- anunciar\u00e1 formalmente el inicio de las obras en el predio, que incluyen la recuperaci\u00f3n y puesta en valor del edificio de la vieja estaci\u00f3n de la Trocha y tambi\u00e9n de todos los galpones ubicados en el lugar. Adem\u00e1s entregar\u00e1 elementos relacionados con la Seguridad Vial, entre ellos cascos para motociclistas.<\/p>\n<p>\u201cPara nosotros es un orgullo la presencia de Randazzo y tambi\u00e9n el anuncio que viene a realizar: la recuperaci\u00f3n definitiva de un predio y un edificio muy ligado a la identidad de nuestra ciudad como es la vieja estaci\u00f3n de la Trocha\u201d, manifest\u00f3 el presidente del bloque de concejales del Frente Mercedino para la Victoria, Juan Ignacio Ustarroz.<\/p>\n<p>Durante mucho tiempo, el predio de la estaci\u00f3n \u2013seis hect\u00e1reas en pleno casco urbano- luci\u00f3 casi completamente abandonado, m\u00e1s all\u00e1 de los esfuerzos del periodista Fernando Luna, al frente de su FM Vida; y de la agrupaci\u00f3n Amigos del Ferrocarril Belgrano, quienes lograron preservar las v\u00edas, los galpones y el edificio. El lugar, sin mantenimiento, se hab\u00eda convertido inclusive en un foco de inseguridad para los vecinos de la zona.<\/p>\n<p>En 2013, y a partir de gestiones impulsadas por el propio Ustarroz \u2013junto con De Pedro y el diputado provincial mercedino Alberto Espa\u00f1a-, comenz\u00f3 el proceso de recuperaci\u00f3n: se instalaron 13 torres de iluminaci\u00f3n, se hizo higiene y desmalezamiento y dos cooperativas de Argentina Trabaja, diariamente, preservan el espacio limpio y ordenado.<\/p>\n<p>Los propios vecinos se fueron involucrando progresivamente y hoy se conform\u00f3 una Cooperativa Cultural. El predio volvi\u00f3 a cobrar vida con festivales inolvidables (Horacio Guarany, la Sole, el Chango Spasiuk, La Bomba de Tiempo); y actividades de todo tipo: encuentros de mascotas, cine al aire libre, ferias de artesanos y productores locales, ensayos de murgas o encuentros recreativos y deportivos; y decenas de familias pasan hoy sus tardes de fines de semana en el lugar, con reposeras y mates.<\/p>\n<p>EL PROYECTO<\/p>\n<p>Objeto: puesta en valor del predio, edificio e instalaciones del Cuadro de Estaci\u00f3n del ex ferrocarril Belgrano, ramal G, de la ciudad de Mercedes, provincia de Buenos Aires (actualmente sin servicio), convirti\u00e9ndolo en un espacio para actividades culturales, de recreaci\u00f3n y esparcimiento, sin afectaci\u00f3n de la infraestructura ferroviaria existente.<\/p>\n<p>Obras previstas: reparaci\u00f3n integral del edificio de la Estaci\u00f3n, restauraci\u00f3n de la superficie de los muros exteriores llev\u00e1ndolos a su acabado original, la remodelaci\u00f3n del interior de la vivienda ubicada en la planta alta y la refuncionalizaci\u00f3n de la planta baja para la instalaci\u00f3n de un N\u00facleo de Acceso al Conocimiento (NAC) y un bar tem\u00e1tico.<\/p>\n<p>Remodelaci\u00f3n integral de los edificios de ba\u00f1os p\u00fablicos existentes. Puesta en valor del galp\u00f3n de mamposter\u00eda\u00a0 (sobre elevado). Puesta en valor del galp\u00f3n de chapa. Construcci\u00f3n de instalaciones sanitarias, vestuarios y dependencias para mantenimiento.<\/p>\n<p>Parquizaci\u00f3n del predio. Construcci\u00f3n de los senderos peatonales de uso diario (transversales al predio) y de uso dedicado a caminatas deportivas y de salud (longitudinales al predio), con bloques intertrabados de hormig\u00f3n. Cercado art\u00edstico del zanj\u00f3n de desag\u00fces pluviales a cielo abierto que corre por el interior del predio.<\/p>\n<p>Construcci\u00f3n de las veredas perimetrales al predio. Construcci\u00f3n de la instalaci\u00f3n de alumbrado p\u00fablico en las veredas alrededor del predio. Instalaci\u00f3n de c\u00e1maras de vigilancia. Reacondicionamiento de los accesos al predio. Restauraci\u00f3n de la infraestructura e instalaciones ferroviarias existentes, mesa giratoria, guinche, tanque de agua elevado, mangas para cargar agua a las locomotoras, etc.<\/p>\n<p>Habilitaci\u00f3n de un espacio suficiente para la incorporaci\u00f3n de material rodante en desuso y erigir un Museo Ferroviario. Provisi\u00f3n y montaje de equipamiento para la recreaci\u00f3n,\u00a0juegos y aparatos para la pr\u00e1ctica de ejercicios f\u00edsicos para ni\u00f1os, adultos y personas discapacitadas. Provisi\u00f3n y montaje de un m\u00e1stil met\u00e1lico para bandera.<\/p>\n<p>&nbsp;<\/p>\n<p>&nbsp;<\/p>\n<p>&nbsp;<\/p>\n","protected":false},"excerpt":{"rendered":"<p>El ministro de Interior y Transporte de la Naci\u00f3n, Florencio Randazzo, estar\u00e1 el pr\u00f3ximo viernes en Mercedes, donde inaugurar\u00e1 formalmente &#8230; <a title=\"Randazzo el viernes visitar\u00e1 La Trocha para inaugurar obras\" class=\"read-more\" href=\"https:\/\/www.hoymercedes.com.ar\/principal\/2015\/03\/23\/randazzo-el-viernes-visitara-la-trocha-para-inaugurar-obras\/\" aria-label=\"Leer m\u00e1s sobre Randazzo el viernes visitar\u00e1 La Trocha para inaugurar obras\">Leer m\u00e1s<\/a><\/p>\n","protected":false},"author":1,"featured_media":0,"comment_status":"open","ping_status":"open","sticky":false,"template":"","format":"standard","meta":{"_monsterinsights_skip_tracking":false,"_monsterinsights_sitenote_active":false,"_monsterinsights_sitenote_note":"","_monsterinsights_sitenote_category":0,"jetpack_post_was_ever_published":false,"_jetpack_newsletter_access":"","_jetpack_dont_email_post_to_subs":false,"_jetpack_newsletter_tier_id":0,"_jetpack_memberships_contains_paywalled_content":false,"_jetpack_memberships_contains_paid_content":false,"footnotes":"","jetpack_publicize_message":"","jetpack_publicize_feature_enabled":true,"jetpack_social_post_already_shared":true,"jetpack_social_options":{"image_generator_settings":{"template":"highway","default_image_id":0,"font":"","enabled":false},"version":2},"_wpas_customize_per_network":false},"categories":[5],"tags":[7082,7081],"class_list":["post-40284","post","type-post","status-publish","format-standard","hentry","category-politica","tag-juan-ustarroz-y-randazzo","tag-randazzo-visitara-la-trocha","generate-columns","tablet-grid-50","mobile-grid-100","grid-parent","grid-50"],"jetpack_publicize_connections":[],"jetpack_featured_media_url":"","wps_subtitle":"Puesta en valor del predio ","jetpack_sharing_enabled":true,"jetpack-related-posts":[{"id":40407,"url":"https:\/\/www.hoymercedes.com.ar\/principal\/2015\/03\/27\/randazzo-venimos-a-devolverle-a-mercedes-parte-de-su-historia\/","url_meta":{"origin":40284,"position":0},"title":"Randazzo: \u201cVenimos a devolverle a Mercedes parte de su historia\u201d","author":"hoymercedes","date":"27 marzo, 2015","format":false,"excerpt":"El ministro de Interior y Transporte, Florencio Randazzo, anunci\u00f3 este viernes en nuestra ciudad el inicio de las obras para la recuperaci\u00f3n de la estaci\u00f3n La Trocha del ferrocarril Belgrano Norte, un trabajo que permitir\u00e1 \u201cdevolverle a Mercedes parte de su historia\u201d. \u00a0 \u201cMercedes tiene una gran tradici\u00f3n ferroviaria, con\u2026","rel":"","context":"En \u00abPol\u00edtica\u00bb","block_context":{"text":"Pol\u00edtica","link":"https:\/\/www.hoymercedes.com.ar\/principal\/category\/politica\/"},"img":{"alt_text":"randazzo-wado-ustarroz","src":"https:\/\/i0.wp.com\/www.hoymercedes.com.ar\/principal\/wp-content\/uploads\/2015\/03\/randazzo-wado-ustarroz.jpg?resize=350%2C200","width":350,"height":200,"srcset":"https:\/\/i0.wp.com\/www.hoymercedes.com.ar\/principal\/wp-content\/uploads\/2015\/03\/randazzo-wado-ustarroz.jpg?resize=350%2C200 1x, https:\/\/i0.wp.com\/www.hoymercedes.com.ar\/principal\/wp-content\/uploads\/2015\/03\/randazzo-wado-ustarroz.jpg?resize=525%2C300 1.5x"},"classes":[]},{"id":189230,"url":"https:\/\/www.hoymercedes.com.ar\/principal\/2025\/10\/28\/chivilcoy-ponen-calas-blancas-en-el-local-de-florencio-randazzo-tras-fracaso-electoral\/","url_meta":{"origin":40284,"position":1},"title":"Chivilcoy: ponen calas blancas en el local de Florencio Randazzo tras fracaso electoral","author":"hoymercedes","date":"28 octubre, 2025","format":false,"excerpt":"Un sugestivo y controversial acto de burla se registr\u00f3 en la localidad de Chivilcoy, pago chico de Florencio Randazzo, luego de conocerse los resultados de las recientes elecciones. Seg\u00fan trascendidos period\u00edsticos, aparecieron calas blancas colocadas en la fachada del local de campa\u00f1a del candidato. Las calas son flores que, tradicionalmente,\u2026","rel":"","context":"En \u00abPol\u00edtica\u00bb","block_context":{"text":"Pol\u00edtica","link":"https:\/\/www.hoymercedes.com.ar\/principal\/category\/politica\/"},"img":{"alt_text":"Chivilcoy: ponen calas blancas en el local de Florencio Randazzo tras fracaso electoral","src":"https:\/\/i0.wp.com\/www.hoymercedes.com.ar\/principal\/wp-content\/uploads\/2025\/10\/Calas-Randazzo.webp?resize=350%2C200&ssl=1","width":350,"height":200,"srcset":"https:\/\/i0.wp.com\/www.hoymercedes.com.ar\/principal\/wp-content\/uploads\/2025\/10\/Calas-Randazzo.webp?resize=350%2C200&ssl=1 1x, https:\/\/i0.wp.com\/www.hoymercedes.com.ar\/principal\/wp-content\/uploads\/2025\/10\/Calas-Randazzo.webp?resize=525%2C300&ssl=1 1.5x, https:\/\/i0.wp.com\/www.hoymercedes.com.ar\/principal\/wp-content\/uploads\/2025\/10\/Calas-Randazzo.webp?resize=700%2C400&ssl=1 2x"},"classes":[]},{"id":133965,"url":"https:\/\/www.hoymercedes.com.ar\/principal\/2021\/07\/24\/hugo-valenzuela-encabeza-lista-de-vamos-con-vos\/","url_meta":{"origin":40284,"position":2},"title":"Hugo Valenzuela encabeza lista de \u00abVamos con Vos\u00bb","author":"hoymercedes","date":"24 julio, 2021","format":false,"excerpt":"En el s\u00e1bado de cierre de listas de precandidatos para las elecci\u00f3nes legislativas del 2021, Hugo Valenzuela confirm\u00f3 que presentaron la lista en la junta electoral del frente \"Vamos con Vos\", espacio que lidera Florencio Randazzo candidato a Diputado Nacional. Lo acompa\u00f1an, entre otros, M\u00f3nica Brown y Omar Moriconi. Hugo\u2026","rel":"","context":"En \u00abPASO 2021\u00bb","block_context":{"text":"PASO 2021","link":"https:\/\/www.hoymercedes.com.ar\/principal\/category\/paso-2021\/"},"img":{"alt_text":"","src":"https:\/\/i0.wp.com\/www.hoymercedes.com.ar\/principal\/wp-content\/uploads\/2021\/07\/WhatsApp-Image-2021-07-24-at-14.00.43.jpeg?resize=350%2C200&ssl=1","width":350,"height":200,"srcset":"https:\/\/i0.wp.com\/www.hoymercedes.com.ar\/principal\/wp-content\/uploads\/2021\/07\/WhatsApp-Image-2021-07-24-at-14.00.43.jpeg?resize=350%2C200&ssl=1 1x, https:\/\/i0.wp.com\/www.hoymercedes.com.ar\/principal\/wp-content\/uploads\/2021\/07\/WhatsApp-Image-2021-07-24-at-14.00.43.jpeg?resize=525%2C300&ssl=1 1.5x, https:\/\/i0.wp.com\/www.hoymercedes.com.ar\/principal\/wp-content\/uploads\/2021\/07\/WhatsApp-Image-2021-07-24-at-14.00.43.jpeg?resize=700%2C400&ssl=1 2x"},"classes":[]},{"id":40415,"url":"https:\/\/www.hoymercedes.com.ar\/principal\/2015\/03\/28\/ustarroz-desde-la-unidad-podemos-trabajar-pensando-en-mercedes\/","url_meta":{"origin":40284,"position":3},"title":"Ustarroz: \u00abDesde la unidad podemos trabajar pensando en Mercedes\u00bb","author":"hoymercedes","date":"28 marzo, 2015","format":false,"excerpt":"El presidente del bloque de concejales del Frente Mercedino para la Victoria, Juan Ignacio Ustarroz, destac\u00f3 \u201cla unidad\u201d reflejada en el acto en La Trocha, \u201cporque ese es el punto de partida para trabajar siempre por nuestra ciudad\u201d. \u201cCelebro este d\u00eda hermoso, con la presencia del ministro Randazzo; celebro esto,\u2026","rel":"","context":"En \u00abPol\u00edtica\u00bb","block_context":{"text":"Pol\u00edtica","link":"https:\/\/www.hoymercedes.com.ar\/principal\/category\/politica\/"},"img":{"alt_text":"ustarroz-randazzo","src":"https:\/\/i0.wp.com\/www.hoymercedes.com.ar\/principal\/wp-content\/uploads\/2015\/03\/ustarroz-randazzo.jpg?resize=350%2C200","width":350,"height":200,"srcset":"https:\/\/i0.wp.com\/www.hoymercedes.com.ar\/principal\/wp-content\/uploads\/2015\/03\/ustarroz-randazzo.jpg?resize=350%2C200 1x, https:\/\/i0.wp.com\/www.hoymercedes.com.ar\/principal\/wp-content\/uploads\/2015\/03\/ustarroz-randazzo.jpg?resize=525%2C300 1.5x"},"classes":[]},{"id":40396,"url":"https:\/\/www.hoymercedes.com.ar\/principal\/2015\/03\/27\/video-randazzo-en-mercedes-junto-a-ustarroz-de-pedro-y-participacion-de-selva\/","url_meta":{"origin":40284,"position":4},"title":"Video: Randazzo en Mercedes junto a Ustarroz, De Pedro e intendente Selva","author":"hoymercedes","date":"27 marzo, 2015","format":false,"excerpt":"El Ministro del Interior y Transporte visit\u00f3 nuestra ciudad realizando un acto en la Estaci\u00f3n La Trocha junto a Wado De Pedro, Juan Ustarroz, Alberto Espa\u00f1a y la presencia del intendente Carlos Selva. La actividad estuvo enmarcada en\u00a0\u00a0la puesta en valor de una vieja estaci\u00f3n del ferrocarril Belgrano Norte. A\u2026","rel":"","context":"En \u00abPol\u00edtica\u00bb","block_context":{"text":"Pol\u00edtica","link":"https:\/\/www.hoymercedes.com.ar\/principal\/category\/politica\/"},"img":{"alt_text":"Randazzo-Mercedes","src":"https:\/\/i0.wp.com\/www.hoymercedes.com.ar\/principal\/wp-content\/uploads\/2015\/03\/Randazzo-Mercedes.jpg?resize=350%2C200","width":350,"height":200,"srcset":"https:\/\/i0.wp.com\/www.hoymercedes.com.ar\/principal\/wp-content\/uploads\/2015\/03\/Randazzo-Mercedes.jpg?resize=350%2C200 1x, https:\/\/i0.wp.com\/www.hoymercedes.com.ar\/principal\/wp-content\/uploads\/2015\/03\/Randazzo-Mercedes.jpg?resize=525%2C300 1.5x"},"classes":[]},{"id":39505,"url":"https:\/\/www.hoymercedes.com.ar\/principal\/2015\/02\/10\/los-pasos-previos-remarca-la-tarea-de-randazzo-los-trenes-y-la-politica-de-estado\/","url_meta":{"origin":40284,"position":5},"title":"Los \u00abPasos Previos\u00bb remarca la tarea de Randazzo, los trenes y la pol\u00edtica de Estado","author":"hoymercedes","date":"10 febrero, 2015","format":false,"excerpt":"La Agrupaci\u00f3n Kircknerista \u201cLos Pasos Previos\u201d contin\u00faa trabajando en pos de la candidatura de Florencio Randazzo con miras a la presidencia de la Naci\u00f3n. Una vez m\u00e1s, desde Mercedes y encabezados por Mart\u00edn \u00c1lvarez destaca la \u201cgran tarea efectuada en la recuperaci\u00f3n de los ferrocarriles y los avances en Mercedes\u201d.\u2026","rel":"","context":"En \u00abPol\u00edtica\u00bb","block_context":{"text":"Pol\u00edtica","link":"https:\/\/www.hoymercedes.com.ar\/principal\/category\/politica\/"},"img":{"alt_text":"pasosprevios-vias-tren","src":"https:\/\/i0.wp.com\/www.hoymercedes.com.ar\/principal\/wp-content\/uploads\/2015\/02\/pasosprevios-vias-tren.jpg?resize=350%2C200","width":350,"height":200,"srcset":"https:\/\/i0.wp.com\/www.hoymercedes.com.ar\/principal\/wp-content\/uploads\/2015\/02\/pasosprevios-vias-tren.jpg?resize=350%2C200 1x, https:\/\/i0.wp.com\/www.hoymercedes.com.ar\/principal\/wp-content\/uploads\/2015\/02\/pasosprevios-vias-tren.jpg?resize=525%2C300 1.5x"},"classes":[]}],"_links":{"self":[{"href":"https:\/\/www.hoymercedes.com.ar\/principal\/wp-json\/wp\/v2\/posts\/40284","targetHints":{"allow":["GET"]}}],"collection":[{"href":"https:\/\/www.hoymercedes.com.ar\/principal\/wp-json\/wp\/v2\/posts"}],"about":[{"href":"https:\/\/www.hoymercedes.com.ar\/principal\/wp-json\/wp\/v2\/types\/post"}],"author":[{"embeddable":true,"href":"https:\/\/www.hoymercedes.com.ar\/principal\/wp-json\/wp\/v2\/users\/1"}],"replies":[{"embeddable":true,"href":"https:\/\/www.hoymercedes.com.ar\/principal\/wp-json\/wp\/v2\/comments?post=40284"}],"version-history":[{"count":0,"href":"https:\/\/www.hoymercedes.com.ar\/principal\/wp-json\/wp\/v2\/posts\/40284\/revisions"}],"wp:attachment":[{"href":"https:\/\/www.hoymercedes.com.ar\/principal\/wp-json\/wp\/v2\/media?parent=40284"}],"wp:term":[{"taxonomy":"category","embeddable":true,"href":"https:\/\/www.hoymercedes.com.ar\/principal\/wp-json\/wp\/v2\/categories?post=40284"},{"taxonomy":"post_tag","embeddable":true,"href":"https:\/\/www.hoymercedes.com.ar\/principal\/wp-json\/wp\/v2\/tags?post=40284"}],"curies":[{"name":"wp","href":"https:\/\/api.w.org\/{rel}","templated":true}]}}