{"id":40299,"date":"2015-03-24T15:11:44","date_gmt":"2015-03-24T18:11:44","guid":{"rendered":"http:\/\/www.hoymercedes.com.ar\/principal\/?p=40299"},"modified":"2015-03-24T15:11:44","modified_gmt":"2015-03-24T18:11:44","slug":"irreversible-por-eduardo-wado-de-pedro","status":"publish","type":"post","link":"https:\/\/www.hoymercedes.com.ar\/principal\/2015\/03\/24\/irreversible-por-eduardo-wado-de-pedro\/","title":{"rendered":"Irreversible, por Eduardo \u00abWado De Pedro\u00bb"},"content":{"rendered":"<p><a href=\"https:\/\/www.hoymercedes.com.ar\/principal\/wp-content\/uploads\/2015\/03\/plazademayo-telam.jpg\"><img loading=\"lazy\" decoding=\"async\" data-attachment-id=\"40300\" data-permalink=\"https:\/\/www.hoymercedes.com.ar\/principal\/2015\/03\/24\/irreversible-por-eduardo-wado-de-pedro\/plazademayo-telam\/#main\" data-orig-file=\"https:\/\/www.hoymercedes.com.ar\/principal\/wp-content\/uploads\/2015\/03\/plazademayo-telam.jpg\" data-orig-size=\"620,294\" data-comments-opened=\"1\" data-image-meta=\"{&quot;aperture&quot;:&quot;0&quot;,&quot;credit&quot;:&quot;&quot;,&quot;camera&quot;:&quot;&quot;,&quot;caption&quot;:&quot;&quot;,&quot;created_timestamp&quot;:&quot;0&quot;,&quot;copyright&quot;:&quot;&quot;,&quot;focal_length&quot;:&quot;0&quot;,&quot;iso&quot;:&quot;0&quot;,&quot;shutter_speed&quot;:&quot;0&quot;,&quot;title&quot;:&quot;&quot;,&quot;orientation&quot;:&quot;0&quot;}\" data-image-title=\"plazademayo-telam\" data-image-description=\"\" data-image-caption=\"\" data-large-file=\"https:\/\/www.hoymercedes.com.ar\/principal\/wp-content\/uploads\/2015\/03\/plazademayo-telam.jpg\" class=\"Img2014 aligncenter wp-image-40300 size-full\" title=\"irreversible, wado de pedro\" src=\"https:\/\/www.hoymercedes.com.ar\/principal\/wp-content\/uploads\/2015\/03\/plazademayo-telam.jpg\" alt=\"plazademayo-telam\" width=\"620\" height=\"294\" \/><\/a><\/p>\n<p><strong>Por Eduardo \u00abWado\u00bb De Pedro &#8211;<\/strong> <strong><em>Los avances en materia de Derechos Humanos, fruto de la lucha de los organismos y de la decisi\u00f3n pol\u00edtica de N\u00e9stor y Cristina, se han consolidado como una pol\u00edtica de Estado, pero m\u00e1s importante a\u00fan, se hicieron carne en el pueblo argentino. 116 nietos recuperados, 570 genocidas condenados y m\u00e1s de 40 centros clandestinos transformados en Espacios para la Memoria, son el resultado palpable de este proceso iniciado en el a\u00f1o 2003.<\/em><\/strong><\/p>\n<p>Existe un consenso amplio sobre la necesidad de juzgar a los responsables del terrorismo de Estado y Argentina se transform\u00f3 en ejemplo y referencia internacional en el tema. Los juicios a los represores son observados con atenci\u00f3n en diversos lugares del mundo. Pero sin embargo, en el \u00faltimo tiempo, integrantes del Poder Judicial volvieron a mostrar limitaciones o complicidades para con los sectores de poder que intentan detener la llegada de la Justicia a los responsables civiles de la \u00faltima dictadura c\u00edvico-militar.<\/p>\n<p>Las decisiones judiciales que beneficiaron recientemente al empresario Carlos Blaquier; al director del diario La Nueva Provincia, Vicente Massot; y a H\u00e9ctor Magnetto y Bartolom\u00e9 Mitre, investigados por la apropiaci\u00f3n de Papel Prensa, no pueden interpretarse como casualidades sino como un intento de restauraci\u00f3n de la impunidad que caracteriz\u00f3 la d\u00e9cada del 90. Estos hechos encendieron las luces de alerta de la secretar\u00eda de Derechos Humanos, de la Procuradur\u00eda de Cr\u00edmenes contra la Humanidad y de los organismos que hist\u00f3ricamente reclamaron justicia.<\/p>\n<p>Es necesario se\u00f1alar tambi\u00e9n que estas noticias se conocen en forma simult\u00e1nea al nacimiento de una expresi\u00f3n pol\u00edtica de la derecha que bajo la forma de una nueva Alianza re\u00fane a los sectores conservadores del empresariado, los medios de comunicaci\u00f3n hegem\u00f3nicos y dirigentes de la oposici\u00f3n. El acuerdo sellado por Mauricio Macri y Ernesto Sanz no puede ser m\u00e1s gr\u00e1fico en sus intenciones: retroceso en el proceso de industrializaci\u00f3n, aumento del endeudamiento externo, ajuste econ\u00f3mico y reducci\u00f3n del presupuesto para pol\u00edticas de inclusi\u00f3n social. Adem\u00e1s de un esperable cambio de rumbo en el proceso integraci\u00f3n regional y la claudicaci\u00f3n en la recuperada soberan\u00eda nacional. Y, desde ya, vuelta atr\u00e1s en las pol\u00edticas de Memoria, Verdad y Justicia.<\/p>\n<p>Esto cristaliza un escenario en que por un lado est\u00e1 la Alianza de estos sectores (judiciales, financieros, pol\u00edticos) y por otro el proyecto iniciado por N\u00e9stor Kirchner, que hoy conduce Cristina Fern\u00e1ndez de Kirchner.<\/p>\n<p>Este proyecto se afianza en la historia de las luchas populares, se remonta a los Patriotas de la Revoluci\u00f3n de Mayo y los h\u00e9roes de la Independencia, al coraje del Gaucho Rivero, los movimientos populares del siglo XX, la Resistencia Peronista y de los organismos de Derechos Humanos. Banderas de soberan\u00eda, igualdad y libertad que el pueblo argentino volvi\u00f3 a levantar a partir del 25 de mayo de 2003.<\/p>\n<p>Todos los que nos sentimos parte de esa herencia hist\u00f3rica de luchas marchamos este 24 de marzo. Somos muchos y cada a\u00f1o somos m\u00e1s.<\/p>\n<p>Para seguir construyendo un pa\u00eds en el que los n\u00fameros cierren pero con la gente adentro, para seguir afianzando este proceso de inclusi\u00f3n social que ya es irreversible, hoy nos vemos en la Plaza.<\/p>\n<p><em>Nota: Articulo de opini\u00f3n del Secretario General de la Presidencia publicado en Telam.<\/em><\/p>\n<p>&nbsp;<\/p>\n<p>&nbsp;<\/p>\n<p>&nbsp;<\/p>\n","protected":false},"excerpt":{"rendered":"<p>Por Eduardo \u00abWado\u00bb De Pedro &#8211; Los avances en materia de Derechos Humanos, fruto de la lucha de los organismos &#8230; <a title=\"Irreversible, por Eduardo \u00abWado De Pedro\u00bb\" class=\"read-more\" href=\"https:\/\/www.hoymercedes.com.ar\/principal\/2015\/03\/24\/irreversible-por-eduardo-wado-de-pedro\/\" aria-label=\"Leer m\u00e1s sobre Irreversible, por Eduardo \u00abWado De Pedro\u00bb\">Leer m\u00e1s<\/a><\/p>\n","protected":false},"author":1,"featured_media":0,"comment_status":"open","ping_status":"open","sticky":false,"template":"","format":"standard","meta":{"_monsterinsights_skip_tracking":false,"_monsterinsights_sitenote_active":false,"_monsterinsights_sitenote_note":"","_monsterinsights_sitenote_category":0,"jetpack_post_was_ever_published":false,"_jetpack_newsletter_access":"","_jetpack_dont_email_post_to_subs":false,"_jetpack_newsletter_tier_id":0,"_jetpack_memberships_contains_paywalled_content":false,"_jetpack_memberships_contains_paid_content":false,"footnotes":"","jetpack_publicize_message":"","jetpack_publicize_feature_enabled":true,"jetpack_social_post_already_shared":true,"jetpack_social_options":{"image_generator_settings":{"template":"highway","default_image_id":0,"font":"","enabled":false},"version":2},"_wpas_customize_per_network":false},"categories":[1],"tags":[615,7087,7088,281],"class_list":["post-40299","post","type-post","status-publish","format-standard","hentry","category-opinion","tag-derechos-humanos","tag-irreversible","tag-telam","tag-wado-de-pedro","generate-columns","tablet-grid-50","mobile-grid-100","grid-parent","grid-50"],"jetpack_publicize_connections":[],"jetpack_featured_media_url":"","wps_subtitle":"Derechos Humanos ","jetpack_sharing_enabled":true,"_links":{"self":[{"href":"https:\/\/www.hoymercedes.com.ar\/principal\/wp-json\/wp\/v2\/posts\/40299","targetHints":{"allow":["GET"]}}],"collection":[{"href":"https:\/\/www.hoymercedes.com.ar\/principal\/wp-json\/wp\/v2\/posts"}],"about":[{"href":"https:\/\/www.hoymercedes.com.ar\/principal\/wp-json\/wp\/v2\/types\/post"}],"author":[{"embeddable":true,"href":"https:\/\/www.hoymercedes.com.ar\/principal\/wp-json\/wp\/v2\/users\/1"}],"replies":[{"embeddable":true,"href":"https:\/\/www.hoymercedes.com.ar\/principal\/wp-json\/wp\/v2\/comments?post=40299"}],"version-history":[{"count":0,"href":"https:\/\/www.hoymercedes.com.ar\/principal\/wp-json\/wp\/v2\/posts\/40299\/revisions"}],"wp:attachment":[{"href":"https:\/\/www.hoymercedes.com.ar\/principal\/wp-json\/wp\/v2\/media?parent=40299"}],"wp:term":[{"taxonomy":"category","embeddable":true,"href":"https:\/\/www.hoymercedes.com.ar\/principal\/wp-json\/wp\/v2\/categories?post=40299"},{"taxonomy":"post_tag","embeddable":true,"href":"https:\/\/www.hoymercedes.com.ar\/principal\/wp-json\/wp\/v2\/tags?post=40299"}],"curies":[{"name":"wp","href":"https:\/\/api.w.org\/{rel}","templated":true}]}}