{"id":40332,"date":"2015-03-25T19:52:45","date_gmt":"2015-03-25T22:52:45","guid":{"rendered":"http:\/\/www.hoymercedes.com.ar\/principal\/?p=40332"},"modified":"2015-03-25T19:52:45","modified_gmt":"2015-03-25T22:52:45","slug":"robo-a-familia-y-diversos-hechos-policiales","status":"publish","type":"post","link":"https:\/\/www.hoymercedes.com.ar\/principal\/2015\/03\/25\/robo-a-familia-y-diversos-hechos-policiales\/","title":{"rendered":"Robo a familia y diversos hechos policiales"},"content":{"rendered":"<p><a href=\"https:\/\/www.hoymercedes.com.ar\/principal\/wp-content\/uploads\/2015\/03\/policia-bonaerense-custodia1.jpg\"><img loading=\"lazy\" decoding=\"async\" data-attachment-id=\"40333\" data-permalink=\"https:\/\/www.hoymercedes.com.ar\/principal\/2015\/03\/25\/robo-a-familia-y-diversos-hechos-policiales\/policia-bonaerense-custodia-2\/#main\" data-orig-file=\"https:\/\/www.hoymercedes.com.ar\/principal\/wp-content\/uploads\/2015\/03\/policia-bonaerense-custodia1.jpg\" data-orig-size=\"620,179\" data-comments-opened=\"1\" data-image-meta=\"{&quot;aperture&quot;:&quot;0&quot;,&quot;credit&quot;:&quot;&quot;,&quot;camera&quot;:&quot;&quot;,&quot;caption&quot;:&quot;&quot;,&quot;created_timestamp&quot;:&quot;0&quot;,&quot;copyright&quot;:&quot;&quot;,&quot;focal_length&quot;:&quot;0&quot;,&quot;iso&quot;:&quot;0&quot;,&quot;shutter_speed&quot;:&quot;0&quot;,&quot;title&quot;:&quot;&quot;,&quot;orientation&quot;:&quot;0&quot;}\" data-image-title=\"policia-bonaerense-custodia\" data-image-description=\"\" data-image-caption=\"\" data-large-file=\"https:\/\/www.hoymercedes.com.ar\/principal\/wp-content\/uploads\/2015\/03\/policia-bonaerense-custodia1.jpg\" class=\"img2014 aligncenter wp-image-40333 size-full\" title=\"Policia mercedes \" src=\"https:\/\/www.hoymercedes.com.ar\/principal\/wp-content\/uploads\/2015\/03\/policia-bonaerense-custodia1.jpg\" alt=\"policia-bonaerense-custodia\" width=\"620\" height=\"179\" \/><\/a><\/p>\n<p><em><strong>La ma\u00f1ana de \u00e9ste mi\u00e9rcoles se produjo en nuestra ciudad, a apenas dos cuadras de la comisaria, el robo a una familia que estaba lista para llevar a los hijos a la escuela.<\/strong><\/em><\/p>\n<p>Seg\u00fan se supo, extra oficialmente, todo sucedi\u00f3 alredor de las 7.30hs cuando a mano armada dos delincuentes asaltaron a una familia en calle 22 y 35.<\/p>\n<p>En el robo se llevaron elementos de valor propios de los que se encuentran en una vivienda, como una computadora port\u00e1til.<\/p>\n<p>La polic\u00eda muy r\u00e1pidamente actu\u00f3 en el asunto y arrib\u00f3 al lugar iniciando una profunda investigaci\u00f3n para dar con los responsables del hecho.<\/p>\n<p><strong>Durante la semana que pas\u00f3<\/strong><\/p>\n<p>Varios acontecimientos tuvieron intervenci\u00f3n durante la semana que pas\u00f3, algunos de ellos fueron los siguientes:<\/p>\n<p>Aprehensi\u00f3n por delito de amenaza:<\/p>\n<p>Alertados por un llamado al 911 los polic\u00edas de nuestra ciudad asistieron a calle 105 e\/ 14 y 16,\u00a0 en donde se estaba produciendo un conflicto de \u00edndole familiar. Al llegar constatan la existencia de un sujeto masculino, el cual utilizando un amortiguador de moto intimidaba y amenazaba de muerte a la moradora de la vivienda, raz\u00f3n por la cual agotadas las instancias de dialogo, se procede a la aprehensi\u00f3n del sujeto, mayor de edad, como as\u00ed tambi\u00e9n se incauta el elemento que utilizaba para intimidar. Interviene la UFI N\u00b05<\/p>\n<p>Detenciones por tobo en banda:<\/p>\n<p>El personal de la comisar\u00eda local \u00a0recibe novedad que en av. 29 y 50\u00a0 se habr\u00eda cometido un il\u00edcito y es por ello que se traslada donde se entrevistan con grupo de ni\u00f1os, quien refiere que momento antes dos sujetos masculinos,\u00a0 de los cuales aportan descripci\u00f3n f\u00edsica y vestimentas, le preguntan la hora y cuando sacan el tel\u00e9fono celular, uno de los sujetos se lo arrebata,\u00a0 y los intimidan con amenazas de muerte a quedarse quietos, por los cual ambos sujetos fugan por avenida 29 con sentido al parque municipal. Ante la novedad transmitida v\u00eda radial, los dem\u00e1s m\u00f3viles a las escucha comienzan a realizar una b\u00fasqueda en la zona, llegando hasta el parque municipal,\u00a0 (sector viejo); y a la orilla del rio cercano a la Pasarela, observan la presencia de un grupo de j\u00f3venes, entre ellos dos, con las caracter\u00edsticas id\u00e9nticas a las mencionadas por los damnificados,\u00a0 motivo por el cual se los intercepta, identific\u00e1ndoselos y deteni\u00e9ndolos. Un mayor y un menor.<\/p>\n<p>Se realiza una requisa entre las\u00a0 prendas, no hallando el tel\u00e9fono sustra\u00eddo, pero se obtienen fotograf\u00edas de las prendas de los imputados, las cuales son reconocidas, como las mismas que vest\u00edan al momento de cometer el il\u00edcito.<\/p>\n<p>En lo que respecta al menor de edad, se le da intervenci\u00f3n a la UFI nro. 8 Mercedes, mientras que el mayor se encuentra detenido.<\/p>\n<p>&nbsp;<\/p>\n","protected":false},"excerpt":{"rendered":"<p>La ma\u00f1ana de \u00e9ste mi\u00e9rcoles se produjo en nuestra ciudad, a apenas dos cuadras de la comisaria, el robo a &#8230; <a title=\"Robo a familia y diversos hechos policiales\" class=\"read-more\" href=\"https:\/\/www.hoymercedes.com.ar\/principal\/2015\/03\/25\/robo-a-familia-y-diversos-hechos-policiales\/\" aria-label=\"Leer m\u00e1s sobre Robo a familia y diversos hechos policiales\">Leer m\u00e1s<\/a><\/p>\n","protected":false},"author":1,"featured_media":0,"comment_status":"open","ping_status":"open","sticky":false,"template":"","format":"standard","meta":{"_monsterinsights_skip_tracking":false,"_monsterinsights_sitenote_active":false,"_monsterinsights_sitenote_note":"","_monsterinsights_sitenote_category":0,"jetpack_post_was_ever_published":false,"_jetpack_newsletter_access":"","_jetpack_dont_email_post_to_subs":false,"_jetpack_newsletter_tier_id":0,"_jetpack_memberships_contains_paywalled_content":false,"_jetpack_memberships_contains_paid_content":false,"footnotes":"","jetpack_publicize_message":"","jetpack_publicize_feature_enabled":true,"jetpack_social_post_already_shared":true,"jetpack_social_options":{"image_generator_settings":{"template":"highway","default_image_id":0,"font":"","enabled":false},"version":2},"_wpas_customize_per_network":false},"categories":[5],"tags":[],"class_list":["post-40332","post","type-post","status-publish","format-standard","hentry","category-politica","generate-columns","tablet-grid-50","mobile-grid-100","grid-parent","grid-50"],"jetpack_publicize_connections":[],"jetpack_featured_media_url":"","wps_subtitle":"Avisados al 911","jetpack_sharing_enabled":true,"jetpack-related-posts":[{"id":154618,"url":"https:\/\/www.hoymercedes.com.ar\/principal\/2022\/10\/26\/giles-forcejeo-maniatados-e-importante-robo\/","url_meta":{"origin":40332,"position":0},"title":"Giles: forcejeo, maniatados e importante robo","author":"hoymercedes","date":"26 octubre, 2022","format":false,"excerpt":"Recae en la justicia mercedina el robo que padeci\u00f3 una familia en San Andr\u00e9s de Giles en horas del mediod\u00eda de pasado lunes mientras se encontraban almorzando. Fueron maniatados en el lavadero de la casa. Un miembro de la familia que lleg\u00f3 mientras se consumaba el acto delictivo forceje\u00f3 con\u2026","rel":"","context":"En \u00abPolicial\u00bb","block_context":{"text":"Policial","link":"https:\/\/www.hoymercedes.com.ar\/principal\/category\/policial\/"},"img":{"alt_text":"Polic\u00eda Comunal Mercedes","src":"https:\/\/i0.wp.com\/www.hoymercedes.com.ar\/principal\/wp-content\/uploads\/2021\/03\/02-movil-policia.jpg?resize=350%2C200&ssl=1","width":350,"height":200,"srcset":"https:\/\/i0.wp.com\/www.hoymercedes.com.ar\/principal\/wp-content\/uploads\/2021\/03\/02-movil-policia.jpg?resize=350%2C200&ssl=1 1x, https:\/\/i0.wp.com\/www.hoymercedes.com.ar\/principal\/wp-content\/uploads\/2021\/03\/02-movil-policia.jpg?resize=525%2C300&ssl=1 1.5x, https:\/\/i0.wp.com\/www.hoymercedes.com.ar\/principal\/wp-content\/uploads\/2021\/03\/02-movil-policia.jpg?resize=700%2C400&ssl=1 2x"},"classes":[]},{"id":119499,"url":"https:\/\/www.hoymercedes.com.ar\/principal\/2020\/11\/04\/roban-camion-de-verduras-de-la-familia-castagnetto\/","url_meta":{"origin":40332,"position":1},"title":"Roban cami\u00f3n de verduras de la familia Castagneto","author":"Clarisa Altieri","date":"4 noviembre, 2020","format":false,"excerpt":"En la madrugada de este mi\u00e9rcoles, robaron el cami\u00f3n que trasladaba frutas y verduras a la ciudad de Mercedes, propiedad de la familia Castagneto. El robo se produjo en el camino entre Gral. Rodriguez y Luj\u00e1n. Los responsables del robo, de acuerdo a los testigos, tomaron la Ruta N\u00b0 34\u2026","rel":"","context":"En \u00abPolicial\u00bb","block_context":{"text":"Policial","link":"https:\/\/www.hoymercedes.com.ar\/principal\/category\/policial\/"},"img":{"alt_text":"","src":"https:\/\/i0.wp.com\/www.hoymercedes.com.ar\/principal\/wp-content\/uploads\/2020\/11\/04-camion-castagnetto.jpg?resize=350%2C200&ssl=1","width":350,"height":200,"srcset":"https:\/\/i0.wp.com\/www.hoymercedes.com.ar\/principal\/wp-content\/uploads\/2020\/11\/04-camion-castagnetto.jpg?resize=350%2C200&ssl=1 1x, https:\/\/i0.wp.com\/www.hoymercedes.com.ar\/principal\/wp-content\/uploads\/2020\/11\/04-camion-castagnetto.jpg?resize=525%2C300&ssl=1 1.5x, https:\/\/i0.wp.com\/www.hoymercedes.com.ar\/principal\/wp-content\/uploads\/2020\/11\/04-camion-castagnetto.jpg?resize=700%2C400&ssl=1 2x"},"classes":[]},{"id":30398,"url":"https:\/\/www.hoymercedes.com.ar\/principal\/2014\/02\/28\/importante-robo-a-familia-mercedina-en-zona-rural\/","url_meta":{"origin":40332,"position":2},"title":"Importante robo a familia mercedina en zona rural","author":"hoymercedes","date":"28 febrero, 2014","format":false,"excerpt":"Familia mercedina padeci\u00f3\u00a0un importante robo en un establecimiento de su propiedad que se encuentra en la localidad de Goldney. Desde un acoplado de gran porte a elementos de menor tama\u00f1o. Seg\u00fan los profesionales de la polic\u00eda los delincuentes habr\u00edan utilizado el acoplado para trasladar los otros objetos robados.\u00a0 El robo\u2026","rel":"","context":"En \u00abPolicial\u00bb","block_context":{"text":"Policial","link":"https:\/\/www.hoymercedes.com.ar\/principal\/category\/policial\/"},"img":{"alt_text":"policia-mercedes","src":"https:\/\/i0.wp.com\/www.hoymercedes.com.ar\/principal\/wp-content\/uploads\/2014\/02\/policia-mercedes1.jpg?resize=350%2C200","width":350,"height":200,"srcset":"https:\/\/i0.wp.com\/www.hoymercedes.com.ar\/principal\/wp-content\/uploads\/2014\/02\/policia-mercedes1.jpg?resize=350%2C200 1x, https:\/\/i0.wp.com\/www.hoymercedes.com.ar\/principal\/wp-content\/uploads\/2014\/02\/policia-mercedes1.jpg?resize=525%2C300 1.5x"},"classes":[]},{"id":15657,"url":"https:\/\/www.hoymercedes.com.ar\/principal\/2012\/08\/29\/violento-robo-al-contador-zuffo-audio\/","url_meta":{"origin":40332,"position":3},"title":"Violento robo al contador Zuffo (Audio)","author":"hoymercedes","date":"29 agosto, 2012","format":false,"excerpt":"El contador mercedino Lu\u00eds Zuffo vivi\u00f3 un momento espantodo cuando al arribar a su domicilio se encontr\u00f3n con delincuentes que le hicieron vivir el momento m\u00e1s aterrador de su vida. Le robaron diversos bienes. \u00a0Lo golpearon y maniataron a su familia. Zuffo, de 58 a\u00f1os, fue asaltado en su propia\u2026","rel":"","context":"En \u00abSociedad\u00bb","block_context":{"text":"Sociedad","link":"https:\/\/www.hoymercedes.com.ar\/principal\/category\/sociedad\/"},"img":{"alt_text":"","src":"https:\/\/i0.wp.com\/www.hoymercedes.com.ar\/principal\/wp-content\/uploads\/2012\/08\/Tn.Zuffo_.jpg?resize=350%2C200","width":350,"height":200,"srcset":"https:\/\/i0.wp.com\/www.hoymercedes.com.ar\/principal\/wp-content\/uploads\/2012\/08\/Tn.Zuffo_.jpg?resize=350%2C200 1x, https:\/\/i0.wp.com\/www.hoymercedes.com.ar\/principal\/wp-content\/uploads\/2012\/08\/Tn.Zuffo_.jpg?resize=525%2C300 1.5x"},"classes":[]},{"id":20324,"url":"https:\/\/www.hoymercedes.com.ar\/principal\/2013\/03\/05\/gad-mercedes-participo-de-allanamientos-en-moreno-y-san-miguel\/","url_meta":{"origin":40332,"position":4},"title":"GAD Mercedes particip\u00f3 de allanamientos en Moreno y San Miguel","author":"hoymercedes","date":"5 marzo, 2013","format":false,"excerpt":"Personal del GAD Mercedes particip\u00f3 de un procedimiento importante en cuanto a las investigaciones previas realizadas en las localidades de Moreno y San Miguel trabajando conjuntamente con el personal de la Comisaria Luj\u00e1n Primero y el Destacamento de Pueblo Nuevo. Las acciones se desprendieron de una investigaci\u00f3n desarrollada alrededor del\u2026","rel":"","context":"En \u00abPolicial\u00bb","block_context":{"text":"Policial","link":"https:\/\/www.hoymercedes.com.ar\/principal\/category\/policial\/"},"img":{"alt_text":"Departamental Mercedes","src":"https:\/\/i0.wp.com\/www.hoymercedes.com.ar\/principal\/wp-content\/uploads\/2013\/03\/2012-12-27-14.34.59.jpg?resize=350%2C200","width":350,"height":200,"srcset":"https:\/\/i0.wp.com\/www.hoymercedes.com.ar\/principal\/wp-content\/uploads\/2013\/03\/2012-12-27-14.34.59.jpg?resize=350%2C200 1x, https:\/\/i0.wp.com\/www.hoymercedes.com.ar\/principal\/wp-content\/uploads\/2013\/03\/2012-12-27-14.34.59.jpg?resize=525%2C300 1.5x"},"classes":[]},{"id":29066,"url":"https:\/\/www.hoymercedes.com.ar\/principal\/2014\/01\/05\/amenaza-e-intento-de-robo-al-director-del-diario-el-oeste\/","url_meta":{"origin":40332,"position":5},"title":"Amenaza e intento de robo al Director del \u00abDiario El Oeste\u00bb","author":"hoymercedes","date":"5 enero, 2014","format":false,"excerpt":"El Director del Diario El Oeste de Mercedes vivi\u00f3 un indeseable momento cuando se encontr\u00f3 que estaba siendo objeto de un robo en su propio domicilio. Seg\u00fan relataron desde el medio se trat\u00f3 del ingreso a la vivienda de una persona\u00a0joven\u00a0que amenaz\u00f3 a los ocupantes y gener\u00f3 da\u00f1os materiales. Sangre\u2026","rel":"","context":"En \u00abPolicial\u00bb","block_context":{"text":"Policial","link":"https:\/\/www.hoymercedes.com.ar\/principal\/category\/policial\/"},"img":{"alt_text":"bustosbarrondo-intentoderobo","src":"https:\/\/i0.wp.com\/www.hoymercedes.com.ar\/principal\/wp-content\/uploads\/2014\/01\/bustosbarrondo-intentoderobo.jpg?resize=350%2C200","width":350,"height":200,"srcset":"https:\/\/i0.wp.com\/www.hoymercedes.com.ar\/principal\/wp-content\/uploads\/2014\/01\/bustosbarrondo-intentoderobo.jpg?resize=350%2C200 1x, https:\/\/i0.wp.com\/www.hoymercedes.com.ar\/principal\/wp-content\/uploads\/2014\/01\/bustosbarrondo-intentoderobo.jpg?resize=525%2C300 1.5x"},"classes":[]}],"_links":{"self":[{"href":"https:\/\/www.hoymercedes.com.ar\/principal\/wp-json\/wp\/v2\/posts\/40332","targetHints":{"allow":["GET"]}}],"collection":[{"href":"https:\/\/www.hoymercedes.com.ar\/principal\/wp-json\/wp\/v2\/posts"}],"about":[{"href":"https:\/\/www.hoymercedes.com.ar\/principal\/wp-json\/wp\/v2\/types\/post"}],"author":[{"embeddable":true,"href":"https:\/\/www.hoymercedes.com.ar\/principal\/wp-json\/wp\/v2\/users\/1"}],"replies":[{"embeddable":true,"href":"https:\/\/www.hoymercedes.com.ar\/principal\/wp-json\/wp\/v2\/comments?post=40332"}],"version-history":[{"count":0,"href":"https:\/\/www.hoymercedes.com.ar\/principal\/wp-json\/wp\/v2\/posts\/40332\/revisions"}],"wp:attachment":[{"href":"https:\/\/www.hoymercedes.com.ar\/principal\/wp-json\/wp\/v2\/media?parent=40332"}],"wp:term":[{"taxonomy":"category","embeddable":true,"href":"https:\/\/www.hoymercedes.com.ar\/principal\/wp-json\/wp\/v2\/categories?post=40332"},{"taxonomy":"post_tag","embeddable":true,"href":"https:\/\/www.hoymercedes.com.ar\/principal\/wp-json\/wp\/v2\/tags?post=40332"}],"curies":[{"name":"wp","href":"https:\/\/api.w.org\/{rel}","templated":true}]}}