{"id":40356,"date":"2015-03-26T13:01:55","date_gmt":"2015-03-26T16:01:55","guid":{"rendered":"http:\/\/www.hoymercedes.com.ar\/principal\/?p=40356"},"modified":"2015-03-26T13:05:48","modified_gmt":"2015-03-26T16:05:48","slug":"wado-de-pedro-a-mercedes-le-veo-un-futuro-hermoso","status":"publish","type":"post","link":"https:\/\/www.hoymercedes.com.ar\/principal\/2015\/03\/26\/wado-de-pedro-a-mercedes-le-veo-un-futuro-hermoso\/","title":{"rendered":"Wado De Pedro: \u00abA Mercedes le veo un futuro hermoso\u00bb"},"content":{"rendered":"<p><a href=\"https:\/\/www.hoymercedes.com.ar\/principal\/wp-content\/uploads\/2015\/03\/wadodepedro-cfk.jpg\"><img loading=\"lazy\" decoding=\"async\" data-attachment-id=\"40357\" data-permalink=\"https:\/\/www.hoymercedes.com.ar\/principal\/2015\/03\/26\/wado-de-pedro-a-mercedes-le-veo-un-futuro-hermoso\/wadodepedro-cfk\/#main\" data-orig-file=\"https:\/\/www.hoymercedes.com.ar\/principal\/wp-content\/uploads\/2015\/03\/wadodepedro-cfk.jpg\" data-orig-size=\"620,409\" data-comments-opened=\"1\" data-image-meta=\"{&quot;aperture&quot;:&quot;0&quot;,&quot;credit&quot;:&quot;&quot;,&quot;camera&quot;:&quot;&quot;,&quot;caption&quot;:&quot;Buenos Aires: La presidenta Cristina Fern\\u00e1ndez de Kirchner tom\\u00f3 esta tarde en Casa de Gobierno juramento a los nuevos funcionarios de su gabinete. Eduardo Wado De Pedro jur\\u00f3 como nuevo secretario general de la Presidencia, cargo que ocupaba hasta el momento An\\u00edbal Fern\\u00e1ndez.foto presidencia\/telam\/dsl&quot;,&quot;created_timestamp&quot;:&quot;0&quot;,&quot;copyright&quot;:&quot;&quot;,&quot;focal_length&quot;:&quot;0&quot;,&quot;iso&quot;:&quot;0&quot;,&quot;shutter_speed&quot;:&quot;0&quot;,&quot;title&quot;:&quot;&quot;,&quot;orientation&quot;:&quot;0&quot;}\" data-image-title=\"wadodepedro-cfk\" data-image-description=\"&lt;p&gt;Buenos Aires: La presidenta Cristina Fern\u00e1ndez de Kirchner tom\u00f3 esta tarde en Casa de Gobierno juramento a los nuevos funcionarios de su gabinete. Eduardo Wado De Pedro jur\u00f3 como nuevo secretario general de la Presidencia, cargo que ocupaba hasta el momento An\u00edbal Fern\u00e1ndez.foto presidencia\/telam\/dsl&lt;\/p&gt;\n\" data-image-caption=\"\" data-large-file=\"https:\/\/www.hoymercedes.com.ar\/principal\/wp-content\/uploads\/2015\/03\/wadodepedro-cfk.jpg\" class=\"aligncenter size-full wp-image-40357\" src=\"https:\/\/www.hoymercedes.com.ar\/principal\/wp-content\/uploads\/2015\/03\/wadodepedro-cfk.jpg\" alt=\"wadodepedro-cfk\" width=\"620\" height=\"409\" \/><\/a><\/p>\n<p><em><strong>El Secretario General de la Presidencia, Eduardo \u2018Wado\u2019 de Pedro, se mostr\u00f3 ilusionado con el futuro de Mercedes, aunque remarc\u00f3 la necesidad de dar \u201cuna discusi\u00f3n amplia y participativa, de todos los sectores, para definir qu\u00e9 ciudad queremos ser\u201d.<\/strong><\/em><\/p>\n<p>&nbsp;<\/p>\n<p>\u201cTenemos una caracter\u00edstica que puede ser una gran virtud o un problema, que es la cercan\u00eda con Buenos Aires. Por eso es necesario que todos nos involucremos en el debate sobre la ciudad qu\u00e9 queremos ser, planificar, preservar nuestra identidad, ordenar el crecimiento de los pr\u00f3ximos a\u00f1os, y no hablo solo de partidos pol\u00edticos. Si nos damos esa posibilidad, a Mercedes le veo un futuro hermoso, porque tiene un gran potencial\u201d, dijo.<\/p>\n<p>&nbsp;<\/p>\n<p>\u2018Wado\u2019 puso el ejemplo de \u201cciudades que fueron perdiendo su identidad, lo que deriv\u00f3 en que mucha gente emigrara\u201d, para remarcar la necesidad de esta discusi\u00f3n. En entrevistas con radios locales (FM Santa Mar\u00eda, con Octavio Fiorelli; y FM Universo, con Anal\u00eda C\u00e1ceres), el Secretario General de la Presidencia puso en ese marco lo que ser\u00e1 su visita de este viernes, junto con el Ministro de Interior y Transporte, Florencio Randazzo, para anunciar la puesta en valor del predio de la vieja estaci\u00f3n de La Trocha.<\/p>\n<p>&nbsp;<\/p>\n<p>\u201cSer\u00e1 una obra muy linda, dentro del plan de recuperaci\u00f3n ferroviaria que se viene llevando adelante desde el gobierno nacional \u2013afirm\u00f3-. Para nosotros representa un s\u00edmbolo, nos dice mucho, no solo de lo que fue la estaci\u00f3n para todos los mercedinos sino tambi\u00e9n del abandono, la dejadez, el poco valor que a veces le damos a nuestra historia\u201d.<\/p>\n<p>&nbsp;<\/p>\n<p>\u201cEl tren uni\u00f3 a millones de argentinos, a miles de pueblos. Y en este caso puntual fue Juani (Ustarroz, presidente del bloque de concejales del Frente Mercedino para la Victoria), el que se\u00f1al\u00f3 la necesidad de hacer algo con La Trocha, sobre todo despu\u00e9s de un caso grave de inseguridad. All\u00ed fue que pusimos en marcha las gestiones, se hizo una recuperaci\u00f3n progresiva del predio y ahora se pondr\u00e1 en valor no solo la estaci\u00f3n y los galpones sino tambi\u00e9n el espacio verde, que es y ser\u00e1 un pulm\u00f3n indispensable para toda la ciudad\u201d.<\/p>\n<p>&nbsp;<\/p>\n<p>De Pedro explic\u00f3 que el programa nacional de recuperaci\u00f3n de trenes \u201ces, dentro de las pol\u00edticas p\u00fablicas del gobierno, el paso necesario que se da despu\u00e9s del proceso de reindustrializaci\u00f3n y de sustituci\u00f3n de importaciones que se viene haciendo en toda la Argentina. Se debe mejorar la log\u00edstica. Adem\u00e1s del transporte de camiones y a\u00e9reos, el ferrocarril es una pieza clave. Por eso se invirtieron m\u00e1s de 2.300 millones de d\u00f3lares en la renovaci\u00f3n de trenes de todas las l\u00edneas y se recuperaron miles de kil\u00f3metros de v\u00edas\u201d.<\/p>\n<p>&nbsp;<\/p>\n<p>Para el acto con Randazzo, \u2018Wado\u2019 cont\u00f3 que est\u00e1n invitados todos los espacios pol\u00edticos con representaci\u00f3n en la ciudad. \u201cJuani encontr\u00f3 un concepto preciso y simb\u00f3lico: \u2018Primero Mercedes\u2019. Hay que dejar de ver qui\u00e9n hace cada cosa. Tenemos que ayudarnos entre todos, y es lo que nosotros le manifestamos al intendente Carlos Selva en cada una de las reuniones que hemos mantenido. Tenemos una buena sinton\u00eda con el municipio, siempre hemos tenido una buena recepci\u00f3n. En Mercedes tenemos una clase pol\u00edtica con buena gente y eso es una base fundamental para trabajar, todos, por la ciudad\u201d.<\/p>\n<p>&nbsp;<\/p>\n<p>Por otra parte, el mercedino cont\u00f3 que se enter\u00f3 \u201cel mismo d\u00eda\u201d de su asunci\u00f3n en el cargo de su nombramiento como Secretario General de la Presidencia: \u201cMe convoc\u00f3 la Presidenta Cristina a una reuni\u00f3n a las 11 y all\u00ed me lo dijo\u201d, explic\u00f3.<\/p>\n<p>&nbsp;<\/p>\n<p>\u201cLas jornadas son largas, a veces empiezan a las 7, a veces a las 8, y siempre terminan muy tarde, 11 \u00f3 12 de la noche. Hay que estar siempre. Tengo al responsabilidad de acompa\u00f1ar a la Presidenta en su agenda cotidiana, en la que no para de trabajar y gestionar por los argentinos. Pone el cuerpo todo el d\u00eda. Y estoy muy feliz de poder estar a su lado\u201d, dijo.<\/p>\n<p>\u201cEs una forma de vivir, y por suerte hay cada vez m\u00e1s argentinos, m\u00e1s all\u00e1 de partidos pol\u00edticos, que eligen trabajar por el bien com\u00fan y encuentran all\u00ed un lugar donde realizarse como personas y ayudar a construir cada d\u00eda un pa\u00eds mejor. Ese es el legado que nos dej\u00f3 N\u00e9stor Kirchner, trabajar cada d\u00eda para que la gente pueda ser feliz, que la pol\u00edtica la manejen todos los argentinos y no un grupo de poder concentrado, de medios o de empresarios, porque cada vez que pas\u00f3 eso en el pa\u00eds el que perdi\u00f3, siempre, fue el pueblo\u201d, concluy\u00f3 \u2018Wado\u2019.<\/p>\n<p>&nbsp;<\/p>\n<p>&nbsp;<\/p>\n<p>&nbsp;<\/p>\n","protected":false},"excerpt":{"rendered":"<p>El Secretario General de la Presidencia, Eduardo \u2018Wado\u2019 de Pedro, se mostr\u00f3 ilusionado con el futuro de Mercedes, aunque remarc\u00f3 &#8230; <a title=\"Wado De Pedro: \u00abA Mercedes le veo un futuro hermoso\u00bb\" class=\"read-more\" href=\"https:\/\/www.hoymercedes.com.ar\/principal\/2015\/03\/26\/wado-de-pedro-a-mercedes-le-veo-un-futuro-hermoso\/\" aria-label=\"Leer m\u00e1s sobre Wado De Pedro: \u00abA Mercedes le veo un futuro hermoso\u00bb\">Leer m\u00e1s<\/a><\/p>\n","protected":false},"author":1,"featured_media":0,"comment_status":"open","ping_status":"open","sticky":false,"template":"","format":"standard","meta":{"_monsterinsights_skip_tracking":false,"_monsterinsights_sitenote_active":false,"_monsterinsights_sitenote_note":"","_monsterinsights_sitenote_category":0,"jetpack_post_was_ever_published":false,"_jetpack_newsletter_access":"","_jetpack_dont_email_post_to_subs":false,"_jetpack_newsletter_tier_id":0,"_jetpack_memberships_contains_paywalled_content":false,"_jetpack_memberships_contains_paid_content":false,"footnotes":"","jetpack_publicize_message":"","jetpack_publicize_feature_enabled":true,"jetpack_social_post_already_shared":true,"jetpack_social_options":{"image_generator_settings":{"template":"highway","default_image_id":0,"font":"","enabled":false},"version":2},"_wpas_customize_per_network":false},"categories":[5],"tags":[7101,281],"class_list":["post-40356","post","type-post","status-publish","format-standard","hentry","category-politica","tag-primero-mercedes","tag-wado-de-pedro","generate-columns","tablet-grid-50","mobile-grid-100","grid-parent","grid-50"],"jetpack_publicize_connections":[],"jetpack_featured_media_url":"","wps_subtitle":"Opini\u00f3n ","jetpack_sharing_enabled":true,"_links":{"self":[{"href":"https:\/\/www.hoymercedes.com.ar\/principal\/wp-json\/wp\/v2\/posts\/40356","targetHints":{"allow":["GET"]}}],"collection":[{"href":"https:\/\/www.hoymercedes.com.ar\/principal\/wp-json\/wp\/v2\/posts"}],"about":[{"href":"https:\/\/www.hoymercedes.com.ar\/principal\/wp-json\/wp\/v2\/types\/post"}],"author":[{"embeddable":true,"href":"https:\/\/www.hoymercedes.com.ar\/principal\/wp-json\/wp\/v2\/users\/1"}],"replies":[{"embeddable":true,"href":"https:\/\/www.hoymercedes.com.ar\/principal\/wp-json\/wp\/v2\/comments?post=40356"}],"version-history":[{"count":0,"href":"https:\/\/www.hoymercedes.com.ar\/principal\/wp-json\/wp\/v2\/posts\/40356\/revisions"}],"wp:attachment":[{"href":"https:\/\/www.hoymercedes.com.ar\/principal\/wp-json\/wp\/v2\/media?parent=40356"}],"wp:term":[{"taxonomy":"category","embeddable":true,"href":"https:\/\/www.hoymercedes.com.ar\/principal\/wp-json\/wp\/v2\/categories?post=40356"},{"taxonomy":"post_tag","embeddable":true,"href":"https:\/\/www.hoymercedes.com.ar\/principal\/wp-json\/wp\/v2\/tags?post=40356"}],"curies":[{"name":"wp","href":"https:\/\/api.w.org\/{rel}","templated":true}]}}