{"id":40365,"date":"2015-03-26T21:38:16","date_gmt":"2015-03-27T00:38:16","guid":{"rendered":"http:\/\/www.hoymercedes.com.ar\/principal\/?p=40365"},"modified":"2015-04-11T19:27:51","modified_gmt":"2015-04-11T22:27:51","slug":"diputado-espana-elaboro-proyecto-para-disminuir-tiempo-en-tramites-publicos","status":"publish","type":"post","link":"https:\/\/www.hoymercedes.com.ar\/principal\/2015\/03\/26\/diputado-espana-elaboro-proyecto-para-disminuir-tiempo-en-tramites-publicos\/","title":{"rendered":"Diputado Espa\u00f1a elabor\u00f3 proyecto para disminuir tiempo en tr\u00e1mites p\u00fablicos"},"content":{"rendered":"<p><a href=\"https:\/\/www.hoymercedes.com.ar\/principal\/wp-content\/uploads\/2014\/11\/alberto-cucho-espa\u00f1a.jpg\"><img loading=\"lazy\" decoding=\"async\" data-attachment-id=\"37890\" data-permalink=\"https:\/\/www.hoymercedes.com.ar\/principal\/2014\/11\/20\/diputados-aprueba-proyecto-de-alberto-espana-para-creacion-del-comite-de-cuenca-del-rio-lujan\/alberto-cucho-espana\/#main\" data-orig-file=\"https:\/\/www.hoymercedes.com.ar\/principal\/wp-content\/uploads\/2014\/11\/alberto-cucho-espa\u00f1a.jpg\" data-orig-size=\"620,456\" data-comments-opened=\"1\" data-image-meta=\"{&quot;aperture&quot;:&quot;5.6&quot;,&quot;credit&quot;:&quot;&quot;,&quot;camera&quot;:&quot;NIKON D300&quot;,&quot;caption&quot;:&quot;&quot;,&quot;created_timestamp&quot;:&quot;1350586510&quot;,&quot;copyright&quot;:&quot;&quot;,&quot;focal_length&quot;:&quot;125&quot;,&quot;iso&quot;:&quot;3200&quot;,&quot;shutter_speed&quot;:&quot;0.02&quot;,&quot;title&quot;:&quot;&quot;,&quot;orientation&quot;:&quot;0&quot;}\" data-image-title=\"alberto-cucho-espa\u00f1a\" data-image-description=\"\" data-image-caption=\"\" data-large-file=\"https:\/\/www.hoymercedes.com.ar\/principal\/wp-content\/uploads\/2014\/11\/alberto-cucho-espa\u00f1a.jpg\" class=\"Img2014 aligncenter wp-image-37890 size-full\" title=\"Alberto Espa\u00f1a\" src=\"https:\/\/www.hoymercedes.com.ar\/principal\/wp-content\/uploads\/2014\/11\/alberto-cucho-espa\u00f1a.jpg\" alt=\"alberto-cucho-espa\u00f1a\" width=\"620\" height=\"456\" \/><\/a><\/p>\n<p><em><strong>El diputado provincial\u00a0Alberto Espa\u00f1a, perteneciente al bloque del Frente para la Victoria, present\u00f3 el proyecto de Ley\u00a0 para incorporar el cap\u00edtulo VI al t\u00edtulo III de la Ley provincial n\u00b0 13.133, que contemple el \u00a0\u201ctrato digno al usuario y consumidor en las oficinas de atenci\u00f3n al p\u00fablico de la provincia de Buenos Aires\u201d (Exp. D 464-15-16).<\/strong><\/em><\/p>\n<p>El proyecto decreta que la autoridad de aplicaci\u00f3n realice los \u00a0controles adecuados para garantizar las condiciones de atenci\u00f3n y de trato digno y equitativo a usuarios y consumidores en los establecimientos que presten servicios de atenci\u00f3n al p\u00fablico en la provincia de Buenos Aires. <strong>En este sentido, establece que las cajas habilitadas para cobros, pagos, y atenci\u00f3n al cliente no deben ocasionar a los concurrentes una demora mayor de 20 minutos y que el orden de atenci\u00f3n debe ser seg\u00fan el tal\u00f3n numerado. <\/strong><\/p>\n<p><strong>Asimismo, dichas entidades deber\u00e1n garantizar una asignaci\u00f3n de personal de atenci\u00f3n al p\u00fablico proporcional a la cantidad de usuarios del servicio prestado<\/strong>.<strong> El proyecto de ley tambi\u00e9n contempla que los sitios provean las condiciones de accesibilidad necesarias para las personas con capacidades diferentes.<\/strong><\/p>\n<p>La presente iniciativa alcanza a las empresas prestadoras de servicios p\u00fablicos y privados, comprendidas en \u00e9stas las entidades bancarias, las financieras, \u00a0las mutuales de ayuda econ\u00f3mica, las compa\u00f1\u00edas de telefon\u00edas m\u00f3viles, de servicios de televisi\u00f3n por cable y por internet y las compa\u00f1\u00edas de medicina prepaga.<\/p>\n<p>Espa\u00f1a destac\u00f3 que\u00a0<strong><em>\u201c\u00e9ste, como otros proyectos que he presentado, tienden a proteger a los usuarios ante las pr\u00e1cticas abusivas. En este caso en particular, pretendemos terminar con las largas colas en condiciones indignas que deben soportar los consumidores por la falta de \u00a0asignaci\u00f3n de personal suficiente y de establecer condiciones edilicias dignas\u201d. <\/em><\/strong>Adem\u00e1s, el legislador agreg\u00f3: <strong><em>\u201cEs habitual ver largas colas para sacar dinero del cajero, para pagar servicios, para hacer dep\u00f3sitos. Se han naturalizado pr\u00e1cticas abusivas y contrarias al trato digno, que es lo que esta ley pretende saldar\u201d<\/em><\/strong>.<\/p>\n","protected":false},"excerpt":{"rendered":"<p>El diputado provincial\u00a0Alberto Espa\u00f1a, perteneciente al bloque del Frente para la Victoria, present\u00f3 el proyecto de Ley\u00a0 para incorporar el &#8230; <a title=\"Diputado Espa\u00f1a elabor\u00f3 proyecto para disminuir tiempo en tr\u00e1mites p\u00fablicos\" class=\"read-more\" href=\"https:\/\/www.hoymercedes.com.ar\/principal\/2015\/03\/26\/diputado-espana-elaboro-proyecto-para-disminuir-tiempo-en-tramites-publicos\/\" aria-label=\"Leer m\u00e1s sobre Diputado Espa\u00f1a elabor\u00f3 proyecto para disminuir tiempo en tr\u00e1mites p\u00fablicos\">Leer m\u00e1s<\/a><\/p>\n","protected":false},"author":1,"featured_media":0,"comment_status":"open","ping_status":"open","sticky":false,"template":"","format":"standard","meta":{"_monsterinsights_skip_tracking":false,"_monsterinsights_sitenote_active":false,"_monsterinsights_sitenote_note":"","_monsterinsights_sitenote_category":0,"jetpack_post_was_ever_published":false,"_jetpack_newsletter_access":"","_jetpack_dont_email_post_to_subs":false,"_jetpack_newsletter_tier_id":0,"_jetpack_memberships_contains_paywalled_content":false,"_jetpack_memberships_contains_paid_content":false,"footnotes":"","jetpack_publicize_message":"","jetpack_publicize_feature_enabled":true,"jetpack_social_post_already_shared":true,"jetpack_social_options":{"image_generator_settings":{"template":"highway","default_image_id":0,"font":"","enabled":false},"version":2},"_wpas_customize_per_network":false},"categories":[5],"tags":[2687,5050],"class_list":["post-40365","post","type-post","status-publish","format-standard","hentry","category-politica","tag-alberto-espana","tag-diputado-espana","generate-columns","tablet-grid-50","mobile-grid-100","grid-parent","grid-50"],"jetpack_publicize_connections":[],"jetpack_featured_media_url":"","wps_subtitle":"Legislatura provincial","jetpack_sharing_enabled":true,"jetpack-related-posts":[{"id":22139,"url":"https:\/\/www.hoymercedes.com.ar\/principal\/2013\/05\/09\/diputados-aprueban-proyecto-de-cucho-espana-sobre-edad-para-ser-concejal\/","url_meta":{"origin":40365,"position":0},"title":"Diputados: aprueban proyecto de Cucho Espa\u00f1a sobre edad para ser concejal","author":"hoymercedes","date":"9 mayo, 2013","format":false,"excerpt":"Finalmente se aprob\u00f3 la propuesta efectuada por el Diputado Provincial Mercedino Alberto \u201cCucho\u201d Espa\u00f1a donde se prev\u00e9 que se baja la edad para poder arribar a un cargo de concejal. Ahora pasa de 25 a 21. Por unanimidad se aprob\u00f3 el proyecto que modific\u00f3 la ley existente y reforma del\u2026","rel":"","context":"En \u00abPol\u00edtica\u00bb","block_context":{"text":"Pol\u00edtica","link":"https:\/\/www.hoymercedes.com.ar\/principal\/category\/politica\/"},"img":{"alt_text":"","src":"","width":0,"height":0},"classes":[]},{"id":16042,"url":"https:\/\/www.hoymercedes.com.ar\/principal\/2012\/09\/12\/espana-gestiona-creacion-de-juzgado-de-familia-para-mercedes\/","url_meta":{"origin":40365,"position":1},"title":"Espa\u00f1a gestiona creaci\u00f3n de juzgado de familia para Mercedes","author":"hoymercedes","date":"12 septiembre, 2012","format":false,"excerpt":"El proyecto de ley para crear un nuevo juzgado de familia en el Departamento Judicial de Mercedes podr\u00eda ser tratado y aprobado sobre tablas en la sesi\u00f3n de este jueves. El diputado Alberto Espa\u00f1a inform\u00f3 que est\u00e1 en tratativas con los bloques opositores a fin de lograr el tratamiento y\u2026","rel":"","context":"En \u00abPol\u00edtica\u00bb","block_context":{"text":"Pol\u00edtica","link":"https:\/\/www.hoymercedes.com.ar\/principal\/category\/politica\/"},"img":{"alt_text":"","src":"","width":0,"height":0},"classes":[]},{"id":44937,"url":"https:\/\/www.hoymercedes.com.ar\/principal\/2015\/09\/30\/tras-proyecto-de-ustarroz-y-espana-es-monumento-historico-provincial-ex-colegio-nacional\/","url_meta":{"origin":40365,"position":2},"title":"Tras proyecto de Ustarroz y Espa\u00f1a es \u00abMonumento Hist\u00f3rico Provincial\u00bb ex Colegio Nacional","author":"hoymercedes","date":"30 septiembre, 2015","format":false,"excerpt":"La Honorable C\u00e1mara de Diputados y Senadores de la Provincia de Buenos Aires, a partir de una iniciativa del candidato a Intendente, Juan Ustarroz (FMpV) y del Diputado provincial Alberto Mariano Espa\u00f1a (FpV), convirtieron en ley al proyecto (D-1571\/13-14) que declara Monumento Hist\u00f3rico Provincial a la Escuela de Educaci\u00f3n Secundaria\u2026","rel":"","context":"En \u00abEducaci\u00f3n\u00bb","block_context":{"text":"Educaci\u00f3n","link":"https:\/\/www.hoymercedes.com.ar\/principal\/category\/educacion\/"},"img":{"alt_text":"","src":"https:\/\/i0.wp.com\/www.hoymercedes.com.ar\/principal\/wp-content\/uploads\/2015\/09\/colegionacional.jpg?resize=350%2C200&ssl=1","width":350,"height":200,"srcset":"https:\/\/i0.wp.com\/www.hoymercedes.com.ar\/principal\/wp-content\/uploads\/2015\/09\/colegionacional.jpg?resize=350%2C200&ssl=1 1x, https:\/\/i0.wp.com\/www.hoymercedes.com.ar\/principal\/wp-content\/uploads\/2015\/09\/colegionacional.jpg?resize=525%2C300&ssl=1 1.5x"},"classes":[]},{"id":40192,"url":"https:\/\/www.hoymercedes.com.ar\/principal\/2015\/03\/18\/distinguen-al-diputado-espana-por-su-labor-parlamentaria\/","url_meta":{"origin":40365,"position":3},"title":"Distinguen al Diputado Espa\u00f1a por su labor parlamentaria","author":"hoymercedes","date":"18 marzo, 2015","format":false,"excerpt":"La C\u00e1mara de Diputados de la provincia de Buenos Aires fue escenario de las entregas de Premios Parlamentarios, los galardonados fueron aquellos legisladores que se destacaron en su labor durante el periodo 2014.Los Diputados Alberto Espa\u00f1a y Rub\u00e9n Eslaimany y los senadores \u00a0Jorge D\u2019Onofrio y Patricio Garc\u00eda fueron los principales\u2026","rel":"","context":"En \u00abPol\u00edtica\u00bb","block_context":{"text":"Pol\u00edtica","link":"https:\/\/www.hoymercedes.com.ar\/principal\/category\/politica\/"},"img":{"alt_text":"Espa\u00f1a-Alberto-Cucho","src":"https:\/\/i0.wp.com\/www.hoymercedes.com.ar\/principal\/wp-content\/uploads\/2015\/03\/Espa%C3%B1a-Alberto-Cucho.jpg?resize=350%2C200","width":350,"height":200,"srcset":"https:\/\/i0.wp.com\/www.hoymercedes.com.ar\/principal\/wp-content\/uploads\/2015\/03\/Espa%C3%B1a-Alberto-Cucho.jpg?resize=350%2C200 1x, https:\/\/i0.wp.com\/www.hoymercedes.com.ar\/principal\/wp-content\/uploads\/2015\/03\/Espa%C3%B1a-Alberto-Cucho.jpg?resize=525%2C300 1.5x"},"classes":[]},{"id":22765,"url":"https:\/\/www.hoymercedes.com.ar\/principal\/2013\/06\/07\/aprobaron-propuesta-de-cucho-espana-para-ser-concejal-desde-los-21-anos\/","url_meta":{"origin":40365,"position":4},"title":"Aprobaron propuesta de \u00abCucho\u00bb Espa\u00f1a para ser concejal desde los 21 a\u00f1os","author":"hoymercedes","date":"7 junio, 2013","format":false,"excerpt":"Como es sabido debe tener aprobaci\u00f3n en ambas C\u00e1maras legislativas. El proyecto del Alberto Espa\u00f1a ten\u00eda media sanci\u00f3n desde hace un tiempo y ahora consigui\u00f3 la otra media ante lo cual es ley la propuesta del mercedino.\u00a0 La aprobaci\u00f3n se di\u00f3 este jueves. La edad m\u00ednima para ser candidato y\u2026","rel":"","context":"En \u00abPol\u00edtica\u00bb","block_context":{"text":"Pol\u00edtica","link":"https:\/\/www.hoymercedes.com.ar\/principal\/category\/politica\/"},"img":{"alt_text":"","src":"","width":0,"height":0},"classes":[]},{"id":21881,"url":"https:\/\/www.hoymercedes.com.ar\/principal\/2013\/04\/26\/ruta-41-repavimentaran-tramo-mercedes-giles-tras-pedido-de-alberto-cucho-espana\/","url_meta":{"origin":40365,"position":5},"title":"Ruta 41: repavimentar\u00e1n tramo \u00abMercedes-Giles\u00bb tras pedido de Alberto \u00abCucho\u00bb Espa\u00f1a","author":"hoymercedes","date":"26 abril, 2013","format":false,"excerpt":"El tema de la Ruta 41 es hist\u00f3rico y sentido para todos los mercedinos. Muchas idas y vueltas se han vivido. Ahora se conoce por medio del Diputado Alberto \"Cucho\" Espa\u00f1a que se aprob\u00f3 en la legislatura la pavimentaci\u00f3n del tramo entre Mercedes y San Andr\u00e9s de Giles. La cuesti\u00f3n\u2026","rel":"","context":"En \u00abPol\u00edtica\u00bb","block_context":{"text":"Pol\u00edtica","link":"https:\/\/www.hoymercedes.com.ar\/principal\/category\/politica\/"},"img":{"alt_text":"Alberto \"Cucho\" Espa\u00f1a","src":"https:\/\/i0.wp.com\/www.hoymercedes.com.ar\/principal\/wp-content\/uploads\/2013\/04\/AlbertoCuchoEspa%C3%B1a.jpg?resize=350%2C200","width":350,"height":200,"srcset":"https:\/\/i0.wp.com\/www.hoymercedes.com.ar\/principal\/wp-content\/uploads\/2013\/04\/AlbertoCuchoEspa%C3%B1a.jpg?resize=350%2C200 1x, https:\/\/i0.wp.com\/www.hoymercedes.com.ar\/principal\/wp-content\/uploads\/2013\/04\/AlbertoCuchoEspa%C3%B1a.jpg?resize=525%2C300 1.5x"},"classes":[]}],"_links":{"self":[{"href":"https:\/\/www.hoymercedes.com.ar\/principal\/wp-json\/wp\/v2\/posts\/40365","targetHints":{"allow":["GET"]}}],"collection":[{"href":"https:\/\/www.hoymercedes.com.ar\/principal\/wp-json\/wp\/v2\/posts"}],"about":[{"href":"https:\/\/www.hoymercedes.com.ar\/principal\/wp-json\/wp\/v2\/types\/post"}],"author":[{"embeddable":true,"href":"https:\/\/www.hoymercedes.com.ar\/principal\/wp-json\/wp\/v2\/users\/1"}],"replies":[{"embeddable":true,"href":"https:\/\/www.hoymercedes.com.ar\/principal\/wp-json\/wp\/v2\/comments?post=40365"}],"version-history":[{"count":0,"href":"https:\/\/www.hoymercedes.com.ar\/principal\/wp-json\/wp\/v2\/posts\/40365\/revisions"}],"wp:attachment":[{"href":"https:\/\/www.hoymercedes.com.ar\/principal\/wp-json\/wp\/v2\/media?parent=40365"}],"wp:term":[{"taxonomy":"category","embeddable":true,"href":"https:\/\/www.hoymercedes.com.ar\/principal\/wp-json\/wp\/v2\/categories?post=40365"},{"taxonomy":"post_tag","embeddable":true,"href":"https:\/\/www.hoymercedes.com.ar\/principal\/wp-json\/wp\/v2\/tags?post=40365"}],"curies":[{"name":"wp","href":"https:\/\/api.w.org\/{rel}","templated":true}]}}