{"id":40373,"date":"2015-03-27T09:30:09","date_gmt":"2015-03-27T12:30:09","guid":{"rendered":"http:\/\/www.hoymercedes.com.ar\/principal\/?p=40373"},"modified":"2015-04-11T19:27:39","modified_gmt":"2015-04-11T22:27:39","slug":"judiciales-recibe-nueva-propuesta-salarial-y-analiza-en-asamblea","status":"publish","type":"post","link":"https:\/\/www.hoymercedes.com.ar\/principal\/2015\/03\/27\/judiciales-recibe-nueva-propuesta-salarial-y-analiza-en-asamblea\/","title":{"rendered":"Judiciales recibe nueva propuesta salarial y analiza en asamblea"},"content":{"rendered":"<p><em><strong>(AJB) El Ejecutivo provincial realiz\u00f3 una nueva propuesta salarial que incrementa el porcentaje de aumento de los funcionarios, traslada parte del aumento de agosto al mes de marzo y confirma la eliminaci\u00f3n del Auxiliar 5\u00ba. Se mantiene el paro de ma\u00f1ana y el viernes se realizar\u00e1n asambleas.<\/strong><\/em><\/p>\n<p>El Ejecutivo convoc\u00f3 de urgencia a la AJB a reuni\u00f3n de Mesa T\u00e9cnica salarial para las \u00faltimas horas de la tarde del d\u00eda de hoy, ante la inminencia del paro activo convocado por el gremio judicial para ma\u00f1ana.<\/p>\n<p>En la reuni\u00f3n, luego de los planteos efectuados por la AJB, los representantes del Estado realizaron una nueva propuesta consistente en el traslado de un punto del incremento en la Bonificaci\u00f3n Especial o Compensaci\u00f3n Funcional -seg\u00fan el caso- del tramo de agosto al de marzo.<\/p>\n<p>Asimismo, propusieron aumentar en medio punto porcentual el aumento para los funcionarios ubicados en los niveles 18.75, 19, 19.25 y 19.50 en el tramo de agosto; as\u00ed como ratificar la eliminaci\u00f3n por decreto del cargo de Auxiliar 5\u00ba, reubicando a partir del 1\u00ba de marzo como Auxiliares 3\u00ba a todos los trabajadores que actualmente se encuentran en el \u00faltimo nivel.<\/p>\n<p>De acuerdo a esta \u00faltima propuesta, el aumento para cada categor\u00eda quedar\u00eda establecido de la siguiente manera.<\/p>\n<p><a href=\"https:\/\/www.hoymercedes.com.ar\/principal\/wp-content\/uploads\/2015\/03\/cuadro-ajb-salarial.jpg\"><img loading=\"lazy\" decoding=\"async\" data-attachment-id=\"40374\" data-permalink=\"https:\/\/www.hoymercedes.com.ar\/principal\/2015\/03\/27\/judiciales-recibe-nueva-propuesta-salarial-y-analiza-en-asamblea\/cuadro-ajb-salarial\/#main\" data-orig-file=\"https:\/\/www.hoymercedes.com.ar\/principal\/wp-content\/uploads\/2015\/03\/cuadro-ajb-salarial.jpg\" data-orig-size=\"620,229\" data-comments-opened=\"1\" data-image-meta=\"{&quot;aperture&quot;:&quot;0&quot;,&quot;credit&quot;:&quot;&quot;,&quot;camera&quot;:&quot;&quot;,&quot;caption&quot;:&quot;&quot;,&quot;created_timestamp&quot;:&quot;0&quot;,&quot;copyright&quot;:&quot;&quot;,&quot;focal_length&quot;:&quot;0&quot;,&quot;iso&quot;:&quot;0&quot;,&quot;shutter_speed&quot;:&quot;0&quot;,&quot;title&quot;:&quot;&quot;,&quot;orientation&quot;:&quot;0&quot;}\" data-image-title=\"cuadro-ajb-salarial\" data-image-description=\"\" data-image-caption=\"\" data-large-file=\"https:\/\/www.hoymercedes.com.ar\/principal\/wp-content\/uploads\/2015\/03\/cuadro-ajb-salarial.jpg\" class=\"aligncenter size-full wp-image-40374\" src=\"https:\/\/www.hoymercedes.com.ar\/principal\/wp-content\/uploads\/2015\/03\/cuadro-ajb-salarial.jpg\" alt=\"cuadro-ajb-salarial\" width=\"620\" height=\"229\" \/><\/a><\/p>\n<p>Esta propuesta implica que el aumento en los salarios de bolsillo al mes de agosto quedar\u00e1n aproximadamente en los siguientes porcentajes:<\/p>\n<p>&#8211;\u00a0\u00a0\u00a0\u00a0\u00a0\u00a0\u00a0 Niveles 6 a 18, 37%<\/p>\n<p>&#8211;\u00a0\u00a0\u00a0\u00a0\u00a0\u00a0\u00a0 Nivel 18.50, 38%<\/p>\n<p>&#8211;\u00a0\u00a0\u00a0\u00a0\u00a0\u00a0\u00a0 Niveles 18.75 a 19.50, 34,5%.<\/p>\n<p>Asimismo, se ratific\u00f3 la propuesta de unificar en el 3% todos los a\u00f1os de antig\u00fcedad que se abonan por debajo de esa cifra, present\u00e1ndose durante el trascurso de este a\u00f1o un proyecto de ley para que entre los a\u00f1os 2016 y 2018 se liquiden todos los a\u00f1os de antig\u00fcedad en el 3%.<\/p>\n<p>Finalmente, atento a lo repentino de la convocatoria y al escaso tiempo para modificar lo resuelto, la AJB decidi\u00f3 mantener el paro convocado para el d\u00eda de ma\u00f1ana y convocar a asambleas para el viernes a primera hora, donde se analizar\u00e1 la propuesta formalizada por el Ejecutivo.<\/p>\n<p>&nbsp;<\/p>\n","protected":false},"excerpt":{"rendered":"<p>(AJB) El Ejecutivo provincial realiz\u00f3 una nueva propuesta salarial que incrementa el porcentaje de aumento de los funcionarios, traslada parte &#8230; <a title=\"Judiciales recibe nueva propuesta salarial y analiza en asamblea\" class=\"read-more\" href=\"https:\/\/www.hoymercedes.com.ar\/principal\/2015\/03\/27\/judiciales-recibe-nueva-propuesta-salarial-y-analiza-en-asamblea\/\" aria-label=\"Leer m\u00e1s sobre Judiciales recibe nueva propuesta salarial y analiza en asamblea\">Leer m\u00e1s<\/a><\/p>\n","protected":false},"author":1,"featured_media":0,"comment_status":"open","ping_status":"open","sticky":false,"template":"","format":"standard","meta":{"_monsterinsights_skip_tracking":false,"_monsterinsights_sitenote_active":false,"_monsterinsights_sitenote_note":"","_monsterinsights_sitenote_category":0,"jetpack_post_was_ever_published":false,"_jetpack_newsletter_access":"","_jetpack_dont_email_post_to_subs":false,"_jetpack_newsletter_tier_id":0,"_jetpack_memberships_contains_paywalled_content":false,"_jetpack_memberships_contains_paid_content":false,"footnotes":"","jetpack_publicize_message":"","jetpack_publicize_feature_enabled":true,"jetpack_social_post_already_shared":true,"jetpack_social_options":{"image_generator_settings":{"template":"highway","default_image_id":0,"font":"","enabled":false},"version":2},"_wpas_customize_per_network":false},"categories":[8],"tags":[95,7103],"class_list":["post-40373","post","type-post","status-publish","format-standard","hentry","category-sociedad","tag-ajb","tag-paro-judicial","generate-columns","tablet-grid-50","mobile-grid-100","grid-parent","grid-50"],"jetpack_publicize_connections":[],"jetpack_featured_media_url":"","wps_subtitle":"Departamental Mercedes ","jetpack_sharing_enabled":true,"_links":{"self":[{"href":"https:\/\/www.hoymercedes.com.ar\/principal\/wp-json\/wp\/v2\/posts\/40373","targetHints":{"allow":["GET"]}}],"collection":[{"href":"https:\/\/www.hoymercedes.com.ar\/principal\/wp-json\/wp\/v2\/posts"}],"about":[{"href":"https:\/\/www.hoymercedes.com.ar\/principal\/wp-json\/wp\/v2\/types\/post"}],"author":[{"embeddable":true,"href":"https:\/\/www.hoymercedes.com.ar\/principal\/wp-json\/wp\/v2\/users\/1"}],"replies":[{"embeddable":true,"href":"https:\/\/www.hoymercedes.com.ar\/principal\/wp-json\/wp\/v2\/comments?post=40373"}],"version-history":[{"count":0,"href":"https:\/\/www.hoymercedes.com.ar\/principal\/wp-json\/wp\/v2\/posts\/40373\/revisions"}],"wp:attachment":[{"href":"https:\/\/www.hoymercedes.com.ar\/principal\/wp-json\/wp\/v2\/media?parent=40373"}],"wp:term":[{"taxonomy":"category","embeddable":true,"href":"https:\/\/www.hoymercedes.com.ar\/principal\/wp-json\/wp\/v2\/categories?post=40373"},{"taxonomy":"post_tag","embeddable":true,"href":"https:\/\/www.hoymercedes.com.ar\/principal\/wp-json\/wp\/v2\/tags?post=40373"}],"curies":[{"name":"wp","href":"https:\/\/api.w.org\/{rel}","templated":true}]}}