{"id":40381,"date":"2015-03-27T11:08:50","date_gmt":"2015-03-27T14:08:50","guid":{"rendered":"http:\/\/www.hoymercedes.com.ar\/principal\/?p=40381"},"modified":"2015-03-27T12:44:41","modified_gmt":"2015-03-27T15:44:41","slug":"melo-las-medias-verdades-son-peores-que-las-mentiras","status":"publish","type":"post","link":"https:\/\/www.hoymercedes.com.ar\/principal\/2015\/03\/27\/melo-las-medias-verdades-son-peores-que-las-mentiras\/","title":{"rendered":"Melo: \u00abLas medias verdades son peores que las mentiras\u00bb"},"content":{"rendered":"<p><em><strong>Lamentablemente la falta de reproducci\u00f3n fiel de la realidad que el diario local \u201cActualidad de Mercedes\u201d llev\u00f3 adelante en su edici\u00f3n de \u00e9ste jueves 26 nos obliga a emitir algunas palabras, instancia que no nos resulta para nada grato ni dese\u00e1bamos. La nota refleja como fuente original el medio Mercedesonline.com.\u00a0<\/strong><\/em><\/p>\n<p>Una nota con referencia al acto organizado por la Comisi\u00f3n de Familiares y Amigos de Detenidos, Asesinados y Desaparecidos por la Dictadura Militar es el epicentro sobre el cual se efect\u00faa una modificaci\u00f3n radical del eje: se resta atenci\u00f3n de lo que fue un momento mancomunado de reflexi\u00f3n y recordaci\u00f3n de la sociedad mercedina sobre aquellos a\u00f1os de plomo que vivi\u00f3 la Rep\u00fablica Argentina y se puntualiza sobre un asunto irreal.<\/p>\n<p>En t\u00edtulo y\/o volanta cat\u00e1strofe y en may\u00fasculas, se pregunta para que sus lectores saquen sus propias conclusiones, si fue una falta de respeto o una falta de inter\u00e9s la ausencia del Intendente Carlos Selva al acto.<\/p>\n<p>De \u00e9sta manera, se deja de lado el acto central que fue muy sentido y emocionante en el que adem\u00e1s de las reflexiones cr\u00edticas se hizo la recordaci\u00f3n de los mercedinos asesinados y desaparecidos por la cruenta Dictadura C\u00edvico-Militar. En definitiva, se busca atribuirle una inexistente falta de sensibilidad al Jefe Comunal, injustificada y plenamente direccionada pol\u00edticamente.<\/p>\n<p>P\u00e1rrafo demostrativo es el siguiente: \u201cLa nota no grata la dio el intendente Selva quien en esta oportunidad no se present\u00f3 a uno de los actos m\u00e1s emotivos del calendario. Pero ese no fue el \u00fanico mensaje. Tampoco envi\u00f3 a sus funcionarios ni a nadie que lo \u00a0represente\u201d. Muy llamativo por cierto dado que la foto que ilustra la nota permite observarse a dos funcionarios municipales con rango de coordinadores como lo son Jos\u00e9 Luis Piccardi, y Agust\u00edn Lasala adem\u00e1s al concejal Carlos Milhomme. Fuera de la foto, y entre otros, tambi\u00e9n estaba qui\u00e9n suscribe, Marcelo Melo, referente municipal de la oficina de Derechos Humanos, qui\u00e9n acerc\u00f3 la excusa y salutaci\u00f3n del intendente por no estar en la ciudad a Silvia Fasce, miembro de la Comisi\u00f3n.<\/p>\n<p>Qui\u00e9n escribi\u00f3 la nota se puede juzgar tuvo tiempo suficiente \u2013desde el martes al mediod\u00eda, al cierre de la edici\u00f3n del jueves- para chequear semejante t\u00edtulo e intencionalidad adem\u00e1s de ver varias veces la foto que el medio public\u00f3, que hace caer por tierra lo que se escribi\u00f3.<\/p>\n<p>Al margen podemos recordad que acto iba a desarrollarse en Plaza San Mart\u00edn, y desde la Oficina de DDHH nos pusimos a disposici\u00f3n de la Comisi\u00f3n para lo que haga falta desde d\u00edas antes. Tanto fue as\u00ed que como una hora antes del acto comenz\u00f3 a llover, se ofreci\u00f3 el hall de entrada de la Municipalidad en primer lugar, y se termin\u00f3 realizando en la entrada del Teatro Argentino Julio C\u00e9sar Gioscio, que para informaci\u00f3n del medio period\u00edstico, tambi\u00e9n es Municipal.<\/p>\n<p>Como dec\u00edamos en la primera l\u00ednea lamentablemente debemos expresarnos, pues, el intento de tergiversaci\u00f3n plena de la realidad nos obliga.<\/p>\n<p>&nbsp;<\/p>\n","protected":false},"excerpt":{"rendered":"<p>Lamentablemente la falta de reproducci\u00f3n fiel de la realidad que el diario local \u201cActualidad de Mercedes\u201d llev\u00f3 adelante en su &#8230; <a title=\"Melo: \u00abLas medias verdades son peores que las mentiras\u00bb\" class=\"read-more\" href=\"https:\/\/www.hoymercedes.com.ar\/principal\/2015\/03\/27\/melo-las-medias-verdades-son-peores-que-las-mentiras\/\" aria-label=\"Leer m\u00e1s sobre Melo: \u00abLas medias verdades son peores que las mentiras\u00bb\">Leer m\u00e1s<\/a><\/p>\n","protected":false},"author":1,"featured_media":0,"comment_status":"open","ping_status":"open","sticky":false,"template":"","format":"standard","meta":{"_monsterinsights_skip_tracking":false,"_monsterinsights_sitenote_active":false,"_monsterinsights_sitenote_note":"","_monsterinsights_sitenote_category":0,"jetpack_post_was_ever_published":false,"_jetpack_newsletter_access":"","_jetpack_dont_email_post_to_subs":false,"_jetpack_newsletter_tier_id":0,"_jetpack_memberships_contains_paywalled_content":false,"_jetpack_memberships_contains_paid_content":false,"footnotes":"","jetpack_publicize_message":"","jetpack_publicize_feature_enabled":true,"jetpack_social_post_already_shared":true,"jetpack_social_options":{"image_generator_settings":{"template":"highway","default_image_id":0,"font":"","enabled":false},"version":2},"_wpas_customize_per_network":false},"categories":[5],"tags":[403],"class_list":["post-40381","post","type-post","status-publish","format-standard","hentry","category-politica","tag-marcelo-melo","generate-columns","tablet-grid-50","mobile-grid-100","grid-parent","grid-50"],"jetpack_publicize_connections":[],"jetpack_featured_media_url":"","wps_subtitle":"Pol\u00e9mica y pol\u00edtica","jetpack_sharing_enabled":true,"jetpack-related-posts":[{"id":10601,"url":"https:\/\/www.hoymercedes.com.ar\/principal\/2012\/01\/27\/marcelo-melo-hablo-sobre-el-turismo-en-nuestra-ciudad\/","url_meta":{"origin":40381,"position":0},"title":"Marcelo Melo habl\u00f3 sobre el Turismo en nuestra ciudad","author":"hoymercedes","date":"27 enero, 2012","format":false,"excerpt":"El Director de Turismo, Marcelo Melo se refiri\u00f3 al desarrollo de dicha actividad en nuestro Partido a lo largo de esta temporada de veranos sosteniendo \u201cdesde hace dos o tres a\u00f1os mercedes se ve muy beneficiada especialmente por lo que tiene que ver con el turismo de fin de semana\u2026","rel":"","context":"En \u00abMunicipio\u00bb","block_context":{"text":"Municipio","link":"https:\/\/www.hoymercedes.com.ar\/principal\/category\/municipio\/"},"img":{"alt_text":"","src":"","width":0,"height":0},"classes":[]},{"id":17272,"url":"https:\/\/www.hoymercedes.com.ar\/principal\/2012\/10\/26\/apesteguia-no-aclares-que-oscurece\/","url_meta":{"origin":40381,"position":1},"title":"Apestegu\u00eda: No aclares que oscurece","author":"hoymercedes","date":"26 octubre, 2012","format":false,"excerpt":"Oscar \u201cVasco\u201d Apeztegu\u00eda -\u00a0DNI: 10.826.829 Es, a todas luces, vergonzante el tratamiento que desde el Oficialismo se le ha dado al pedido de informe hecho por todos los Concejales de los bloques opositores sobre el tema del uso de una cuenta particular, a nombre del Director de Turismo Marcelo Melo,\u2026","rel":"","context":"En \u00abOpini\u00f3n\u00bb","block_context":{"text":"Opini\u00f3n","link":"https:\/\/www.hoymercedes.com.ar\/principal\/category\/opinion\/"},"img":{"alt_text":"","src":"","width":0,"height":0},"classes":[]},{"id":151416,"url":"https:\/\/www.hoymercedes.com.ar\/principal\/2022\/08\/02\/incendio-en-un-almacen-en-ruta-5\/","url_meta":{"origin":40381,"position":2},"title":"Incendio en un almac\u00e9n en Ruta 5","author":"hoymercedes","date":"2 agosto, 2022","format":false,"excerpt":"Incendio en almacen y parrilla de Ruta 5","rel":"","context":"En \u00abSociedad\u00bb","block_context":{"text":"Sociedad","link":"https:\/\/www.hoymercedes.com.ar\/principal\/category\/sociedad\/"},"img":{"alt_text":"","src":"https:\/\/i0.wp.com\/www.hoymercedes.com.ar\/principal\/wp-content\/uploads\/2022\/08\/IMG-20220802-WA0000.jpg?resize=350%2C200&ssl=1","width":350,"height":200,"srcset":"https:\/\/i0.wp.com\/www.hoymercedes.com.ar\/principal\/wp-content\/uploads\/2022\/08\/IMG-20220802-WA0000.jpg?resize=350%2C200&ssl=1 1x, https:\/\/i0.wp.com\/www.hoymercedes.com.ar\/principal\/wp-content\/uploads\/2022\/08\/IMG-20220802-WA0000.jpg?resize=525%2C300&ssl=1 1.5x, https:\/\/i0.wp.com\/www.hoymercedes.com.ar\/principal\/wp-content\/uploads\/2022\/08\/IMG-20220802-WA0000.jpg?resize=700%2C400&ssl=1 2x, https:\/\/i0.wp.com\/www.hoymercedes.com.ar\/principal\/wp-content\/uploads\/2022\/08\/IMG-20220802-WA0000.jpg?resize=1050%2C600&ssl=1 3x, https:\/\/i0.wp.com\/www.hoymercedes.com.ar\/principal\/wp-content\/uploads\/2022\/08\/IMG-20220802-WA0000.jpg?resize=1400%2C800&ssl=1 4x"},"classes":[]},{"id":158427,"url":"https:\/\/www.hoymercedes.com.ar\/principal\/2023\/02\/17\/la-ribera-se-prepara-desde-el-corazon-de-la-trocha\/","url_meta":{"origin":40381,"position":3},"title":"La Ribera se prepara desde el coraz\u00f3n de La Trocha","author":"hoymercedes","date":"17 febrero, 2023","format":false,"excerpt":"La murga cumplir\u00e1 su noveno a\u00f1os consecutivo participando de la fiesta m\u00e1s popular de Mercedes. Para esta ocasi\u00f3n, ensaya su puesta en escena y se preparan para disfrutar sobre la 29 junto a todos los vecinos. Como todos los a\u00f1os la avenida 29 se viste de color y alegr\u00eda durante\u2026","rel":"","context":"En \u00abCultura\u00bb","block_context":{"text":"Cultura","link":"https:\/\/www.hoymercedes.com.ar\/principal\/category\/cultura\/"},"img":{"alt_text":"","src":"https:\/\/i0.wp.com\/www.hoymercedes.com.ar\/principal\/wp-content\/uploads\/2023\/02\/image-9.png?resize=350%2C200&ssl=1","width":350,"height":200,"srcset":"https:\/\/i0.wp.com\/www.hoymercedes.com.ar\/principal\/wp-content\/uploads\/2023\/02\/image-9.png?resize=350%2C200&ssl=1 1x, https:\/\/i0.wp.com\/www.hoymercedes.com.ar\/principal\/wp-content\/uploads\/2023\/02\/image-9.png?resize=525%2C300&ssl=1 1.5x"},"classes":[]},{"id":39594,"url":"https:\/\/www.hoymercedes.com.ar\/principal\/2015\/02\/15\/camara-confirmo-nulidad-en-causa-de-melo-por-fiesta-del-salame\/","url_meta":{"origin":40381,"position":4},"title":"C\u00e1mara confirm\u00f3 nulidad en causa de Melo por Fiesta del Salame","author":"hoymercedes","date":"15 febrero, 2015","format":false,"excerpt":"(buenosairesnoticias.com)Se conoci\u00f3, tras la feria judicial, un nuevo avance en la causa por el manejo de los fondos de la Fiesta del Salame 2012 en la ciudad de Mercedes, fue el pasado viernes. Seg\u00fan se supo y tal como dec\u00eda el abogado defensor del actual Coordinador de Derechos Humanos de\u2026","rel":"","context":"En \u00abSociedad\u00bb","block_context":{"text":"Sociedad","link":"https:\/\/www.hoymercedes.com.ar\/principal\/category\/sociedad\/"},"img":{"alt_text":"MarceloMelo-DirectordeTurismo","src":"https:\/\/i0.wp.com\/www.hoymercedes.com.ar\/principal\/wp-content\/uploads\/2015\/02\/MarceloMelo-DirectordeTurismo.jpg?resize=350%2C200","width":350,"height":200,"srcset":"https:\/\/i0.wp.com\/www.hoymercedes.com.ar\/principal\/wp-content\/uploads\/2015\/02\/MarceloMelo-DirectordeTurismo.jpg?resize=350%2C200 1x, https:\/\/i0.wp.com\/www.hoymercedes.com.ar\/principal\/wp-content\/uploads\/2015\/02\/MarceloMelo-DirectordeTurismo.jpg?resize=525%2C300 1.5x"},"classes":[]},{"id":73397,"url":"https:\/\/www.hoymercedes.com.ar\/principal\/2018\/03\/12\/semana-de-alegatos-en-el-caso-melo-por-presunta-malversacion-de-fondos-publicos\/","url_meta":{"origin":40381,"position":5},"title":"Semana de alegatos en el caso Melo por presunta malversaci\u00f3n de fondos p\u00fablicos","author":"hoymercedes","date":"12 marzo, 2018","format":false,"excerpt":"El pasado lunes comenz\u00f3 en el TOC N\u00b0 3 el juicio contra Marcelo Melo, ex funcionario municipal en el \u00e1rea de Turismo. Pasaron doce testigos y en la pr\u00f3xima jornada las partes plantear\u00e1n sus argumentos sobre el veredicto que corresponde dictar. La Fiscal\u00eda insisti\u00f3 con el enriquecimiento. El pasado lunes\u2026","rel":"","context":"En \u00abPolicial\u00bb","block_context":{"text":"Policial","link":"https:\/\/www.hoymercedes.com.ar\/principal\/category\/policial\/"},"img":{"alt_text":"","src":"https:\/\/i0.wp.com\/www.hoymercedes.com.ar\/principal\/wp-content\/uploads\/2018\/03\/12-juiciomelo1-768x348.jpg?resize=350%2C200&ssl=1","width":350,"height":200,"srcset":"https:\/\/i0.wp.com\/www.hoymercedes.com.ar\/principal\/wp-content\/uploads\/2018\/03\/12-juiciomelo1-768x348.jpg?resize=350%2C200&ssl=1 1x, https:\/\/i0.wp.com\/www.hoymercedes.com.ar\/principal\/wp-content\/uploads\/2018\/03\/12-juiciomelo1-768x348.jpg?resize=525%2C300&ssl=1 1.5x, https:\/\/i0.wp.com\/www.hoymercedes.com.ar\/principal\/wp-content\/uploads\/2018\/03\/12-juiciomelo1-768x348.jpg?resize=700%2C400&ssl=1 2x"},"classes":[]}],"_links":{"self":[{"href":"https:\/\/www.hoymercedes.com.ar\/principal\/wp-json\/wp\/v2\/posts\/40381","targetHints":{"allow":["GET"]}}],"collection":[{"href":"https:\/\/www.hoymercedes.com.ar\/principal\/wp-json\/wp\/v2\/posts"}],"about":[{"href":"https:\/\/www.hoymercedes.com.ar\/principal\/wp-json\/wp\/v2\/types\/post"}],"author":[{"embeddable":true,"href":"https:\/\/www.hoymercedes.com.ar\/principal\/wp-json\/wp\/v2\/users\/1"}],"replies":[{"embeddable":true,"href":"https:\/\/www.hoymercedes.com.ar\/principal\/wp-json\/wp\/v2\/comments?post=40381"}],"version-history":[{"count":0,"href":"https:\/\/www.hoymercedes.com.ar\/principal\/wp-json\/wp\/v2\/posts\/40381\/revisions"}],"wp:attachment":[{"href":"https:\/\/www.hoymercedes.com.ar\/principal\/wp-json\/wp\/v2\/media?parent=40381"}],"wp:term":[{"taxonomy":"category","embeddable":true,"href":"https:\/\/www.hoymercedes.com.ar\/principal\/wp-json\/wp\/v2\/categories?post=40381"},{"taxonomy":"post_tag","embeddable":true,"href":"https:\/\/www.hoymercedes.com.ar\/principal\/wp-json\/wp\/v2\/tags?post=40381"}],"curies":[{"name":"wp","href":"https:\/\/api.w.org\/{rel}","templated":true}]}}