{"id":404,"date":"2010-11-18T02:08:25","date_gmt":"2010-11-18T02:08:25","guid":{"rendered":"http:\/\/www.hoymercedes.com.ar\/principal\/?p=404"},"modified":"2010-11-18T02:08:25","modified_gmt":"2010-11-18T02:08:25","slug":"comienza-la-primera-expo-regional-de-empleo-y-trabajo-lujan-2010-en-la-unlu","status":"publish","type":"post","link":"https:\/\/www.hoymercedes.com.ar\/principal\/2010\/11\/18\/comienza-la-primera-expo-regional-de-empleo-y-trabajo-lujan-2010-en-la-unlu\/","title":{"rendered":"Comienza la Primera Expo Regional de Empleo y Trabajo Luj\u00e1n 2010 en la UNLu"},"content":{"rendered":"<p style=\"text-align: justify;\">La Universidad Nacional de Luj\u00e1n ser\u00e1 sede de la Primera Expo Regional de Empleo y Trabajo, de car\u00e1cter p\u00fablico y gratuito, organizada por la propia UNLu y el Ministerio de Trabajo de la Provincia de Buenos Aires, ma\u00f1ana jueves 18 y el viernes 19 de noviembre.<\/p>\n<p style=\"text-align: justify;\">Esta Expo estar\u00e1 abierta a la comunidad, y especialmente dirigida a aquellas personas en b\u00fasqueda de empleo o que deseen mejorar sus condiciones de trabajo a trav\u00e9s de capacitaci\u00f3n, conferencias brindadas por instituciones p\u00fablicas y privadas y la oferta concreta de puestos de trabajo en los distintos sectores de la econom\u00eda local y regional.<\/p>\n<p style=\"text-align: justify;\">La realizaci\u00f3n de la Primera Exposici\u00f3n Regional de Empleo y Trabajo es una iniciativa de los Ministerios de Producci\u00f3n y de Trabajo de la Provincia de Buenos Aires conjuntamente con la Universidad Nacional de Luj\u00e1n, que busca crear un \u00e1mbito de encuentro \u00fanico y din\u00e1mico para aquellas personas que desean insertarse en el mercado laboral formal y para las empresas que requieren incorporar nuevos trabajadores a sus planteles.<\/p>\n<p style=\"text-align: justify;\">El Acto de Apertura del evento ser\u00e1 a las 12 de ma\u00f1ana, y para el viernes 19 desde las 10 est\u00e1 prevista la visita del Gobernador de la Provincia de Buenos Aires, Daniel Scioli.<\/p>\n<p style=\"text-align: justify;\">El cronograma completo de Charlas y Mesas Tem\u00e1ticas con los que contar\u00e1 esta Expo es el siguiente:<\/p>\n<p style=\"text-align: justify;\"><strong>Jueves 18<\/strong><\/p>\n<p style=\"text-align: justify;\">* 14 a 16, Mesa 1: \u201cBuscando un empleo\u201d, moderador: Lic. Gustavo Utello (UNLu), Sal\u00f3n Auditorio, Edificio del Departamento de Ciencias Sociales. Incluye las exposiciones \u201cProblem\u00e1tica del primer empleo universitario\u201d por el Lic. Daniel Herrero (UNICen), \u201cClaves para una entrevista laboral exitosa. \u00bfC\u00f3mo se prepara un CV y una carta de presentaci\u00f3n?\u201d por Fabi\u00e1n Cogo (SUEP- UNLu), \u201cPasant\u00edas externas e internas y Becas Bicentenario\u201d por Sergio Raele y Nora Isolini (UNLu), \u201cEmpleo y Trabajo: Proyecto de Extensi\u00f3n\u201d por la Lic. Eva Sarka y la Lic. Cristina Guti\u00e9rrez (UNLu), \u00abTrabajar en Provincia y Microempresas\u00bb por la Dra. Nadia De la Cruz y la Lic. Mar\u00eda Eugenia Peri Galindo (Provincia Microempresas S.A.) y \u201cExperiencias de estudiantes y graduados que consiguieron su primer empleo a trav\u00e9s del SUEP\u201d por personal de SUEP (UNLu).<\/p>\n<p style=\"text-align: justify;\">* 16 a 17.30, Mesa 2: \u201cEducaci\u00f3n &amp; Trabajo 1\u201d, moderador: Lic. Silvia Martinelli (UNLu), en el mismo lugar. Incluye \u201cPresentaci\u00f3n COPRET\u201d por Nora Estrada (Direcci\u00f3n General de Cultura y Educaci\u00f3n), \u201cAgencia de Acreditaci\u00f3n de Competencias Laborales\u201d por Pablo Russell (Direcci\u00f3n General de Cultura y Educaci\u00f3n), \u201cLa Formaci\u00f3n Profesional\u201d por el Ing. Eduardo Dillon (Direcci\u00f3n General de Cultura y Educaci\u00f3n), \u201cPromoviendo capacidades y estrategias en los j\u00f3venes de la comunidad para acercarlos al mercado laboral\u201d por Jorge Camblong (UNGS).<\/p>\n<p style=\"text-align: justify;\">* 18 a 19.30, Mesa 3: \u201cServicios de Empleo\u201d, moderadores: Lic. H\u00e9ctor Barthelemy (UNLu) y Alicia Svaiger (GECAL), en el mismo lugar. Incluye \u201cEl Servicio Provincial de Empleo\u201d por Mar\u00eda Jos\u00e9 Herrera (Ministerio de Trabajo), \u201cSeCLaS: Inserci\u00f3n de personas con Discapacidad\u201d por la Lic. Mirta Hendrikson (Ministerio de Trabajo), \u201cLos nuevos desaf\u00edos de la Oficina de Empleo Local\u201d, por el Lic. Sebasti\u00e1n Otero (Municipalidad de Luj\u00e1n) y \u201cServicio de Empleo AMIA\u201d por la Lic. Mayra Junyent (AMIA).<\/p>\n<p style=\"text-align: justify;\">* 14 a 16, Taller 1: \u201cPensando en mi vocaci\u00f3n. Orientaci\u00f3n para la elecci\u00f3n vocacional\u201d, coordinan la Lic. Susana Othar y la Lic. Mariana Stella, en el Aula B del Edificio del Departamento de Ciencias Sociales.<\/p>\n<p style=\"text-align: justify;\">* 16 a 17, Mesa 4: \u201cNuevas formas del empleo\u201d, moderadores Dra. Andrea Del Bono y Lic. Laura Henry (CEIL-PIETTE del CONICET), en el mismo lugar que el Taller anterior. Incluye \u201cProyecto de Observatorio de Teletrabajo\u201d por Nora Rubbini (UNLP), \u201cCall Center: La experiencia del Primer Empleo\u201d por Mario Miccelli (C\u00e1mara Argentina de Comercio), \u201cEl teletrabajo como herramienta de mejora de la calidad del trabajo\u201d por Viviana D\u00edaz (MTEySS).<\/p>\n<p style=\"text-align: justify;\">\n<p style=\"text-align: justify;\">* 17 a 19.30, Mesa 5: \u201cConoc\u00e9 tus derechos\u201d, moderador: Dr. Andr\u00e9s Magge (UNLu), en el mismo lugar. Incluye \u201cLey de Pasant\u00edas. Red de pasant\u00edas de Universidades Nacionales\u201d por Elvira Troche (UNLu) y representantes de la UNTreF, UTN Pachecho\/Avellaneda, UNLaM, Universidad Nacional de Formosa y FCS-UBA, \u201cEl Rol del Ministerio de Trabajo frente a los derechos del trabajador\u201d por Oscar Kindzersky (Ministerio de Trabajo), \u201cDerechos y obligaciones de los trabajadores, empleadores y ART\u2019s.\u201d, por Claudio San Juan (SRT), \u00abLos derechos de los aportantes al sistema previsional\u00bb por el Dr. Eduardo Bautto (IPS), \u201cSistema Jubilatorio: La recuperaci\u00f3n de los fondos de los trabajadores\u00bb por el Lic. Santiago Maggiotti y el Lic. Juan Manuel Pichetto (ANSES), \u00abPrevenci\u00f3n y Di\u00e1logo Tripartito: Las experiencias de COMISASEP\u201d por los Ing. Carlos R\u00edos y Roberto Tomassino (Ministerio de Trabajo), \u201cEl rol de la CTIO y la Igualdad de Oportunidades y G\u00e9nero\u201d por Mariana V\u00e9lez (Ministerio de Trabajo) y la Dra. M\u00f3nica Lisman (INADI).<\/p>\n<p style=\"text-align: justify;\">* 14 a 18, Taller 2: \u201cMi derecho en un minuto: Cine destinado a alumnos de escuelas primarias\u201d, coordina Nelly Mendoza (COPRETI. Ministerio de Trabajo), en el Aula A del Edificio del Departamento de Ciencias Sociales.<\/p>\n<p style=\"text-align: justify;\"><strong>Viernes 19<\/strong><\/p>\n<p style=\"text-align: justify;\">* 13 a 15.45, Mesa 6: \u201cAutoempleo\u201d, moderador: Lic. Sebasti\u00e1n Otero (Municipalidad de Luj\u00e1n y UNLu), en el Sal\u00f3n Auditorio del Edificio del Departamento de Ciencias Sociales. Incluye \u201cEl Monotributo Social\u201d por Claudia Bernazza (MDS), \u201cFortalecimiento al autoempleo\u201d por Oscar Miente U\u00eda (FONCAP), \u201cLey ALAS de Regularizaci\u00f3n a Microemprededores\u201d por la Dra. Raquel P\u00e9rez (Ministerio de Trabajo), \u201cL\u00edneas de financiamiento a emprendedores\u201d por el Lic. Rodrigo Baluk (Provincia Microempresas S.A.), \u201cRed de Formaci\u00f3n de Emprendedores\u201d por el Lic. Pablo Sela (UNLu), Ariel Notta y el Lic. Heriberto Ameri (CIC), \u201cDi\u00e1logo Emprendedor Bonaerense\u201d por el Lic. Damian Deglauve (Jefatura de Gabinete de Ministros de la Provincia de Buenos Aires), \u201cEl Rol de las Incubadoras acompa\u00f1ando a los j\u00f3venes\u201d Lic. Patricia A\u00f3n (UNLu), y \u201cEmpresarias mujeres\u201d por la Lic. Rosana Cordero (CORDERO SRL).<\/p>\n<p style=\"text-align: justify;\">* 16 a 17, Mesa 7: \u201cAutogesti\u00f3n &amp; Asociativismo\u201d, moderador: CPN Carlos P. P\u00e9rez (UNLu), en el mismo lugar. Incluye \u201cHerramientas de fortalecimiento de empresas recuperadas\u201d por Carmelo Pernicone (Ministerio de la Producci\u00f3n), \u201cCooperativas de Trabajo\u201d por Jaime M\u00e9ndez y Germ\u00e1n Quinteros (Municipio de San Miguel), y \u201cExperiencias de Autogesti\u00f3n\u201d por el Arq. Alfredo Omar Rebalder\u00eda (C\u00e1mara de Comercio e Industria del Partido de San Miguel).<\/p>\n<p style=\"text-align: justify;\">* 17.15 a 18, Mesa 8: \u201cExperiencias de desarrollo en la regi\u00f3n\u201d, moderadora: Lic. Florencia Crocci (UNLu), en el mismo lugar. Incluye \u201cPrograma de incorporaci\u00f3n laboral entre la UIC y Oficina de Empleo del Municipio de Campana\u201d por Ignacio Tolassi (Municipio de Campana), \u201cEmpleo y Turismo\u201d por Sebasti\u00e1n Miglioranza (Municipio de Luj\u00e1n), y \u201cExperiencias de Desarrollo Territorial\u201d por el Ing. Ignacio Tirelli (Centro IDEB Moreno).<\/p>\n<p style=\"text-align: justify;\">* 18 a 19, Reuni\u00f3n 1: \u201cRonda de Empresarios\u201d, con representantes de Cartocor, Techint, CIA Industrial Cervecera, Praxair Argentina SRL, Mastellone Hnos. y OSDE. Moderadora Elvira Troche (SUEP &#8211; UNLu), en el mismo lugar.<\/p>\n<p style=\"text-align: justify;\">* 13 a 14.30, Mesa 9: \u201cPol\u00edticas sociales y de promoci\u00f3n del empleo\u201d, moderador: Mar\u00eda Freier (PROGRAMA CEA \u2013 OIT), en el Aula A del Edificio del Departamento de Ciencias Sociales. Incluye \u201cLos planes de empleo PRE.BA\u201d por el Dr. Eduardo Irigoyte y el Cdor. Juli\u00e1n Sobral D\u2019El\u00eda (Ministerio de Trabajo), \u201cPrograma J\u00f3venes con M\u00e1s y Mejor Trabajo\u201d por Mat\u00edas Barroetave\u00f1a (MTEySS), \u201cPrograma PNUD para la Inclusi\u00f3n social y laboral para j\u00f3venes bonaerenses\u201d, por la Lic. Cecilia Nogueira (Ministerio de Trabajo) y \u201cPNUD. Pol\u00edticas sociales nacionales\u201d, por el Preof. Mauricio Molinero (ANSES).<\/p>\n<p style=\"text-align: justify;\">\n<p style=\"text-align: justify;\">* 15 a 17, Mesa 10: \u201cHerramientas para el desarrollo productivo\u201d, moderador Lic. Pablo Sela (UNLu), en el mismo lugar. Incluye \u201cProgramas Fuerza Productiva, Experiencia Pyme, B.A. Innova, CFI y FOGABA\u201d por Nicol\u00e1s Engel (Ministerio de la Producci\u00f3n), \u201cRegistro Provincial de MIPyME\u201d, por Antonio Mu\u00f1\u00edz (Ministerio de la Producci\u00f3n), \u201cAgencias de Desarrollo, Incubadoras de Empresas y Polos Tecnol\u00f3gicos\u201d por Cristian Westmuller, Carolina Blanco y Marcela Kadjco (Ministerio de la Producci\u00f3n), \u201cMecanismos de promoci\u00f3n de exportaciones\u201d, por el Lic. Eduardo Canale (Ministerio de la Producci\u00f3n de la Provincia de Buenos Aires), \u201cHerramientas de Promoci\u00f3n Industrial\u201d por Horacio Pacheco (Ministerio de la Producci\u00f3n) y \u201cPrograma Banca PYME\u201d, por Jorge Alberto Aguilar, Agust\u00edn Farola, Mart\u00edn Sacrist\u00e1n y Mar\u00eda Eugenia Peri Galindo (Banco Provincia de Buenos Aires).<\/p>\n<p style=\"text-align: justify;\">* 17 a 17.45, Mesa 11: \u201cEl rol de las TIC`s\u201d, moderador Lic. Miguel N\u00fa\u00f1ez (UNLu), en el mismo lugar. Incluye \u201cPrograma de Modernizaci\u00f3n Tecnol\u00f3gica para PyME\u2019s\u201d por Alberto Briozzo y Guillermo Reale (CIC), \u201c\u00c1mbitos de Innovaci\u00f3n en la Provincia de Buenos Aires: Incubadoras de empresas, Parques y Polos Tecnol\u00f3gicos\u201d por el Ing. Carlos Gianella, Ariel Notta y Esteban Cassin (CIC).<\/p>\n<p style=\"text-align: justify;\">\n<p style=\"text-align: justify;\">* 18 a 19, Reuni\u00f3n 2: \u201cResponsabilidad Social. Articulaci\u00f3n P\u00fablico\u2013Privada para el Desarrollo Local\u201d con la Lic. Susana Finger (Jefatura de Gabinete de Ministros), Rafael Vel\u00e1zquez (Proyecto PACEF) y el Lic. Jorge Elbaum (DAIA), en el mismo lugar.<\/p>\n<p style=\"text-align: justify;\">* 13 a 13.45, Taller 3: \u201cLa importancia de las estad\u00edsticas p\u00fablicas para generar diagn\u00f3sticos y planificar estrat\u00e9gicamente las pol\u00edticas de empleo: la Encuesta de Indicadores del Mercado de Trabajo en Municipios (EIMTM)\u201d, por la Lic. Erica Farcic (Ministerio de Trabajo) en el Aula B, 1\u00ba Piso del Edificio del Departamento de Educaci\u00f3n.<\/p>\n<p style=\"text-align: justify;\">* 14.15 a 15, Reuni\u00f3n 3: \u201cFormaci\u00f3n y Empleo P\u00fablico. Capacitarse en la Administraci\u00f3n P\u00fablica Provincial\u201d por la Lic. Virginia Martini (IPAP), en el mismo lugar.<\/p>\n<p style=\"text-align: justify;\">* 15.30 a 16.15, Mesa 12: \u201cEducaci\u00f3n y Trabajo 2\u201d, moderador y comentarios: Dr. Julio Testa (CEIL &#8211; PIETTE del CONICET y UNLu), en el mismo lugar. Incluye \u201cLa formaci\u00f3n continua en el marco de las pol\u00edticas activas de Empleo\u201d por M\u00f3nica Sladogna (MTEySS), \u201cLa capacitaci\u00f3n de trabajadores y desocupados en \u00e1reas disciplinarias espec\u00edficas\u201d por Alicia Gallo (UNLu), y \u201cArticulaci\u00f3n Escuela-Empresa\u201d por el Lic. Ricardo S\u00e1nchez (Agencia de Desarrollo Campana).<\/p>\n<p style=\"text-align: justify;\">* 16.30 a 19, Taller 4: \u201cCine Debate\u201d, moderador: Federico Paradela (Ministerio de Trabajo), en el mismo lugar.<\/p>\n<p style=\"text-align: justify;\">M\u00e1s informaci\u00f3n en la Secretaria de Asuntos Estudiantiles y Bienestar Universitario, y en el Servicio Universitario de Empleos y Pasant\u00edas (SUEP), suep@unlu.edu.ar, te. 02323-423171, int. 216.<\/p>\n<p style=\"text-align: justify;\">P\u00e1gina web del evento: www.expoempleounlu.com.ar \/ www.expoempleo2010.unlu.edu.ar<\/p>\n<p style=\"text-align: justify;\">\n","protected":false},"excerpt":{"rendered":"<p>La Universidad Nacional de Luj\u00e1n ser\u00e1 sede de la Primera Expo Regional de Empleo y Trabajo, de car\u00e1cter p\u00fablico y &#8230; <a title=\"Comienza la Primera Expo Regional de Empleo y Trabajo Luj\u00e1n 2010 en la UNLu\" class=\"read-more\" href=\"https:\/\/www.hoymercedes.com.ar\/principal\/2010\/11\/18\/comienza-la-primera-expo-regional-de-empleo-y-trabajo-lujan-2010-en-la-unlu\/\" aria-label=\"Leer m\u00e1s sobre Comienza la Primera Expo Regional de Empleo y Trabajo Luj\u00e1n 2010 en la UNLu\">Leer m\u00e1s<\/a><\/p>\n","protected":false},"author":1,"featured_media":0,"comment_status":"open","ping_status":"open","sticky":false,"template":"","format":"standard","meta":{"_monsterinsights_skip_tracking":false,"_monsterinsights_sitenote_active":false,"_monsterinsights_sitenote_note":"","_monsterinsights_sitenote_category":0,"jetpack_post_was_ever_published":false,"_jetpack_newsletter_access":"","_jetpack_dont_email_post_to_subs":false,"_jetpack_newsletter_tier_id":0,"_jetpack_memberships_contains_paywalled_content":false,"_jetpack_memberships_contains_paid_content":false,"footnotes":"","jetpack_publicize_message":"","jetpack_publicize_feature_enabled":true,"jetpack_social_post_already_shared":false,"jetpack_social_options":{"image_generator_settings":{"template":"highway","default_image_id":0,"font":"","enabled":false},"version":2},"_wpas_customize_per_network":false},"categories":[23],"tags":[98,54],"class_list":["post-404","post","type-post","status-publish","format-standard","hentry","category-educacion","tag-expoempleo","tag-unlu","generate-columns","tablet-grid-50","mobile-grid-100","grid-parent","grid-50"],"jetpack_publicize_connections":[],"jetpack_featured_media_url":"","wps_subtitle":"","jetpack_sharing_enabled":true,"_links":{"self":[{"href":"https:\/\/www.hoymercedes.com.ar\/principal\/wp-json\/wp\/v2\/posts\/404","targetHints":{"allow":["GET"]}}],"collection":[{"href":"https:\/\/www.hoymercedes.com.ar\/principal\/wp-json\/wp\/v2\/posts"}],"about":[{"href":"https:\/\/www.hoymercedes.com.ar\/principal\/wp-json\/wp\/v2\/types\/post"}],"author":[{"embeddable":true,"href":"https:\/\/www.hoymercedes.com.ar\/principal\/wp-json\/wp\/v2\/users\/1"}],"replies":[{"embeddable":true,"href":"https:\/\/www.hoymercedes.com.ar\/principal\/wp-json\/wp\/v2\/comments?post=404"}],"version-history":[{"count":0,"href":"https:\/\/www.hoymercedes.com.ar\/principal\/wp-json\/wp\/v2\/posts\/404\/revisions"}],"wp:attachment":[{"href":"https:\/\/www.hoymercedes.com.ar\/principal\/wp-json\/wp\/v2\/media?parent=404"}],"wp:term":[{"taxonomy":"category","embeddable":true,"href":"https:\/\/www.hoymercedes.com.ar\/principal\/wp-json\/wp\/v2\/categories?post=404"},{"taxonomy":"post_tag","embeddable":true,"href":"https:\/\/www.hoymercedes.com.ar\/principal\/wp-json\/wp\/v2\/tags?post=404"}],"curies":[{"name":"wp","href":"https:\/\/api.w.org\/{rel}","templated":true}]}}