{"id":40415,"date":"2015-03-28T17:51:41","date_gmt":"2015-03-28T20:51:41","guid":{"rendered":"http:\/\/www.hoymercedes.com.ar\/principal\/?p=40415"},"modified":"2015-03-28T18:00:19","modified_gmt":"2015-03-28T21:00:19","slug":"ustarroz-desde-la-unidad-podemos-trabajar-pensando-en-mercedes","status":"publish","type":"post","link":"https:\/\/www.hoymercedes.com.ar\/principal\/2015\/03\/28\/ustarroz-desde-la-unidad-podemos-trabajar-pensando-en-mercedes\/","title":{"rendered":"Ustarroz: \u00abDesde la unidad podemos trabajar pensando en Mercedes\u00bb"},"content":{"rendered":"<p><a href=\"https:\/\/www.hoymercedes.com.ar\/principal\/wp-content\/uploads\/2015\/03\/ustarroz-randazzo.jpg\"><img loading=\"lazy\" decoding=\"async\" data-attachment-id=\"40418\" data-permalink=\"https:\/\/www.hoymercedes.com.ar\/principal\/2015\/03\/28\/ustarroz-desde-la-unidad-podemos-trabajar-pensando-en-mercedes\/ustarroz-randazzo-2\/#main\" data-orig-file=\"https:\/\/www.hoymercedes.com.ar\/principal\/wp-content\/uploads\/2015\/03\/ustarroz-randazzo.jpg\" data-orig-size=\"620,413\" data-comments-opened=\"1\" data-image-meta=\"{&quot;aperture&quot;:&quot;0&quot;,&quot;credit&quot;:&quot;SEBASTIAN_AMBROSSIO&quot;,&quot;camera&quot;:&quot;&quot;,&quot;caption&quot;:&quot;&quot;,&quot;created_timestamp&quot;:&quot;0&quot;,&quot;copyright&quot;:&quot;Sebastian Ambrossio_&quot;,&quot;focal_length&quot;:&quot;0&quot;,&quot;iso&quot;:&quot;0&quot;,&quot;shutter_speed&quot;:&quot;0&quot;,&quot;title&quot;:&quot;&quot;,&quot;orientation&quot;:&quot;0&quot;}\" data-image-title=\"ustarroz-randazzo\" data-image-description=\"\" data-image-caption=\"\" data-large-file=\"https:\/\/www.hoymercedes.com.ar\/principal\/wp-content\/uploads\/2015\/03\/ustarroz-randazzo.jpg\" class=\"Img2014 aligncenter wp-image-40418 size-full\" src=\"https:\/\/www.hoymercedes.com.ar\/principal\/wp-content\/uploads\/2015\/03\/ustarroz-randazzo.jpg\" alt=\"ustarroz-randazzo\" width=\"620\" height=\"413\" \/><\/a><\/p>\n<p><em><strong>El presidente del bloque de concejales del Frente Mercedino para la Victoria, Juan Ignacio Ustarroz, destac\u00f3 \u201cla unidad\u201d reflejada en el acto en La Trocha, \u201cporque ese es el punto de partida para trabajar siempre por nuestra ciudad\u201d.<\/strong><\/em><\/p>\n<p>\u201cCelebro este d\u00eda hermoso, con la presencia del ministro Randazzo; celebro esto, que es un acontecimiento<\/p>\n<p>hist\u00f3rico para el pueblo de Mercedes; y celebro la unidad, porque es as\u00ed como se debe trabajar pensando siempre en la ciudad\u201d, apunt\u00f3 Ustarroz, en referencia a la participaci\u00f3n en el encuentro del intendente, Carlos Selva.<\/p>\n<p>Juani record\u00f3 \u201cel proceso de trabajo y recuperaci\u00f3n\u201d que se hizo en el predio de la vieja estaci\u00f3n Trocha, \u201ccon Fernando Luna desde su FM Vida, un proyecto cultural con el que le puso el cuerpo para que esto no quedara en el olvido; con la Asociaci\u00f3n Amigos del Belgrano y su trabajo incansable desde la d\u00e9cada del 90, cuando el Estado se ausent\u00f3 y sac\u00f3 la vida de este lugar; y ahora con los cooperativistas de Argentina Trabaja\u201d.<\/p>\n<p>\u201cRecuerdo como si fuera ayer un d\u00eda de 2012, cuando una vecina frentista del barrio hizo uso de la banca participativa para denunciar un intento de violaci\u00f3n aqu\u00ed mismo, en este predio que era un s\u00edmbolo del abandono \u2013agreg\u00f3-. Ac\u00e1 todo era maleza y oscuridad. Hoy, gracias al trabajo de much\u00edsimos mercedinos, se logr\u00f3 limpiar todo este espacio p\u00fablico, se logr\u00f3 iluminar, se logr\u00f3 realizar eventos culturales y populares, se logr\u00f3 un lugar para que los productores y artesanos de la ciudad puedan exhibir su trabajo\u201d.<\/p>\n<p>Ustarroz, con los equipos del Frente Mercedino, se pusieron al frente de las gestiones para la recuperaci\u00f3n del predio, y en efecto el espacio cobr\u00f3 vida nuevamente. En la memoria colectiva de la ciudad quedan todav\u00eda grabados los festivales por los que pasaron, por ejemplo, el Chango Spasiuk, Soledad Pastorutti (La Sole), La Bomba de Tiempo, Horacio Guarany y decenas de artistas y bandas de nuestra ciudad.<\/p>\n<p>\u201cEs hermoso pasar los fines de semana por ac\u00e1 y ver familias enteras con el mate, con sus sillas, con sus reposeras, disfrutando de un lugar que es para todos\u201d; asegur\u00f3 Ustarroz.<\/p>\n<p>Y sigui\u00f3: \u201cEsto no es de un partido pol\u00edtico. Esto es de todos los mercedinos, y las obras de recperaci\u00f3n que hoy vino a anunciar el ministro Randazzo forman parte de una pol\u00edtica p\u00fablica impulsada por el gobierno nacional pensando en el conjunto de los argentinos\u201d.<\/p>\n<p>Juani tuvo tambi\u00e9n palabras de elogio hacia la figura de Randazzo: \u201cEs un orgullo y una satisfacci\u00f3n tenerlo a Florencio ac\u00e1, en nuestra ciudad, contribuyendo para que los mercedinos podamos recuperar parte del patrimonio hist\u00f3rico y cultural. Desde el Frente nosotros insistimos permanentemente en esa idea, la de preservar nuestra identidad\u201d.<\/p>\n<p>\u201cLa gesti\u00f3n de Florencio, adem\u00e1s, nos permite decir que esta obra, como se anuncia, va a estar terminada en 120 d\u00edas. Porque el ministro est\u00e1 del lado del pueblo, como lo est\u00e1 el gobierno nacional; y porque tenemos constancia de su eficiencia, como es el ejemplo de los DNI: en una reuni\u00f3n le ped\u00ed la posibilidad de ayudar al Registro Civil, porque la gente ten\u00eda que hacer cola desde las cinco de la ma\u00f1ana y a veces ni siquiera ten\u00edan turno, y al otro d\u00eda ten\u00edamos una terminal instalada en la ANSES\u201d, record\u00f3.<\/p>\n<p>\u201cHoy \u2013concluy\u00f3-, contamos con otras dos terminales en la UDAI y renovamos m\u00e1s de 150 DNI por d\u00eda, adem\u00e1s de los puestos m\u00f3viles que Randazzo nos env\u00eda como refuerzo y que por esos d\u00edas est\u00e1n por distintos barrios de nuestra ciudad. Eso nos asegura que en el plazo indicado, los mercedinos podremos volver a recuperar el orgullo por la Trocha\u201d.<\/p>\n<p>&nbsp;<\/p>\n<p>&nbsp;<\/p>\n<p>&nbsp;<\/p>\n","protected":false},"excerpt":{"rendered":"<p>El presidente del bloque de concejales del Frente Mercedino para la Victoria, Juan Ignacio Ustarroz, destac\u00f3 \u201cla unidad\u201d reflejada en &#8230; <a title=\"Ustarroz: \u00abDesde la unidad podemos trabajar pensando en Mercedes\u00bb\" class=\"read-more\" href=\"https:\/\/www.hoymercedes.com.ar\/principal\/2015\/03\/28\/ustarroz-desde-la-unidad-podemos-trabajar-pensando-en-mercedes\/\" aria-label=\"Leer m\u00e1s sobre Ustarroz: \u00abDesde la unidad podemos trabajar pensando en Mercedes\u00bb\">Leer m\u00e1s<\/a><\/p>\n","protected":false},"author":1,"featured_media":0,"comment_status":"open","ping_status":"open","sticky":false,"template":"","format":"standard","meta":{"_monsterinsights_skip_tracking":false,"_monsterinsights_sitenote_active":false,"_monsterinsights_sitenote_note":"","_monsterinsights_sitenote_category":0,"jetpack_post_was_ever_published":false,"_jetpack_newsletter_access":"","_jetpack_dont_email_post_to_subs":false,"_jetpack_newsletter_tier_id":0,"_jetpack_memberships_contains_paywalled_content":false,"_jetpack_memberships_contains_paid_content":false,"footnotes":"","jetpack_publicize_message":"","jetpack_publicize_feature_enabled":true,"jetpack_social_post_already_shared":true,"jetpack_social_options":{"image_generator_settings":{"template":"highway","default_image_id":0,"font":"","enabled":false},"version":2},"_wpas_customize_per_network":false},"categories":[5],"tags":[585,7106],"class_list":["post-40415","post","type-post","status-publish","format-standard","hentry","category-politica","tag-juan-ustarroz","tag-randazzo-en-mercedes","generate-columns","tablet-grid-50","mobile-grid-100","grid-parent","grid-50"],"jetpack_publicize_connections":[],"jetpack_featured_media_url":"","wps_subtitle":"Tras visita de Randazzo","jetpack_sharing_enabled":true,"jetpack-related-posts":[{"id":187779,"url":"https:\/\/www.hoymercedes.com.ar\/principal\/2025\/09\/10\/banco-provincia-celebro-sus-203-anos-en-la-trocha\/","url_meta":{"origin":40415,"position":0},"title":"Banco Provincia celebro sus 203 a\u00f1os en La Trocha","author":"hoymercedes","date":"10 septiembre, 2025","format":false,"excerpt":"Con una gran fiesta familiar se conmemor\u00f3 los 203 a\u00f1os del Banco Provincia tambi\u00e9n en Mercedes. Lo hizo con un festival que recorre distintas localidades bonaerenses y la nuestra fue una de las elegidas. Estuvo presente en Intendente Juani Ustarroz, el pendiente de Bapro Juan Cuattromo, entre otros. \u201cEstamos agradecidos\u2026","rel":"","context":"En \u00abSociedad\u00bb","block_context":{"text":"Sociedad","link":"https:\/\/www.hoymercedes.com.ar\/principal\/category\/sociedad\/"},"img":{"alt_text":"Banco Provincia celebro sus 203 a\u00f1os en La Trocha","src":"https:\/\/i0.wp.com\/www.hoymercedes.com.ar\/principal\/wp-content\/uploads\/2025\/09\/Bapro-I.jpg?resize=350%2C200&ssl=1","width":350,"height":200,"srcset":"https:\/\/i0.wp.com\/www.hoymercedes.com.ar\/principal\/wp-content\/uploads\/2025\/09\/Bapro-I.jpg?resize=350%2C200&ssl=1 1x, https:\/\/i0.wp.com\/www.hoymercedes.com.ar\/principal\/wp-content\/uploads\/2025\/09\/Bapro-I.jpg?resize=525%2C300&ssl=1 1.5x, https:\/\/i0.wp.com\/www.hoymercedes.com.ar\/principal\/wp-content\/uploads\/2025\/09\/Bapro-I.jpg?resize=700%2C400&ssl=1 2x, https:\/\/i0.wp.com\/www.hoymercedes.com.ar\/principal\/wp-content\/uploads\/2025\/09\/Bapro-I.jpg?resize=1050%2C600&ssl=1 3x"},"classes":[]},{"id":138287,"url":"https:\/\/www.hoymercedes.com.ar\/principal\/2021\/10\/05\/el-centro-de-dia-celebro-3-anos\/","url_meta":{"origin":40415,"position":1},"title":"El Centro de D\u00eda celebr\u00f3 3 a\u00f1os","author":"hoymercedes","date":"5 octubre, 2021","format":false,"excerpt":"En un nuevo aniversario de la creaci\u00f3n del Centro de D\u00eda de Mercedes que tiene como fin atender a pacientes con problem\u00e1ticas en materia de salud mental y adicciones. El espacio de atenci\u00f3n de calle 36, celebr\u00f3 su aniversario con un acto en la v\u00eda p\u00fablica que cont\u00f3 con la\u2026","rel":"","context":"En \u00abMunicipio\u00bb","block_context":{"text":"Municipio","link":"https:\/\/www.hoymercedes.com.ar\/principal\/category\/municipio\/"},"img":{"alt_text":"","src":"https:\/\/i0.wp.com\/www.hoymercedes.com.ar\/principal\/wp-content\/uploads\/2021\/10\/DSC05608.jpg?resize=350%2C200&ssl=1","width":350,"height":200,"srcset":"https:\/\/i0.wp.com\/www.hoymercedes.com.ar\/principal\/wp-content\/uploads\/2021\/10\/DSC05608.jpg?resize=350%2C200&ssl=1 1x, https:\/\/i0.wp.com\/www.hoymercedes.com.ar\/principal\/wp-content\/uploads\/2021\/10\/DSC05608.jpg?resize=525%2C300&ssl=1 1.5x, https:\/\/i0.wp.com\/www.hoymercedes.com.ar\/principal\/wp-content\/uploads\/2021\/10\/DSC05608.jpg?resize=700%2C400&ssl=1 2x"},"classes":[]},{"id":141580,"url":"https:\/\/www.hoymercedes.com.ar\/principal\/2021\/12\/17\/intendente-ustarroz-junto-a-docentes-y-directivos-analizan-infraestructua-escolar-2022\/","url_meta":{"origin":40415,"position":2},"title":"Intendente Ustarroz junto a docentes y directivos analizan infraestructua escolar 2022","author":"hoymercedes","date":"17 diciembre, 2021","format":false,"excerpt":"Durante una nueva reuni\u00f3n con educadoras y educadores, en el Complejo Cultura La Trocha, se efectu\u00f3 la presentaci\u00f3n de diferentes obras de infraestructura que se realizar\u00e1n en la ciudad, por parte del Municipio de Mercedes, donde el intendente Juan Ignacio Ustarroz manifest\u00f3 \u201ctener mejores instituciones, espacios p\u00fablicos, creo que va\u2026","rel":"","context":"En \u00abEducaci\u00f3n\u00bb","block_context":{"text":"Educaci\u00f3n","link":"https:\/\/www.hoymercedes.com.ar\/principal\/category\/educacion\/"},"img":{"alt_text":"","src":"https:\/\/i0.wp.com\/www.hoymercedes.com.ar\/principal\/wp-content\/uploads\/2021\/12\/90-1.jpeg?resize=350%2C200&ssl=1","width":350,"height":200,"srcset":"https:\/\/i0.wp.com\/www.hoymercedes.com.ar\/principal\/wp-content\/uploads\/2021\/12\/90-1.jpeg?resize=350%2C200&ssl=1 1x, https:\/\/i0.wp.com\/www.hoymercedes.com.ar\/principal\/wp-content\/uploads\/2021\/12\/90-1.jpeg?resize=525%2C300&ssl=1 1.5x, https:\/\/i0.wp.com\/www.hoymercedes.com.ar\/principal\/wp-content\/uploads\/2021\/12\/90-1.jpeg?resize=700%2C400&ssl=1 2x, https:\/\/i0.wp.com\/www.hoymercedes.com.ar\/principal\/wp-content\/uploads\/2021\/12\/90-1.jpeg?resize=1050%2C600&ssl=1 3x"},"classes":[]},{"id":101772,"url":"https:\/\/www.hoymercedes.com.ar\/principal\/2019\/10\/26\/club-trocha-es-toda-alegria-con-sus-nuevos-vestuarios\/","url_meta":{"origin":40415,"position":3},"title":"Club Trocha es toda alegr\u00eda con sus nuevos vestuarios","author":"hoymercedes","date":"26 octubre, 2019","format":false,"excerpt":"Club Atl\u00e9tico Trocha celebr\u00f3 este s\u00e1bado un gran avance. Ya cuenta con nuevos vestuarios en el predio de calle 15 entre 40 y 42. All\u00ed se vivi\u00f3 una fiesta con sus jugadoras que luego del acto disputaron un partido. Los vestuarios han sido, adem\u00e1s, denominados H\u00e9ctor Munarriz y H\u00e9ctor Giacoy,\u2026","rel":"","context":"En \u00abDeportes\u00bb","block_context":{"text":"Deportes","link":"https:\/\/www.hoymercedes.com.ar\/principal\/category\/deportes\/"},"img":{"alt_text":"","src":"https:\/\/i0.wp.com\/www.hoymercedes.com.ar\/principal\/wp-content\/uploads\/2019\/10\/Trocha-Vestuaruos-2019.3.jpeg?resize=350%2C200&ssl=1","width":350,"height":200,"srcset":"https:\/\/i0.wp.com\/www.hoymercedes.com.ar\/principal\/wp-content\/uploads\/2019\/10\/Trocha-Vestuaruos-2019.3.jpeg?resize=350%2C200&ssl=1 1x, https:\/\/i0.wp.com\/www.hoymercedes.com.ar\/principal\/wp-content\/uploads\/2019\/10\/Trocha-Vestuaruos-2019.3.jpeg?resize=525%2C300&ssl=1 1.5x, https:\/\/i0.wp.com\/www.hoymercedes.com.ar\/principal\/wp-content\/uploads\/2019\/10\/Trocha-Vestuaruos-2019.3.jpeg?resize=700%2C400&ssl=1 2x, https:\/\/i0.wp.com\/www.hoymercedes.com.ar\/principal\/wp-content\/uploads\/2019\/10\/Trocha-Vestuaruos-2019.3.jpeg?resize=1050%2C600&ssl=1 3x"},"classes":[]},{"id":185927,"url":"https:\/\/www.hoymercedes.com.ar\/principal\/2025\/07\/06\/excelente-inicio-del-nuevo-ciclo-de-la-previa-tropical-en-la-trocha\/","url_meta":{"origin":40415,"position":4},"title":"Excelente inicio del nuevo ciclo de \u201cLa previa\u201d tropical en La Trocha","author":"hoymercedes","date":"6 julio, 2025","format":false,"excerpt":"Un nuevo ciclo musical inici\u00f3 con un acompa\u00f1amiento de p\u00fablico que \u201cgratamente super\u00f3 nuestras expectativas\u201d, tal como afirmaron desde la organizaci\u00f3n. Hubo bandas en vivo y autogesti\u00f3n por parte de la articulaci\u00f3n entre la Comisi\u00f3n de Cumbia Mercedes y la Direcci\u00f3n de Cultura. La primera fecha cont\u00f3 con la participaci\u00f3n\u2026","rel":"","context":"En \u00abCultura\u00bb","block_context":{"text":"Cultura","link":"https:\/\/www.hoymercedes.com.ar\/principal\/category\/cultura\/"},"img":{"alt_text":"Excelente inicio del nuevo ciclo de \u201cLa previa\u201d tropical en La Trocha","src":"https:\/\/i0.wp.com\/www.hoymercedes.com.ar\/principal\/wp-content\/uploads\/2025\/07\/C4.jpg?resize=350%2C200&ssl=1","width":350,"height":200,"srcset":"https:\/\/i0.wp.com\/www.hoymercedes.com.ar\/principal\/wp-content\/uploads\/2025\/07\/C4.jpg?resize=350%2C200&ssl=1 1x, https:\/\/i0.wp.com\/www.hoymercedes.com.ar\/principal\/wp-content\/uploads\/2025\/07\/C4.jpg?resize=525%2C300&ssl=1 1.5x, https:\/\/i0.wp.com\/www.hoymercedes.com.ar\/principal\/wp-content\/uploads\/2025\/07\/C4.jpg?resize=700%2C400&ssl=1 2x, https:\/\/i0.wp.com\/www.hoymercedes.com.ar\/principal\/wp-content\/uploads\/2025\/07\/C4.jpg?resize=1050%2C600&ssl=1 3x"},"classes":[]},{"id":156130,"url":"https:\/\/www.hoymercedes.com.ar\/principal\/2022\/12\/04\/mercado-sustentable-celebro-su-4o-aniversario\/","url_meta":{"origin":40415,"position":5},"title":"Mercado Sustentable celebr\u00f3 su 4\u00ba aniversario","author":"hoymercedes","date":"4 diciembre, 2022","format":false,"excerpt":"El Mercado Sustentable cumpli\u00f3 cuatro a\u00f1os. Fue con una gran jornada en La Trocha donde se acert\u00f3 una amplia cantidad de vecinos y vecinas. Hubo m\u00fasica en vivo y sorpresas, pero, especialmente, la producci\u00f3n local, estrella de las convocatorias quincenales. \u201cEl Mercado es un gran ejemplo. Naci\u00f3 como una propuesta\u2026","rel":"","context":"En \u00abSociedad\u00bb","block_context":{"text":"Sociedad","link":"https:\/\/www.hoymercedes.com.ar\/principal\/category\/sin-categoria\/"},"img":{"alt_text":"","src":"https:\/\/i0.wp.com\/www.hoymercedes.com.ar\/principal\/wp-content\/uploads\/2022\/12\/MercadoSustentable.1.jpg?resize=350%2C200&ssl=1","width":350,"height":200},"classes":[]}],"_links":{"self":[{"href":"https:\/\/www.hoymercedes.com.ar\/principal\/wp-json\/wp\/v2\/posts\/40415","targetHints":{"allow":["GET"]}}],"collection":[{"href":"https:\/\/www.hoymercedes.com.ar\/principal\/wp-json\/wp\/v2\/posts"}],"about":[{"href":"https:\/\/www.hoymercedes.com.ar\/principal\/wp-json\/wp\/v2\/types\/post"}],"author":[{"embeddable":true,"href":"https:\/\/www.hoymercedes.com.ar\/principal\/wp-json\/wp\/v2\/users\/1"}],"replies":[{"embeddable":true,"href":"https:\/\/www.hoymercedes.com.ar\/principal\/wp-json\/wp\/v2\/comments?post=40415"}],"version-history":[{"count":0,"href":"https:\/\/www.hoymercedes.com.ar\/principal\/wp-json\/wp\/v2\/posts\/40415\/revisions"}],"wp:attachment":[{"href":"https:\/\/www.hoymercedes.com.ar\/principal\/wp-json\/wp\/v2\/media?parent=40415"}],"wp:term":[{"taxonomy":"category","embeddable":true,"href":"https:\/\/www.hoymercedes.com.ar\/principal\/wp-json\/wp\/v2\/categories?post=40415"},{"taxonomy":"post_tag","embeddable":true,"href":"https:\/\/www.hoymercedes.com.ar\/principal\/wp-json\/wp\/v2\/tags?post=40415"}],"curies":[{"name":"wp","href":"https:\/\/api.w.org\/{rel}","templated":true}]}}