{"id":40428,"date":"2015-03-28T22:16:12","date_gmt":"2015-03-29T01:16:12","guid":{"rendered":"http:\/\/www.hoymercedes.com.ar\/principal\/?p=40428"},"modified":"2015-03-28T22:16:12","modified_gmt":"2015-03-29T01:16:12","slug":"participacion-mercedina-en-multitudinario-plenario-massista","status":"publish","type":"post","link":"https:\/\/www.hoymercedes.com.ar\/principal\/2015\/03\/28\/participacion-mercedina-en-multitudinario-plenario-massista\/","title":{"rendered":"Participaci\u00f3n mercedina en multitudinario plenario massista"},"content":{"rendered":"<p><a href=\"https:\/\/www.hoymercedes.com.ar\/principal\/wp-content\/uploads\/2015\/03\/ActoMassa-SanMartin.jpg\"><img loading=\"lazy\" decoding=\"async\" data-attachment-id=\"40429\" data-permalink=\"https:\/\/www.hoymercedes.com.ar\/principal\/2015\/03\/28\/participacion-mercedina-en-multitudinario-plenario-massista\/actomassa-sanmartin\/#main\" data-orig-file=\"https:\/\/www.hoymercedes.com.ar\/principal\/wp-content\/uploads\/2015\/03\/ActoMassa-SanMartin.jpg\" data-orig-size=\"620,413\" data-comments-opened=\"1\" data-image-meta=\"{&quot;aperture&quot;:&quot;0&quot;,&quot;credit&quot;:&quot;&quot;,&quot;camera&quot;:&quot;&quot;,&quot;caption&quot;:&quot;&quot;,&quot;created_timestamp&quot;:&quot;0&quot;,&quot;copyright&quot;:&quot;&quot;,&quot;focal_length&quot;:&quot;0&quot;,&quot;iso&quot;:&quot;0&quot;,&quot;shutter_speed&quot;:&quot;0&quot;,&quot;title&quot;:&quot;&quot;,&quot;orientation&quot;:&quot;0&quot;}\" data-image-title=\"ActoMassa-SanMartin\" data-image-description=\"\" data-image-caption=\"\" data-large-file=\"https:\/\/www.hoymercedes.com.ar\/principal\/wp-content\/uploads\/2015\/03\/ActoMassa-SanMartin.jpg\" class=\"Img2014 aligncenter wp-image-40429 size-full\" title=\"Sabrina Selva, Sergio Massa\" src=\"https:\/\/www.hoymercedes.com.ar\/principal\/wp-content\/uploads\/2015\/03\/ActoMassa-SanMartin.jpg\" alt=\"ActoMassa-SanMartin\" width=\"620\" height=\"413\" \/><\/a><\/p>\n<p><em><strong>Un grupo de mercedino fue parte del plenario del Frente Renovador realizado \u00e9ste s\u00e1bado en San Mart\u00edn donde Sergio Massa ratific\u00f3 su candidatura a la Presidencia de la Naci\u00f3n. Fue en la Sociedad Alemana de Gimnasia de Villa Ballester, en San Mart\u00edn<\/strong><\/em>.<\/p>\n<p>Desde el <strong>Frente Renovador<\/strong> de nuestra ciudad participaron, tal como viene haciendo el intendente Selva desde hace tiempo en las reuniones de mesa chica del espacio pol\u00edtico, pero, en esta ocasi\u00f3n en un multitudinario acto que conglomer\u00f3 seg\u00fan cifras oficiales a cerca de 25.000 personas, al menos as\u00ed lo sostuvo <strong>Massa<\/strong> al afirmar: \u201cesper\u00e1bamos 10 personas vinieron 25 mil. Nos llena de orgullo saber que tantos miles de argentinos depositan la esperanza de que tengamos el coraje de cambiar el pa\u00eds, con un cambio justo e inteligente que necesita la Argentina\u201d.<\/p>\n<p>Fue el lanzamiento del <strong>\u201cComando Provincia de Buenos Aires. Massa presidente\u201d.<\/strong><\/p>\n<p>Los mercedinos, integrantes de la <strong>Agrupaci\u00f3n 17 de Octubre<\/strong> de avenida 30 y que conduce Carlos Selva participaron del encuentro con la consigna \u201cMassa Presidente\u201d. Fueron de la agrupaci\u00f3n y tambi\u00e9n del espacio joven.<\/p>\n<p>La edil S<strong>abrina Selva<\/strong> aprovech\u00f3 la red social Twitter para remarcar la presencia y enarbolar uno de los mensajes del d\u00eda: \u201c#elcambiojusto\u201d en alusi\u00f3n a la postulaci\u00f3n y adhesi\u00f3n al tigrense.<\/p>\n<p>&nbsp;<\/p>\n<p>&nbsp;<\/p>\n<p>&nbsp;<\/p>\n","protected":false},"excerpt":{"rendered":"<p>Un grupo de mercedino fue parte del plenario del Frente Renovador realizado \u00e9ste s\u00e1bado en San Mart\u00edn donde Sergio Massa &#8230; <a title=\"Participaci\u00f3n mercedina en multitudinario plenario massista\" class=\"read-more\" href=\"https:\/\/www.hoymercedes.com.ar\/principal\/2015\/03\/28\/participacion-mercedina-en-multitudinario-plenario-massista\/\" aria-label=\"Leer m\u00e1s sobre Participaci\u00f3n mercedina en multitudinario plenario massista\">Leer m\u00e1s<\/a><\/p>\n","protected":false},"author":1,"featured_media":0,"comment_status":"open","ping_status":"open","sticky":false,"template":"","format":"standard","meta":{"_monsterinsights_skip_tracking":false,"_monsterinsights_sitenote_active":false,"_monsterinsights_sitenote_note":"","_monsterinsights_sitenote_category":0,"jetpack_post_was_ever_published":false,"_jetpack_newsletter_access":"","_jetpack_dont_email_post_to_subs":false,"_jetpack_newsletter_tier_id":0,"_jetpack_memberships_contains_paywalled_content":false,"_jetpack_memberships_contains_paid_content":false,"footnotes":"","jetpack_publicize_message":"","jetpack_publicize_feature_enabled":true,"jetpack_social_post_already_shared":true,"jetpack_social_options":{"image_generator_settings":{"template":"highway","default_image_id":0,"font":"","enabled":false},"version":2},"_wpas_customize_per_network":false},"categories":[8],"tags":[2854,2684],"class_list":["post-40428","post","type-post","status-publish","format-standard","hentry","category-sociedad","tag-sabrina-selva","tag-sergio-massa","generate-columns","tablet-grid-50","mobile-grid-100","grid-parent","grid-50"],"jetpack_publicize_connections":[],"jetpack_featured_media_url":"","wps_subtitle":"#elcambiojusto, afirman","jetpack_sharing_enabled":true,"_links":{"self":[{"href":"https:\/\/www.hoymercedes.com.ar\/principal\/wp-json\/wp\/v2\/posts\/40428","targetHints":{"allow":["GET"]}}],"collection":[{"href":"https:\/\/www.hoymercedes.com.ar\/principal\/wp-json\/wp\/v2\/posts"}],"about":[{"href":"https:\/\/www.hoymercedes.com.ar\/principal\/wp-json\/wp\/v2\/types\/post"}],"author":[{"embeddable":true,"href":"https:\/\/www.hoymercedes.com.ar\/principal\/wp-json\/wp\/v2\/users\/1"}],"replies":[{"embeddable":true,"href":"https:\/\/www.hoymercedes.com.ar\/principal\/wp-json\/wp\/v2\/comments?post=40428"}],"version-history":[{"count":0,"href":"https:\/\/www.hoymercedes.com.ar\/principal\/wp-json\/wp\/v2\/posts\/40428\/revisions"}],"wp:attachment":[{"href":"https:\/\/www.hoymercedes.com.ar\/principal\/wp-json\/wp\/v2\/media?parent=40428"}],"wp:term":[{"taxonomy":"category","embeddable":true,"href":"https:\/\/www.hoymercedes.com.ar\/principal\/wp-json\/wp\/v2\/categories?post=40428"},{"taxonomy":"post_tag","embeddable":true,"href":"https:\/\/www.hoymercedes.com.ar\/principal\/wp-json\/wp\/v2\/tags?post=40428"}],"curies":[{"name":"wp","href":"https:\/\/api.w.org\/{rel}","templated":true}]}}