{"id":40439,"date":"2015-03-30T08:35:58","date_gmt":"2015-03-30T11:35:58","guid":{"rendered":"http:\/\/www.hoymercedes.com.ar\/principal\/?p=40439"},"modified":"2015-03-30T08:37:35","modified_gmt":"2015-03-30T11:37:35","slug":"ajb-acepto-propuesta-salarial-y-se-normaliza-actividad-de-judiciales","status":"publish","type":"post","link":"https:\/\/www.hoymercedes.com.ar\/principal\/2015\/03\/30\/ajb-acepto-propuesta-salarial-y-se-normaliza-actividad-de-judiciales\/","title":{"rendered":"AJB acept\u00f3 propuesta salarial y se normaliza actividad de judiciales"},"content":{"rendered":"<p><a href=\"https:\/\/www.hoymercedes.com.ar\/principal\/wp-content\/uploads\/2015\/03\/AJB-.jpg\"><img loading=\"lazy\" decoding=\"async\" data-attachment-id=\"40440\" data-permalink=\"https:\/\/www.hoymercedes.com.ar\/principal\/2015\/03\/30\/ajb-acepto-propuesta-salarial-y-se-normaliza-actividad-de-judiciales\/ajb\/#main\" data-orig-file=\"https:\/\/www.hoymercedes.com.ar\/principal\/wp-content\/uploads\/2015\/03\/AJB-.jpg\" data-orig-size=\"620,280\" data-comments-opened=\"1\" data-image-meta=\"{&quot;aperture&quot;:&quot;0&quot;,&quot;credit&quot;:&quot;&quot;,&quot;camera&quot;:&quot;&quot;,&quot;caption&quot;:&quot;&quot;,&quot;created_timestamp&quot;:&quot;0&quot;,&quot;copyright&quot;:&quot;&quot;,&quot;focal_length&quot;:&quot;0&quot;,&quot;iso&quot;:&quot;0&quot;,&quot;shutter_speed&quot;:&quot;0&quot;,&quot;title&quot;:&quot;&quot;,&quot;orientation&quot;:&quot;0&quot;}\" data-image-title=\"AJB-\" data-image-description=\"\" data-image-caption=\"\" data-large-file=\"https:\/\/www.hoymercedes.com.ar\/principal\/wp-content\/uploads\/2015\/03\/AJB-.jpg\" class=\"Img2014 aligncenter wp-image-40440 size-full\" title=\"Judiciales aceptan propuesta salarial\" src=\"https:\/\/www.hoymercedes.com.ar\/principal\/wp-content\/uploads\/2015\/03\/AJB-.jpg\" alt=\"AJB-\" width=\"620\" height=\"280\" \/><\/a><\/p>\n<p><em><strong>Las asambleas de la AJB aceptaron la \u00faltima propuesta salarial del Poder Ejecutivo, bajo la condici\u00f3n de que se mantenga una diferencia de 4,5% respecto del incremento que recibir\u00e1n los magistrados.<\/strong><\/em><\/p>\n<p>Luego de realizadas las asambleas en las dieciocho departamentales, se resolvi\u00f3 por amplia mayor\u00eda aceptar la \u00faltima oferta salarial que formaliz\u00f3 el \u00a0gobierno bonaerense el pasado mi\u00e9rcoles 25.<\/p>\n<p>Dicha aceptaci\u00f3n \u2013y en consecuencia el cierre del conflicto salarial- se estableci\u00f3 bajo la condici\u00f3n de que el porcentaje de aumento que se asigne a los niveles de magistrados (20 a 23) para todo el per\u00edodo abarcado en esta negociaci\u00f3n, tenga una diferencia igual o mayor a 4,5 puntos porcentuales respecto del incremento acordado con los trabajadores judiciales.<\/p>\n<p>Este condicionamiento fue profundamente debatido a lo largo de todo el conflicto, y obedece a la necesidad de recuperar la brecha abierta a favor de los jueces a partir del aumento que exclusivamente recibi\u00f3 ese sector en diciembre de 2014.<\/p>\n<p>El secretario General de la AJB, Hugo Blasco, expres\u00f3 que \u201ccientos de compa\u00f1eros y compa\u00f1eras a lo largo y ancho de la provincia participaron democr\u00e1ticamente en la decisi\u00f3n que tomamos hoy, dando cierre a un conflicto en el que logramos avanzar en reivindicaciones important\u00edsimas, tales como la unificaci\u00f3n progresiva del pago de antig\u00fcedad al 3%, la eliminaci\u00f3n del \u00faltimo cargo y el 1% para los Jefes de Despacho y Peritos I\u201d.<\/p>\n<p>Por su parte, Pablo Abramovich, \u00a0secretario adjunto del gremio judicial, remarc\u00f3 que \u201cen la resoluci\u00f3n de hoy los trabajadores judiciales volvimos a dejar en claro que no \u00edbamos a tolerar el mamarracho de diciembre, cuando s\u00f3lo un sector del Poder Judicial recibi\u00f3 aumento salarial. Especialmente cuando ese sector es el que tiene mayores privilegios en todo el Estado provincial\u201d.<\/p>\n<p>A primeras horas de la tarde, la AJB envi\u00f3 al Ministerio de Econom\u00eda una comunicaci\u00f3n informando la aceptaci\u00f3n condicionada de la propuesta, a los fines de acelerar el proceso de liquidaci\u00f3n del aumento salarial.<\/p>\n<p>&nbsp;<\/p>\n<p>&nbsp;<\/p>\n<p>&nbsp;<\/p>\n","protected":false},"excerpt":{"rendered":"<p>Las asambleas de la AJB aceptaron la \u00faltima propuesta salarial del Poder Ejecutivo, bajo la condici\u00f3n de que se mantenga &#8230; <a title=\"AJB acept\u00f3 propuesta salarial y se normaliza actividad de judiciales\" class=\"read-more\" href=\"https:\/\/www.hoymercedes.com.ar\/principal\/2015\/03\/30\/ajb-acepto-propuesta-salarial-y-se-normaliza-actividad-de-judiciales\/\" aria-label=\"Leer m\u00e1s sobre AJB acept\u00f3 propuesta salarial y se normaliza actividad de judiciales\">Leer m\u00e1s<\/a><\/p>\n","protected":false},"author":1,"featured_media":0,"comment_status":"open","ping_status":"open","sticky":false,"template":"","format":"standard","meta":{"_monsterinsights_skip_tracking":false,"_monsterinsights_sitenote_active":false,"_monsterinsights_sitenote_note":"","_monsterinsights_sitenote_category":0,"jetpack_post_was_ever_published":false,"_jetpack_newsletter_access":"","_jetpack_dont_email_post_to_subs":false,"_jetpack_newsletter_tier_id":0,"_jetpack_memberships_contains_paywalled_content":false,"_jetpack_memberships_contains_paid_content":false,"footnotes":"","jetpack_publicize_message":"","jetpack_publicize_feature_enabled":true,"jetpack_social_post_already_shared":true,"jetpack_social_options":{"image_generator_settings":{"template":"highway","default_image_id":0,"font":"","enabled":false},"version":2},"_wpas_customize_per_network":false},"categories":[8],"tags":[95,523,7112],"class_list":["post-40439","post","type-post","status-publish","format-standard","hentry","category-sociedad","tag-ajb","tag-judiciales","tag-judiciales-aceptan-propuesta-salarial","generate-columns","tablet-grid-50","mobile-grid-100","grid-parent","grid-50"],"jetpack_publicize_connections":[],"jetpack_featured_media_url":"","wps_subtitle":"Con Asambleas Provinciales","jetpack_sharing_enabled":true,"_links":{"self":[{"href":"https:\/\/www.hoymercedes.com.ar\/principal\/wp-json\/wp\/v2\/posts\/40439","targetHints":{"allow":["GET"]}}],"collection":[{"href":"https:\/\/www.hoymercedes.com.ar\/principal\/wp-json\/wp\/v2\/posts"}],"about":[{"href":"https:\/\/www.hoymercedes.com.ar\/principal\/wp-json\/wp\/v2\/types\/post"}],"author":[{"embeddable":true,"href":"https:\/\/www.hoymercedes.com.ar\/principal\/wp-json\/wp\/v2\/users\/1"}],"replies":[{"embeddable":true,"href":"https:\/\/www.hoymercedes.com.ar\/principal\/wp-json\/wp\/v2\/comments?post=40439"}],"version-history":[{"count":0,"href":"https:\/\/www.hoymercedes.com.ar\/principal\/wp-json\/wp\/v2\/posts\/40439\/revisions"}],"wp:attachment":[{"href":"https:\/\/www.hoymercedes.com.ar\/principal\/wp-json\/wp\/v2\/media?parent=40439"}],"wp:term":[{"taxonomy":"category","embeddable":true,"href":"https:\/\/www.hoymercedes.com.ar\/principal\/wp-json\/wp\/v2\/categories?post=40439"},{"taxonomy":"post_tag","embeddable":true,"href":"https:\/\/www.hoymercedes.com.ar\/principal\/wp-json\/wp\/v2\/tags?post=40439"}],"curies":[{"name":"wp","href":"https:\/\/api.w.org\/{rel}","templated":true}]}}