{"id":40450,"date":"2015-03-30T09:07:22","date_gmt":"2015-03-30T12:07:22","guid":{"rendered":"http:\/\/www.hoymercedes.com.ar\/principal\/?p=40450"},"modified":"2015-03-30T09:07:22","modified_gmt":"2015-03-30T12:07:22","slug":"castelucci-presenta-proyecto-para-prohibir-radicacion-de-bingos-y-salas-de-juego","status":"publish","type":"post","link":"https:\/\/www.hoymercedes.com.ar\/principal\/2015\/03\/30\/castelucci-presenta-proyecto-para-prohibir-radicacion-de-bingos-y-salas-de-juego\/","title":{"rendered":"Castelucci presenta proyecto para prohibir radicaci\u00f3n de Bingos y Salas de Juego"},"content":{"rendered":"<p><a href=\"https:\/\/www.hoymercedes.com.ar\/principal\/wp-content\/uploads\/2015\/03\/MarianoCastelucci.jpg\"><img loading=\"lazy\" decoding=\"async\" data-attachment-id=\"40452\" data-permalink=\"https:\/\/www.hoymercedes.com.ar\/principal\/2015\/03\/30\/castelucci-presenta-proyecto-para-prohibir-radicacion-de-bingos-y-salas-de-juego\/marianocastelucci-4\/#main\" data-orig-file=\"https:\/\/www.hoymercedes.com.ar\/principal\/wp-content\/uploads\/2015\/03\/MarianoCastelucci.jpg\" data-orig-size=\"620,620\" data-comments-opened=\"1\" data-image-meta=\"{&quot;aperture&quot;:&quot;0&quot;,&quot;credit&quot;:&quot;&quot;,&quot;camera&quot;:&quot;&quot;,&quot;caption&quot;:&quot;&quot;,&quot;created_timestamp&quot;:&quot;0&quot;,&quot;copyright&quot;:&quot;&quot;,&quot;focal_length&quot;:&quot;0&quot;,&quot;iso&quot;:&quot;0&quot;,&quot;shutter_speed&quot;:&quot;0&quot;,&quot;title&quot;:&quot;&quot;,&quot;orientation&quot;:&quot;0&quot;}\" data-image-title=\"MarianoCastelucci\" data-image-description=\"\" data-image-caption=\"\" data-large-file=\"https:\/\/www.hoymercedes.com.ar\/principal\/wp-content\/uploads\/2015\/03\/MarianoCastelucci.jpg\" class=\"Img2014 aligncenter wp-image-40452 size-full\" title=\"Mariano Castelucci\" src=\"https:\/\/www.hoymercedes.com.ar\/principal\/wp-content\/uploads\/2015\/03\/MarianoCastelucci.jpg\" alt=\"MarianoCastelucci\" width=\"620\" height=\"620\" srcset=\"https:\/\/www.hoymercedes.com.ar\/principal\/wp-content\/uploads\/2015\/03\/MarianoCastelucci.jpg 620w, https:\/\/www.hoymercedes.com.ar\/principal\/wp-content\/uploads\/2015\/03\/MarianoCastelucci-150x150.jpg 150w, https:\/\/www.hoymercedes.com.ar\/principal\/wp-content\/uploads\/2015\/03\/MarianoCastelucci-50x50.jpg 50w\" sizes=\"auto, (max-width: 620px) 100vw, 620px\" \/><\/a><\/p>\n<p><strong><em>El pasado mi\u00e9rcoles, Mariano Castelucci present\u00f3 ante el Concejo Deliberante un nuevo proyecto de ordenanza donde solicita la prohibici\u00f3n de \u201cotorgamiento de factibilidad, permiso de instalaci\u00f3n y\/o habilitaci\u00f3n en el Partido de Mercedes de casinos, salas de juego de azar denominados Loter\u00eda Familiar; Loter\u00eda Familiar Gigante o Bingos y de las m\u00e1quinas electr\u00f3nicas de juego de azar automatizadas, sean estos aparatos el\u00e9ctricos, electr\u00f3nicos o electromec\u00e1nicos, que constituyen juegos de azar\u201d, seg\u00fan lo desarrolla en el art\u00edculo 1.<\/em><\/strong><\/p>\n<p><span lang=\"ES\">Castelucci busca concientizar e instalar en el debate legislativo acerca de las consecuencias y cambios que el juego ha generado en la vida de los vecinos de la ciudad de Luj\u00e1n y Chivilcoy. \u201c<\/span>La adicci\u00f3n patol\u00f3gica a los juegos de azar y las apuestas se conoce como ludopat\u00eda. Consiste en un deseo irreprimible de jugar, pese a\u00a0\u00a0que es consciente de su continuo endeudamiento\u201d explica el escribano y l\u00edder de la agrupaci\u00f3n Arturo Jauretche, quien agrega: \u00a0\u201cN<span lang=\"ES\">o se debe de confundir la ludopat\u00eda con un vicio, sino que es una grave enfermedad cr\u00f3nica, una adicci\u00f3n que<\/span> puede derivar en otros trastornos, como ansiedad, depresi\u00f3n o hasta problemas card\u00edacos generados por\u00a0el estr\u00e9s. Realmente, no deseo ese futuro para los mercedinos\u201d.<\/p>\n<p>Castelucci espera que el cuerpo de concejales apruebe el proyecto, cuyo inter\u00e9s econ\u00f3mico es\u00a0<span lang=\"ES\">preservar el comercio, ya que estos entretenimientos retiran del c\u00edrculo virtuoso de la econom\u00eda local miles y miles de pesos<\/span>.<\/p>\n<p>&nbsp;<\/p>\n<p>&nbsp;<\/p>\n<p>&nbsp;<\/p>\n","protected":false},"excerpt":{"rendered":"<p>El pasado mi\u00e9rcoles, Mariano Castelucci present\u00f3 ante el Concejo Deliberante un nuevo proyecto de ordenanza donde solicita la prohibici\u00f3n de &#8230; <a title=\"Castelucci presenta proyecto para prohibir radicaci\u00f3n de Bingos y Salas de Juego\" class=\"read-more\" href=\"https:\/\/www.hoymercedes.com.ar\/principal\/2015\/03\/30\/castelucci-presenta-proyecto-para-prohibir-radicacion-de-bingos-y-salas-de-juego\/\" aria-label=\"Leer m\u00e1s sobre Castelucci presenta proyecto para prohibir radicaci\u00f3n de Bingos y Salas de Juego\">Leer m\u00e1s<\/a><\/p>\n","protected":false},"author":1,"featured_media":0,"comment_status":"open","ping_status":"open","sticky":false,"template":"","format":"standard","meta":{"_monsterinsights_skip_tracking":false,"_monsterinsights_sitenote_active":false,"_monsterinsights_sitenote_note":"","_monsterinsights_sitenote_category":0,"jetpack_post_was_ever_published":false,"_jetpack_newsletter_access":"","_jetpack_dont_email_post_to_subs":false,"_jetpack_newsletter_tier_id":0,"_jetpack_memberships_contains_paywalled_content":false,"_jetpack_memberships_contains_paid_content":false,"footnotes":"","jetpack_publicize_message":"","jetpack_publicize_feature_enabled":true,"jetpack_social_post_already_shared":true,"jetpack_social_options":{"image_generator_settings":{"template":"highway","default_image_id":0,"font":"","enabled":false},"version":2},"_wpas_customize_per_network":false},"categories":[5],"tags":[7113,513],"class_list":["post-40450","post","type-post","status-publish","format-standard","hentry","category-politica","tag-bingos-y-salas-de-juego-mercedes","tag-mariano-castelucci","generate-columns","tablet-grid-50","mobile-grid-100","grid-parent","grid-50"],"jetpack_publicize_connections":[],"jetpack_featured_media_url":"","wps_subtitle":"Para todo el partido","jetpack_sharing_enabled":true,"jetpack-related-posts":[{"id":40740,"url":"https:\/\/www.hoymercedes.com.ar\/principal\/2015\/04\/12\/agrupacion-jauretche-ira-al-concejo-a-apoyar-propuesta-de-castelucci\/","url_meta":{"origin":40450,"position":0},"title":"Agrupaci\u00f3n Jauretche ir\u00e1 al Concejo a apoyar propuesta de Castelucci","author":"hoymercedes","date":"12 abril, 2015","format":false,"excerpt":"\"El martes estaremos presentes en el Concejo Deliberante\", afirma Juan mart\u00edn Giachino Ch\u00e1vez integrante de la Agrupaci\u00f3n Arturo Jauretche,\u00a0 para tratar el proyecto de ordenanza que env\u00edo Mariano Castelucci, donde solicita la \"prohibici\u00f3n otorgamiento de factibilidad, permiso de instalaci\u00f3n y\/o habilitaci\u00f3n en el partido de Mercedes, de casinos, salas de\u2026","rel":"","context":"En \u00abPol\u00edtica\u00bb","block_context":{"text":"Pol\u00edtica","link":"https:\/\/www.hoymercedes.com.ar\/principal\/category\/politica\/"},"img":{"alt_text":"","src":"https:\/\/i0.wp.com\/www.hoymercedes.com.ar\/principal\/wp-content\/uploads\/2015\/04\/castelucci-chavez.jpg?resize=350%2C200&ssl=1","width":350,"height":200,"srcset":"https:\/\/i0.wp.com\/www.hoymercedes.com.ar\/principal\/wp-content\/uploads\/2015\/04\/castelucci-chavez.jpg?resize=350%2C200&ssl=1 1x, https:\/\/i0.wp.com\/www.hoymercedes.com.ar\/principal\/wp-content\/uploads\/2015\/04\/castelucci-chavez.jpg?resize=525%2C300&ssl=1 1.5x"},"classes":[]},{"id":35012,"url":"https:\/\/www.hoymercedes.com.ar\/principal\/2014\/08\/10\/castelucci-en-barrio-rosedal-celebro-junto-a-las-familias-dia-del-nino\/","url_meta":{"origin":40450,"position":1},"title":"Castelucci en Barrio Rosedal celebr\u00f3 junto a las familias D\u00eda del Ni\u00f1o","author":"hoymercedes","date":"10 agosto, 2014","format":false,"excerpt":"En plaza de 24 y 117 tambi\u00e9n celebraron el d\u00eda del ni\u00f1o. Mariano Castelucci estuvo presente y fue parte del encuentro familiar que se propuso para todos los chicos de la zona. El encuentro fue \u00e9sta s\u00e1bado en el barrio El Rosedal organizado por la Sociedad de Fomento. Desde la\u2026","rel":"","context":"En \u00abPol\u00edtica\u00bb","block_context":{"text":"Pol\u00edtica","link":"https:\/\/www.hoymercedes.com.ar\/principal\/category\/politica\/"},"img":{"alt_text":"Castelucci-Rosedal-DiaNi\u00f1o-I","src":"https:\/\/i0.wp.com\/www.hoymercedes.com.ar\/principal\/wp-content\/uploads\/2014\/08\/Castelucci-Rosedal-DiaNi%C3%B1o-I.jpg?resize=350%2C200","width":350,"height":200,"srcset":"https:\/\/i0.wp.com\/www.hoymercedes.com.ar\/principal\/wp-content\/uploads\/2014\/08\/Castelucci-Rosedal-DiaNi%C3%B1o-I.jpg?resize=350%2C200 1x, https:\/\/i0.wp.com\/www.hoymercedes.com.ar\/principal\/wp-content\/uploads\/2014\/08\/Castelucci-Rosedal-DiaNi%C3%B1o-I.jpg?resize=525%2C300 1.5x"},"classes":[]},{"id":38572,"url":"https:\/\/www.hoymercedes.com.ar\/principal\/2014\/12\/19\/felipe-sola-junto-a-mariano-castelucci-recorreran-el-centro-de-mercedes\/","url_meta":{"origin":40450,"position":2},"title":"Felipe Sol\u00e1 junto a Mariano Castelucci recorrer\u00e1n el centro de Mercedes","author":"hoymercedes","date":"19 diciembre, 2014","format":false,"excerpt":"Felipe Sol\u00e1, ex gobernador de la Provincia de Buenos Aires y actual integrante del Frente Renovador, donde se sostiene es uno de los pre candidatos de dicha fuerza para retomar la conducci\u00f3n provincial estar\u00e1 \u00e9ste s\u00e1bado en Mercedes y ser\u00e1 en un encuentro junto a Mariano Castelucci, de la Agrupaci\u00f3n\u2026","rel":"","context":"En \u00abPol\u00edtica\u00bb","block_context":{"text":"Pol\u00edtica","link":"https:\/\/www.hoymercedes.com.ar\/principal\/category\/politica\/"},"img":{"alt_text":"Felipe Sol\u00e1 Frente Renovador en Mercedes ","src":"https:\/\/i0.wp.com\/www.hoymercedes.com.ar\/principal\/wp-content\/uploads\/2014\/12\/felipe-sol%C3%A1.jpg?resize=350%2C200","width":350,"height":200,"srcset":"https:\/\/i0.wp.com\/www.hoymercedes.com.ar\/principal\/wp-content\/uploads\/2014\/12\/felipe-sol%C3%A1.jpg?resize=350%2C200 1x, https:\/\/i0.wp.com\/www.hoymercedes.com.ar\/principal\/wp-content\/uploads\/2014\/12\/felipe-sol%C3%A1.jpg?resize=525%2C300 1.5x"},"classes":[]},{"id":38612,"url":"https:\/\/www.hoymercedes.com.ar\/principal\/2014\/12\/21\/felipe-sola-junto-a-mariano-castelucci-brego-por-una-renovacion-tambien-en-mercedes\/","url_meta":{"origin":40450,"position":3},"title":"Felipe Sol\u00e1 junto a Mariano Castelucci breg\u00f3 por una \u201crenovaci\u00f3n\u201d tambi\u00e9n en Mercedes","author":"hoymercedes","date":"21 diciembre, 2014","format":false,"excerpt":"El pre candidato a gobernador Felipe Sol\u00e1, que integra el Frente Renovador, visit\u00f3 nuevamente Mercedes y lo hizo de la mano de Mariano Castelucci. Por cuestiones clim\u00e1ticas no pudieron hacer la recorrida planificada, pero, si atendi\u00f3 a la prensa. Tuvo definiciones fuertes, como afirmar que posiblemente Mercedes necesite una renovaci\u00f3n\u2026","rel":"","context":"En \u00abPol\u00edtica\u00bb","block_context":{"text":"Pol\u00edtica","link":"https:\/\/www.hoymercedes.com.ar\/principal\/category\/politica\/"},"img":{"alt_text":"felipesola-marianocastelucci","src":"https:\/\/i0.wp.com\/www.hoymercedes.com.ar\/principal\/wp-content\/uploads\/2014\/12\/felipesola-marianocastelucci.jpg?resize=350%2C200","width":350,"height":200,"srcset":"https:\/\/i0.wp.com\/www.hoymercedes.com.ar\/principal\/wp-content\/uploads\/2014\/12\/felipesola-marianocastelucci.jpg?resize=350%2C200 1x, https:\/\/i0.wp.com\/www.hoymercedes.com.ar\/principal\/wp-content\/uploads\/2014\/12\/felipesola-marianocastelucci.jpg?resize=525%2C300 1.5x"},"classes":[]},{"id":30640,"url":"https:\/\/www.hoymercedes.com.ar\/principal\/2014\/03\/09\/castelucci-cerro-jornada-reflexiva-en-dia-internacional-de-la-mujer\/","url_meta":{"origin":40450,"position":4},"title":"Castelucci cerr\u00f3 jornada reflexiva en D\u00eda Internacional de la Mujer","author":"hoymercedes","date":"9 marzo, 2014","format":false,"excerpt":"El pasado s\u00e1bado 8 de marzo, la agrupaci\u00f3n \"Arturo Jauretche\" Mercedes organiz\u00f3 un festejo diferente en el d\u00eda Internacional de la mujer. El evento se desarrollo en el sal\u00f3n ubicado en calle 24 entre 3 y 5. Mariano Castelucci fue parte de la actividad y cerr\u00f3 el encuentro.\u00a0 Con importante\u2026","rel":"","context":"En \u00abPol\u00edtica\u00bb","block_context":{"text":"Pol\u00edtica","link":"https:\/\/www.hoymercedes.com.ar\/principal\/category\/politica\/"},"img":{"alt_text":"Castelucci-LaJaureche-DiadelaMujer-I","src":"https:\/\/i0.wp.com\/www.hoymercedes.com.ar\/principal\/wp-content\/uploads\/2014\/03\/Castelucci-LaJaureche-DiadelaMujer-I.jpg?resize=350%2C200","width":350,"height":200,"srcset":"https:\/\/i0.wp.com\/www.hoymercedes.com.ar\/principal\/wp-content\/uploads\/2014\/03\/Castelucci-LaJaureche-DiadelaMujer-I.jpg?resize=350%2C200 1x, https:\/\/i0.wp.com\/www.hoymercedes.com.ar\/principal\/wp-content\/uploads\/2014\/03\/Castelucci-LaJaureche-DiadelaMujer-I.jpg?resize=525%2C300 1.5x"},"classes":[]},{"id":34671,"url":"https:\/\/www.hoymercedes.com.ar\/principal\/2014\/07\/27\/castelucci-hay-que-mantener-vigentes-los-valores-de-eva-duarte\/","url_meta":{"origin":40450,"position":5},"title":"Castelucci: &quot;hay que mantener vigentes los valores de Eva Duarte","author":"HoyMercedes","date":"27 julio, 2014","format":false,"excerpt":"El pasado 26 de Julio, en el bufet ubicado en el campo de deportes del club mercedes, el l\u00edder de la Agrupaci\u00f3n Arturo Jauretche, Mariano Castelucci, comparti\u00f3 junto a su equipo de trabajo una cena incentivando a la reflexi\u00f3n. Buscando mantener presente en nuestra sociedad la importancia del trabajo y\u2026","rel":"","context":"En \u00abPol\u00edtica\u00bb","block_context":{"text":"Pol\u00edtica","link":"https:\/\/www.hoymercedes.com.ar\/principal\/category\/politica\/"},"img":{"alt_text":"Castelucci-agrupaci\u00f3n.I","src":"https:\/\/i0.wp.com\/www.hoymercedes.com.ar.ar\/noticias\/wp-content\/uploads\/2014\/07\/Castelucci-agrupaci%C3%B3n.I1.jpg?resize=350%2C200","width":350,"height":200,"srcset":"https:\/\/i0.wp.com\/www.hoymercedes.com.ar.ar\/noticias\/wp-content\/uploads\/2014\/07\/Castelucci-agrupaci%C3%B3n.I1.jpg?resize=350%2C200 1x, https:\/\/i0.wp.com\/www.hoymercedes.com.ar.ar\/noticias\/wp-content\/uploads\/2014\/07\/Castelucci-agrupaci%C3%B3n.I1.jpg?resize=525%2C300 1.5x"},"classes":[]}],"_links":{"self":[{"href":"https:\/\/www.hoymercedes.com.ar\/principal\/wp-json\/wp\/v2\/posts\/40450","targetHints":{"allow":["GET"]}}],"collection":[{"href":"https:\/\/www.hoymercedes.com.ar\/principal\/wp-json\/wp\/v2\/posts"}],"about":[{"href":"https:\/\/www.hoymercedes.com.ar\/principal\/wp-json\/wp\/v2\/types\/post"}],"author":[{"embeddable":true,"href":"https:\/\/www.hoymercedes.com.ar\/principal\/wp-json\/wp\/v2\/users\/1"}],"replies":[{"embeddable":true,"href":"https:\/\/www.hoymercedes.com.ar\/principal\/wp-json\/wp\/v2\/comments?post=40450"}],"version-history":[{"count":0,"href":"https:\/\/www.hoymercedes.com.ar\/principal\/wp-json\/wp\/v2\/posts\/40450\/revisions"}],"wp:attachment":[{"href":"https:\/\/www.hoymercedes.com.ar\/principal\/wp-json\/wp\/v2\/media?parent=40450"}],"wp:term":[{"taxonomy":"category","embeddable":true,"href":"https:\/\/www.hoymercedes.com.ar\/principal\/wp-json\/wp\/v2\/categories?post=40450"},{"taxonomy":"post_tag","embeddable":true,"href":"https:\/\/www.hoymercedes.com.ar\/principal\/wp-json\/wp\/v2\/tags?post=40450"}],"curies":[{"name":"wp","href":"https:\/\/api.w.org\/{rel}","templated":true}]}}